{"id":99807,"date":"2026-01-28T13:56:35","date_gmt":"2026-01-28T20:56:35","guid":{"rendered":"https:\/\/www.interaccionnoticias.com.mx\/?p=99807"},"modified":"2026-01-28T13:56:37","modified_gmt":"2026-01-28T20:56:37","slug":"refuerzos-federales-en-chilpancingo-se-ajustan-a-la-situacion-de-seguridad","status":"publish","type":"post","link":"https:\/\/www.interaccionnoticias.com.mx\/?p=99807","title":{"rendered":"Refuerzos federales en Chilpancingo se ajustan a la situaci\u00f3n de seguridad"},"content":{"rendered":"\n<p><strong><em>La presidenta Claudia Sheinbaum afirm\u00f3 que la presencia de fuerzas federales en Chilpancingo depende de las condiciones de seguridad<\/em><\/strong><\/p>\n\n\n\n<p><strong>Interacci\u00f3n Noticias<\/strong><\/p>\n\n\n\n<p>La presidenta de M\u00e9xico, Claudia Sheinbaum Pardo, afirm\u00f3 que el apoyo de fuerzas federales en Chilpancingo puede solicitarse de manera directa cuando as\u00ed lo requieran las condiciones de seguridad en la capital de Guerrero.<\/p>\n\n\n\n<p>Durante la conferencia matutina conocida como la Ma\u00f1anera del Pueblo, realizada el mi\u00e9rcoles 28 de enero, la mandataria fue cuestionada sobre la posible salida de la Guardia Nacional tras concluir la Feria de Navidad y el Paseo del Pend\u00f3n.<\/p>\n\n\n\n<p>En su respuesta, Sheinbaum se\u00f1al\u00f3 que el despliegue de fuerzas federales se refuerza durante eventos de alta concentraci\u00f3n, como ocurre en temporadas festivas, y posteriormente se ajusta de acuerdo con la situaci\u00f3n que prevalece en cada municipio.<\/p>\n\n\n\n<p>Al hablar del contexto estatal, destac\u00f3 que Guerrero ha registrado una disminuci\u00f3n importante en los homicidios dolosos y en otros delitos de alto impacto, resultado \u2014dijo\u2014 de la coordinaci\u00f3n entre el gobierno federal, el gobierno estatal y los ayuntamientos.<\/p>\n\n\n\n<p>La presidenta detall\u00f3 que al inicio de su administraci\u00f3n el estado lleg\u00f3 a reportar un promedio de 6.5 homicidios diarios, cifra que se redujo a 2.32 al cierre de diciembre, lo que atribuy\u00f3 al trabajo del gabinete de seguridad y a la presencia de la Guardia Nacional.<\/p>\n\n\n\n<p>Sobre el caso espec\u00edfico de Chilpancingo, explic\u00f3 que el presidente municipal puede solicitar apoyo federal de forma directa, ya sea a trav\u00e9s de la gobernadora del estado, del mando regional de la Guardia Nacional o del titular de la Secretar\u00eda de Seguridad y Protecci\u00f3n Ciudadana.<\/p>\n","protected":false},"excerpt":{"rendered":"<p>La presidenta Claudia Sheinbaum afirm\u00f3 que la presencia de fuerzas federales en Chilpancingo depende de las condiciones de seguridad Interacci\u00f3n Noticias La presidenta de M\u00e9xico, Claudia Sheinbaum Pardo, afirm\u00f3 que&hellip; <\/p>\n","protected":false},"author":19,"featured_media":99810,"comment_status":"open","ping_status":"open","sticky":false,"template":"","format":"standard","meta":{"fifu_image_url":"https:\/\/www.interaccionnoticias.com.mx\/wp-content\/uploads\/2026\/01\/260128-Claudia-Sheinbaum-Pardo.jpg","fifu_image_alt":"","footnotes":""},"categories":[11],"tags":[],"class_list":["post-99807","post","type-post","status-publish","format-standard","has-post-thumbnail","hentry","category-guerrero"],"_links":{"self":[{"href":"https:\/\/www.interaccionnoticias.com.mx\/index.php?rest_route=\/wp\/v2\/posts\/99807","targetHints":{"allow":["GET"]}}],"collection":[{"href":"https:\/\/www.interaccionnoticias.com.mx\/index.php?rest_route=\/wp\/v2\/posts"}],"about":[{"href":"https:\/\/www.interaccionnoticias.com.mx\/index.php?rest_route=\/wp\/v2\/types\/post"}],"author":[{"embeddable":true,"href":"https:\/\/www.interaccionnoticias.com.mx\/index.php?rest_route=\/wp\/v2\/users\/19"}],"replies":[{"embeddable":true,"href":"https:\/\/www.interaccionnoticias.com.mx\/index.php?rest_route=%2Fwp%2Fv2%2Fcomments&post=99807"}],"version-history":[{"count":1,"href":"https:\/\/www.interaccionnoticias.com.mx\/index.php?rest_route=\/wp\/v2\/posts\/99807\/revisions"}],"predecessor-version":[{"id":99809,"href":"https:\/\/www.interaccionnoticias.com.mx\/index.php?rest_route=\/wp\/v2\/posts\/99807\/revisions\/99809"}],"wp:featuredmedia":[{"embeddable":true,"href":"https:\/\/www.interaccionnoticias.com.mx\/index.php?rest_route=\/wp\/v2\/media\/99810"}],"wp:attachment":[{"href":"https:\/\/www.interaccionnoticias.com.mx\/index.php?rest_route=%2Fwp%2Fv2%2Fmedia&parent=99807"}],"wp:term":[{"taxonomy":"category","embeddable":true,"href":"https:\/\/www.interaccionnoticias.com.mx\/index.php?rest_route=%2Fwp%2Fv2%2Fcategories&post=99807"},{"taxonomy":"post_tag","embeddable":true,"href":"https:\/\/www.interaccionnoticias.com.mx\/index.php?rest_route=%2Fwp%2Fv2%2Ftags&post=99807"}],"curies":[{"name":"wp","href":"https:\/\/api.w.org\/{rel}","templated":true}]}}