{"id":99761,"date":"2026-01-27T13:40:08","date_gmt":"2026-01-27T20:40:08","guid":{"rendered":"https:\/\/www.interaccionnoticias.com.mx\/?p=99761"},"modified":"2026-01-27T13:40:11","modified_gmt":"2026-01-27T20:40:11","slug":"dirigencia-del-suspeg-rechaza-intento-de-desconocimiento-de-las-elecciones","status":"publish","type":"post","link":"https:\/\/www.interaccionnoticias.com.mx\/?p=99761","title":{"rendered":"Dirigencia del SUSPEG rechaza intento de desconocimiento de las elecciones"},"content":{"rendered":"\n<p><strong><em>&#8212; Vel\u00e1zquez Pat sostiene que el resultado del 28 de noviembre fue leg\u00edtimo y cuenta con reconocimiento legal<\/em><\/strong><\/p>\n\n\n\n<p><strong>Interacci\u00f3n Noticias<\/strong><\/p>\n\n\n\n<p>La dirigencia del Sindicato \u00danico de Servidores P\u00fablicos del Estado de Guerrero (SUSPEG) reiter\u00f3 que el proceso electoral interno realizado el 28 de noviembre de 2025 fue leg\u00edtimo y reflej\u00f3 la voluntad de la mayor\u00eda de las y los trabajadores sindicalizados.<\/p>\n\n\n\n<p>La ma\u00f1ana de este martes en un comunicado, se se\u00f1al\u00f3 que la elecci\u00f3n se llev\u00f3 a cabo mediante voto libre y directo, por lo que el resultado no puede ser modificado ni desconocido por intereses ajenos a la base sindical.<\/p>\n\n\n\n<p>El secretario general electo, Javier del Carmen Vel\u00e1zquez Pat, afirm\u00f3 que su nombramiento cuenta con el aval del Tribunal de Conciliaci\u00f3n y Arbitraje del Estado, lo que le otorga sustento legal para ejercer el cargo y representar al gremio.<\/p>\n\n\n\n<p>Explic\u00f3 que, adem\u00e1s del reconocimiento institucional, existe una responsabilidad moral de defender la democracia interna, la autonom\u00eda sindical y los principios que han marcado la historia del SUSPEG.<\/p>\n\n\n\n<p>En ese contexto, acus\u00f3 a grupos opositores de intentar desinformar a los agremiados al difundir versiones sobre una presunta revocaci\u00f3n de la toma de nota, as\u00ed como de usar una medida cautelar que es provisional y no anula derechos ni invalida la elecci\u00f3n.<\/p>\n\n\n\n<p>Finalmente, sostuvo que el Comit\u00e9 Central Ejecutivo contin\u00faa operando con normalidad y mantiene el respaldo mayoritario de la base trabajadora.<\/p>\n\n\n\n<figure class=\"wp-block-gallery has-nested-images columns-default is-cropped wp-block-gallery-1 is-layout-flex wp-block-gallery-is-layout-flex\">\n<figure class=\"wp-block-image size-large\"><img decoding=\"async\" src=\"data:image\/gif;base64,R0lGODlhAQABAIAAAAAAAP\/\/\/ywAAAAAAQABAAACAUwAOw==\" fifu-lazy=\"1\" fifu-data-sizes=\"auto\" fifu-data-srcset=\"https:\/\/i3.wp.com\/www.interaccionnoticias.com.mx\/wp-content\/uploads\/2026\/01\/260127-SUSPEG-PAT-3-copia-1024x683.jpg?ssl=1&w=75&resize=75&ssl=1 75w, https:\/\/i3.wp.com\/www.interaccionnoticias.com.mx\/wp-content\/uploads\/2026\/01\/260127-SUSPEG-PAT-3-copia-1024x683.jpg?ssl=1&w=100&resize=100&ssl=1 100w, https:\/\/i3.wp.com\/www.interaccionnoticias.com.mx\/wp-content\/uploads\/2026\/01\/260127-SUSPEG-PAT-3-copia-1024x683.jpg?ssl=1&w=150&resize=150&ssl=1 150w, https:\/\/i3.wp.com\/www.interaccionnoticias.com.mx\/wp-content\/uploads\/2026\/01\/260127-SUSPEG-PAT-3-copia-1024x683.jpg?ssl=1&w=240&resize=240&ssl=1 240w, https:\/\/i3.wp.com\/www.interaccionnoticias.com.mx\/wp-content\/uploads\/2026\/01\/260127-SUSPEG-PAT-3-copia-1024x683.jpg?ssl=1&w=320&resize=320&ssl=1 320w, https:\/\/i3.wp.com\/www.interaccionnoticias.com.mx\/wp-content\/uploads\/2026\/01\/260127-SUSPEG-PAT-3-copia-1024x683.jpg?ssl=1&w=500&resize=500&ssl=1 500w, https:\/\/i3.wp.com\/www.interaccionnoticias.com.mx\/wp-content\/uploads\/2026\/01\/260127-SUSPEG-PAT-3-copia-1024x683.jpg?ssl=1&w=640&resize=640&ssl=1 640w, https:\/\/i3.wp.com\/www.interaccionnoticias.com.mx\/wp-content\/uploads\/2026\/01\/260127-SUSPEG-PAT-3-copia-1024x683.jpg?ssl=1&w=800&resize=800&ssl=1 800w, https:\/\/i3.wp.com\/www.interaccionnoticias.com.mx\/wp-content\/uploads\/2026\/01\/260127-SUSPEG-PAT-3-copia-1024x683.jpg?ssl=1&w=1024&resize=1024&ssl=1 1024w, https:\/\/i3.wp.com\/www.interaccionnoticias.com.mx\/wp-content\/uploads\/2026\/01\/260127-SUSPEG-PAT-3-copia-1024x683.jpg?ssl=1&w=1280&resize=1280&ssl=1 1280w, https:\/\/i3.wp.com\/www.interaccionnoticias.com.mx\/wp-content\/uploads\/2026\/01\/260127-SUSPEG-PAT-3-copia-1024x683.jpg?ssl=1&w=1600&resize=1600&ssl=1 1600w\" data-id=\"99762\" fifu-data-src=\"https:\/\/i3.wp.com\/www.interaccionnoticias.com.mx\/wp-content\/uploads\/2026\/01\/260127-SUSPEG-PAT-3-copia-1024x683.jpg?ssl=1\" alt=\"\" class=\"wp-image-99762\"\/><\/figure>\n<\/figure>\n","protected":false},"excerpt":{"rendered":"<p>&#8212; Vel\u00e1zquez Pat sostiene que el resultado del 28 de noviembre fue leg\u00edtimo y cuenta con reconocimiento legal Interacci\u00f3n Noticias La dirigencia del Sindicato \u00danico de Servidores P\u00fablicos del Estado&hellip; <\/p>\n","protected":false},"author":19,"featured_media":99765,"comment_status":"open","ping_status":"open","sticky":false,"template":"","format":"standard","meta":{"fifu_image_url":"https:\/\/www.interaccionnoticias.com.mx\/wp-content\/uploads\/2026\/01\/260127-SUSPEG-PAT-1.jpg","fifu_image_alt":"","footnotes":""},"categories":[11],"tags":[],"class_list":["post-99761","post","type-post","status-publish","format-standard","has-post-thumbnail","hentry","category-guerrero"],"_links":{"self":[{"href":"https:\/\/www.interaccionnoticias.com.mx\/index.php?rest_route=\/wp\/v2\/posts\/99761","targetHints":{"allow":["GET"]}}],"collection":[{"href":"https:\/\/www.interaccionnoticias.com.mx\/index.php?rest_route=\/wp\/v2\/posts"}],"about":[{"href":"https:\/\/www.interaccionnoticias.com.mx\/index.php?rest_route=\/wp\/v2\/types\/post"}],"author":[{"embeddable":true,"href":"https:\/\/www.interaccionnoticias.com.mx\/index.php?rest_route=\/wp\/v2\/users\/19"}],"replies":[{"embeddable":true,"href":"https:\/\/www.interaccionnoticias.com.mx\/index.php?rest_route=%2Fwp%2Fv2%2Fcomments&post=99761"}],"version-history":[{"count":1,"href":"https:\/\/www.interaccionnoticias.com.mx\/index.php?rest_route=\/wp\/v2\/posts\/99761\/revisions"}],"predecessor-version":[{"id":99764,"href":"https:\/\/www.interaccionnoticias.com.mx\/index.php?rest_route=\/wp\/v2\/posts\/99761\/revisions\/99764"}],"wp:featuredmedia":[{"embeddable":true,"href":"https:\/\/www.interaccionnoticias.com.mx\/index.php?rest_route=\/wp\/v2\/media\/99765"}],"wp:attachment":[{"href":"https:\/\/www.interaccionnoticias.com.mx\/index.php?rest_route=%2Fwp%2Fv2%2Fmedia&parent=99761"}],"wp:term":[{"taxonomy":"category","embeddable":true,"href":"https:\/\/www.interaccionnoticias.com.mx\/index.php?rest_route=%2Fwp%2Fv2%2Fcategories&post=99761"},{"taxonomy":"post_tag","embeddable":true,"href":"https:\/\/www.interaccionnoticias.com.mx\/index.php?rest_route=%2Fwp%2Fv2%2Ftags&post=99761"}],"curies":[{"name":"wp","href":"https:\/\/api.w.org\/{rel}","templated":true}]}}