{"id":99757,"date":"2026-01-27T13:32:32","date_gmt":"2026-01-27T20:32:32","guid":{"rendered":"https:\/\/www.interaccionnoticias.com.mx\/?p=99757"},"modified":"2026-01-27T13:32:33","modified_gmt":"2026-01-27T20:32:33","slug":"acusan-a-supuesto-operador-presidencial-de-promover-la-division-en-morena-guerrero","status":"publish","type":"post","link":"https:\/\/www.interaccionnoticias.com.mx\/?p=99757","title":{"rendered":"Acusan a supuesto operador presidencial de promover la divisi\u00f3n en MORENA-Guerrero"},"content":{"rendered":"\n<p><strong><em>&#8212; La presidenta del Consejo Estatal, Elsa Valencia pide que se investiguen las acciones de H\u00e9ctor Ulises Garc\u00eda Nieto<br>&#8212; Lo acusa de tratar a Guerrero como un feudo, al decidir quien puede y no aspirar a candidaturas<br>&#8212; Reprocha que acerque a MORENA a figuras que disputaron la gubernatura y el senado abanderando a partidos antag\u00f3nicos<\/em><\/strong><\/p>\n\n\n\n<p><strong>Rogelio Agust\u00edn<\/strong><\/p>\n\n\n\n<p>La presidenta del Consejo Estatal de MORENA, Elsa Valencia Guzm\u00e1n reproch\u00f3 que el supuesto operador pol\u00edtico de la presidenta Claudia Sheinbaum Pardo, H\u00e9ctor Ulises Garc\u00eda Nieto pretenda tratar al estado de Guerrero \u201ccomo un feudo\u201d y m\u00e1s a\u00fan, decidir quien puede y quien no aspirar a la gubernatura de la entidad.<\/p>\n\n\n\n<p>La presidenta del Consejo Estatal del actual partido en el poder, se refiri\u00f3 a Garc\u00eda Nieto como \u201cun funcionario de la Ciudad de M\u00e9xico, quien se ostenta como operador pol\u00edtico de la presidenta de la Rep\u00fablica, Claudia Sheinbaum Pardo\u201d.<\/p>\n\n\n\n<p>En el primer p\u00e1rrafo de un comunicado emitido este martes 27 de enero, se hace alusi\u00f3n \u201ca una reuni\u00f3n de car\u00e1cter electoral\u201d que se llev\u00f3 a cabo en Chilpancingo el pasado s\u00e1bado 25.<\/p>\n\n\n\n<p>En el tercer p\u00e1rrafo del documento se plantea un reclamo: \u201cResulta inveros\u00edmil que quien no vive en Guerrero ni conoce de fondo su realidad pol\u00edtica y social, pretenda venir a nuestro estado como si se tratara de un feudo, para decirnos quien puede o no representar al movimiento de la Cuarta Transformaci\u00f3n\u201d.<\/p>\n\n\n\n<p>En el texto se plantea la acusaci\u00f3n, en el sentido de pretender \u201cimponer a personajes que en su momento aspiraron a gobernar Guerrero, o a representar al estado desde el Senado abanderados por partidos pol\u00edticos contrarios a los ideales y principios de la Cuarta Transformaci\u00f3n\u201d.<\/p>\n\n\n\n<p>La presidenta del Consejo Estatal sostiene en su documento, que el estado de Guerrero no se construy\u00f3 desde el oportunismo ni el c\u00e1lculo personal, tambi\u00e9n hace \u00e9nfasis en que el movimiento \u201cha costado sangre, sudor y organizaci\u00f3n colectiva\u201d.<\/p>\n\n\n\n<p>Reproch\u00f3 adem\u00e1s, que se pretende hacer correr la versi\u00f3n de que existen conflictos internos al seno del Consejo Estatal de Morena-Guerrero, con la intenci\u00f3n de generar inestabilidad.<\/p>\n\n\n\n<p>El comunicado cierra con un llamado a la jefa de Gobierno de la Ciudad de M\u00e9xico, Clara Brugada Molina para que \u201crevise la actuaci\u00f3n de sus funcionarios en el estado de Guerrero, particularmente del ciudadano H\u00e9ctor Ulises Garc\u00eda Nieto\u201d.<\/p>\n","protected":false},"excerpt":{"rendered":"<p>&#8212; La presidenta del Consejo Estatal, Elsa Valencia pide que se investiguen las acciones de H\u00e9ctor Ulises Garc\u00eda Nieto&#8212; Lo acusa de tratar a Guerrero como un feudo, al decidir&hellip; <\/p>\n","protected":false},"author":21,"featured_media":99760,"comment_status":"open","ping_status":"open","sticky":false,"template":"","format":"standard","meta":{"fifu_image_url":"https:\/\/www.interaccionnoticias.com.mx\/wp-content\/uploads\/2026\/01\/260127-Elsa-Valencia.jpg","fifu_image_alt":"","footnotes":""},"categories":[18],"tags":[],"class_list":["post-99757","post","type-post","status-publish","format-standard","has-post-thumbnail","hentry","category-partidos-politicos"],"_links":{"self":[{"href":"https:\/\/www.interaccionnoticias.com.mx\/index.php?rest_route=\/wp\/v2\/posts\/99757","targetHints":{"allow":["GET"]}}],"collection":[{"href":"https:\/\/www.interaccionnoticias.com.mx\/index.php?rest_route=\/wp\/v2\/posts"}],"about":[{"href":"https:\/\/www.interaccionnoticias.com.mx\/index.php?rest_route=\/wp\/v2\/types\/post"}],"author":[{"embeddable":true,"href":"https:\/\/www.interaccionnoticias.com.mx\/index.php?rest_route=\/wp\/v2\/users\/21"}],"replies":[{"embeddable":true,"href":"https:\/\/www.interaccionnoticias.com.mx\/index.php?rest_route=%2Fwp%2Fv2%2Fcomments&post=99757"}],"version-history":[{"count":1,"href":"https:\/\/www.interaccionnoticias.com.mx\/index.php?rest_route=\/wp\/v2\/posts\/99757\/revisions"}],"predecessor-version":[{"id":99759,"href":"https:\/\/www.interaccionnoticias.com.mx\/index.php?rest_route=\/wp\/v2\/posts\/99757\/revisions\/99759"}],"wp:featuredmedia":[{"embeddable":true,"href":"https:\/\/www.interaccionnoticias.com.mx\/index.php?rest_route=\/wp\/v2\/media\/99760"}],"wp:attachment":[{"href":"https:\/\/www.interaccionnoticias.com.mx\/index.php?rest_route=%2Fwp%2Fv2%2Fmedia&parent=99757"}],"wp:term":[{"taxonomy":"category","embeddable":true,"href":"https:\/\/www.interaccionnoticias.com.mx\/index.php?rest_route=%2Fwp%2Fv2%2Fcategories&post=99757"},{"taxonomy":"post_tag","embeddable":true,"href":"https:\/\/www.interaccionnoticias.com.mx\/index.php?rest_route=%2Fwp%2Fv2%2Ftags&post=99757"}],"curies":[{"name":"wp","href":"https:\/\/api.w.org\/{rel}","templated":true}]}}