{"id":99753,"date":"2026-01-27T12:02:09","date_gmt":"2026-01-27T19:02:09","guid":{"rendered":"https:\/\/www.interaccionnoticias.com.mx\/?p=99753"},"modified":"2026-01-27T12:02:10","modified_gmt":"2026-01-27T19:02:10","slug":"niega-delegado-de-bienestar-en-guerrero-ivan-hernandez-que-busque-la-candidatura-a-gobernador-por-morena","status":"publish","type":"post","link":"https:\/\/www.interaccionnoticias.com.mx\/?p=99753","title":{"rendered":"Niega delegado de Bienestar en Guerrero, Iv\u00e1n Hern\u00e1ndez que busque la candidatura a gobernador por MORENA"},"content":{"rendered":"\n<p><strong><em>&#8212; Dijo estar concentrado en su encargo en la Delegaci\u00f3n de los programas del Bienestar<\/em><\/strong><\/p>\n\n\n\n<p><strong>Rosario Garc\u00eda Orozco<\/strong><\/p>\n\n\n\n<p>El delegado los programas sociales del Bienestar en Guerrero, Iv\u00e1n Hern\u00e1ndez D\u00edaz neg\u00f3 que de momento busque la candidatura a gobernador por MORENA.<\/p>\n\n\n\n<p>\u201cLa aspiraci\u00f3n de su servidor es cumplir con las tareas que nos ha asignado nuestra presidenta Claudia Sheinbaum Pardo y la secretaria del Bienestar, Ariadna Montiel Reyes, y de momento estoy concentrado y estoy convencido de que esa es la manera en que Iv\u00e1n Hern\u00e1ndez contribuye al Movimiento (Morena), que los programas se operen con eficiencia que abarquen todo el estado de Guerrero, en esto est\u00e1 concentrada la atenci\u00f3n de su servidor\u201d.<\/p>\n\n\n\n<p>Cuestionado sobre sus aspiraciones a una candidatura por parte de Morena para la elecci\u00f3n del 2027, el funcionario federal enfatiz\u00f3 que \u201cllegados los momentos, que estoy convencido de que no es el momento ahora, habr\u00e1 condiciones de analizar la posibilidad o no de participar\u201d.<\/p>\n\n\n\n<p>Ante la insistencia de los representantes de los medios de comunicaci\u00f3n en torno a si participar\u00e1 en la pr\u00f3xima elecci\u00f3n, Iv\u00e1n Hern\u00e1ndez expres\u00f3 que no corresponde a los funcionarios definir los tiempos ni las condiciones, sino a los partidos y los \u00f3rganos electorales, \u201cy m\u00e1s adelante, yo creo que en funci\u00f3n de los tiempos y las condiciones se analizar\u00e1 el tema, pero de momento lo m\u00e1s importante es cumplir con las tareas institucionales que tenemos \u201c.<\/p>\n\n\n\n<p>Sobre los grupos que se dicen aliados de Morena, pero que no son militantes de ese partido, como el \u201cConstructores del segundo piso de la 4T\u201d, conformado el fin de semana pasado, solo mencion\u00f3 que es un tema que est\u00e1 en manos de la militancia y de los dirigentes del partido, \u201cyo quiero ser muy respetuoso con las posturas, con las acciones de cada uno de los actores pol\u00edticos\u201d, y consider\u00f3 que \u201ccomo funcionario federal no es prudente participar en ese debate\u201d, y solo agreg\u00f3 que desde su punto de vista debe haber respeto para todos y todas y que \u201cel debate es v\u00e1lido y sirve para que la poblaci\u00f3n contraste opiniones\u201d.<\/p>\n\n\n\n<p>Neg\u00f3 participar en las reuniones a las que han convocado ex priistas y ex perredistas y que ha mantenido una postura respetuosa para no ser parte y me he manten\u00eda o al margen de ese tipo de actividades.<\/p>\n\n\n\n<p>Reconoci\u00f3 que es fundador de Morena desde el 2006, y omiti\u00f3 dar su opini\u00f3n sobre la cercan\u00eda del ex candidato a gobernador Mario Moreno Arcos y la petici\u00f3n de afiliaci\u00f3n de Sof\u00edo Ram\u00edrez, \u201cahora nos toca estar en la funci\u00f3n p\u00fablica y creo que debo ser muy cuidadoso con la tarea que nos han encomendado, y creo que este juicio le corresponde m\u00e1s a la militancia y a quienes est\u00e1n haciendo vida activa la militancia y la dirigencia del movimiento\u201d.<\/p>\n\n\n\n<p>El funcionario federal fue abordado por representantes de los medios de comunicaci\u00f3n, al t\u00e9rmino de la conferencia en la que dio a conocer sobre el \u00fanico en marzo de la credencializaci\u00f3n del servicio universal de salud, que tiene una meta de afiliar a m\u00e1s de 3 millones 600 mil guerrerenses, a trav\u00e9s de 90 m\u00f3dulos que ser\u00e1n instalados en toda la entidad.<\/p>\n","protected":false},"excerpt":{"rendered":"<p>&#8212; Dijo estar concentrado en su encargo en la Delegaci\u00f3n de los programas del Bienestar Rosario Garc\u00eda Orozco El delegado los programas sociales del Bienestar en Guerrero, Iv\u00e1n Hern\u00e1ndez D\u00edaz&hellip; <\/p>\n","protected":false},"author":14,"featured_media":99756,"comment_status":"open","ping_status":"open","sticky":false,"template":"","format":"standard","meta":{"fifu_image_url":"https:\/\/www.interaccionnoticias.com.mx\/wp-content\/uploads\/2026\/01\/260127-Ivan-Hernandez-Diaz.jpg","fifu_image_alt":"","footnotes":""},"categories":[21],"tags":[],"class_list":["post-99753","post","type-post","status-publish","format-standard","has-post-thumbnail","hentry","category-politica"],"_links":{"self":[{"href":"https:\/\/www.interaccionnoticias.com.mx\/index.php?rest_route=\/wp\/v2\/posts\/99753","targetHints":{"allow":["GET"]}}],"collection":[{"href":"https:\/\/www.interaccionnoticias.com.mx\/index.php?rest_route=\/wp\/v2\/posts"}],"about":[{"href":"https:\/\/www.interaccionnoticias.com.mx\/index.php?rest_route=\/wp\/v2\/types\/post"}],"author":[{"embeddable":true,"href":"https:\/\/www.interaccionnoticias.com.mx\/index.php?rest_route=\/wp\/v2\/users\/14"}],"replies":[{"embeddable":true,"href":"https:\/\/www.interaccionnoticias.com.mx\/index.php?rest_route=%2Fwp%2Fv2%2Fcomments&post=99753"}],"version-history":[{"count":1,"href":"https:\/\/www.interaccionnoticias.com.mx\/index.php?rest_route=\/wp\/v2\/posts\/99753\/revisions"}],"predecessor-version":[{"id":99755,"href":"https:\/\/www.interaccionnoticias.com.mx\/index.php?rest_route=\/wp\/v2\/posts\/99753\/revisions\/99755"}],"wp:featuredmedia":[{"embeddable":true,"href":"https:\/\/www.interaccionnoticias.com.mx\/index.php?rest_route=\/wp\/v2\/media\/99756"}],"wp:attachment":[{"href":"https:\/\/www.interaccionnoticias.com.mx\/index.php?rest_route=%2Fwp%2Fv2%2Fmedia&parent=99753"}],"wp:term":[{"taxonomy":"category","embeddable":true,"href":"https:\/\/www.interaccionnoticias.com.mx\/index.php?rest_route=%2Fwp%2Fv2%2Fcategories&post=99753"},{"taxonomy":"post_tag","embeddable":true,"href":"https:\/\/www.interaccionnoticias.com.mx\/index.php?rest_route=%2Fwp%2Fv2%2Ftags&post=99753"}],"curies":[{"name":"wp","href":"https:\/\/api.w.org\/{rel}","templated":true}]}}