{"id":99745,"date":"2026-01-27T11:43:36","date_gmt":"2026-01-27T18:43:36","guid":{"rendered":"https:\/\/www.interaccionnoticias.com.mx\/?p=99745"},"modified":"2026-01-27T11:43:37","modified_gmt":"2026-01-27T18:43:37","slug":"a-fuerza-ni-los-zapatos-entran-dice-dirigente-de-morena-respecto-a-la-alianza-electoral-con-pt-y-pvem","status":"publish","type":"post","link":"https:\/\/www.interaccionnoticias.com.mx\/?p=99745","title":{"rendered":"\u201cA fuerza ni los zapatos entran\u201d, dice dirigente de MORENA respecto a la alianza electoral con PT y PVEM"},"content":{"rendered":"\n<p><strong><em>&#8212; Sin embargo, Jacinto Gonz\u00e1lez Varona se\u00f1ala que tiene buena relaci\u00f3n con sus hom\u00f3logos de ambos partidos aliados<br>&#8212; Plantea buscar la cercan\u00eda con la sociedad y no ejercer presi\u00f3n, de cara a las elecciones de 2027<\/em><\/strong><\/p>\n\n\n\n<p><strong>Rogelio Agust\u00edn<\/strong><\/p>\n\n\n\n<p>El dirigente estatal de MORENA, Jacinto Gonz\u00e1lez Varona desestim\u00f3 la posibilidad de que haya una ruptura con el PVEM y el PT durante los comicios de 2027, aunque aclar\u00f3 que nadie est\u00e1 obligado a permanecer en la coalici\u00f3n, en el entendido de que \u201ca fuerzas ni los zapatos entran\u201d.<\/p>\n\n\n\n<p>V\u00eda telef\u00f3nica, Gonz\u00e1lez Varona sostuvo que para mantener la alianza pol\u00edtica entre su partido, el PT y el PVEM basta con respetar acuerdos y esperar los tiempos adecuados para la toma de decisiones.<\/p>\n\n\n\n<p>Respecto al planteamiento del PT, en el sentido de que su dirigente estatal, Victoriano Wences Real debiera ser el candidato de la coalici\u00f3n de izquierda, G\u00f3nzalez refiri\u00f3 que siempre ha sido tomado en cuenta en coyunturas electorales importantes para Guerrero.<\/p>\n\n\n\n<p>Por ejemplo, destac\u00f3 que en 2018 Wences Real fue incluido en la medici\u00f3n que MORENA realiz\u00f3 para decidir quien ser\u00eda su candidato a la senadur\u00eda por Guerrero, pero no lo consigui\u00f3.<\/p>\n\n\n\n<p>En 2021 el PT no entr\u00f3 a la coalici\u00f3n en las elecciones locales, ya que registr\u00f3 candidato a la gubernatura en la persona del empresario Pedro Segura Valladares.<\/p>\n\n\n\n<p>Para 2024, el ex alcalde de Tlapa nuevamente se anot\u00f3 para buscar la candidatura al Senado pero nuevamente no obtuvo el puntaje necesario para ello.<\/p>\n\n\n\n<p>Lo que plantea, es que lejos de hacer presi\u00f3n, lo correcto es buscar una mayor vinculaci\u00f3n con la sociedad, porque ser\u00e1 ella quien identifique a las personas que quieren en las boletas electorales con base a las encuestas que se desarrollar\u00e1n casa por casa.<\/p>\n\n\n\n<p>Indic\u00f3 que nada se puede imponer sobre la voluntad popular, pues la gente sabe lo que quiere y est\u00e1 sumamente politizada.<\/p>\n\n\n\n<p>Ante el cuestionamiento directo, desestim\u00f3 la posibilidad de que haya una ruptura entre MORENA, PT y PVEM, sobre todo porque \u201clos tiempos son diferentes\u201d.<\/p>\n\n\n\n<p>Explic\u00f3: \u201cYo como dirigente no estoy con diferencias con mis similares del PT y PVEM, tenemos una relaci\u00f3n muy sana y no veo que se repita un escenario el de 2021\u201d.<\/p>\n\n\n\n<p>Pero aclar\u00f3: \u201cLo que tambi\u00e9n es cierto es que a nadie se le obliga a estar a fuerza, si ellos deciden no caminar juntos (electoralmente) se les respetar\u00e1, nosotros haremos lo propio\u201d.<\/p>\n\n\n\n<p>Enfatiz\u00f3: \u201cNadie es indispensable, pero tampoco nadie est\u00e1 dem\u00e1s\u201d.<\/p>\n\n\n\n<p>Y cerr\u00f3: \u201cA la fuerza ni los zapatos entran\u201d.<\/p>\n","protected":false},"excerpt":{"rendered":"<p>&#8212; Sin embargo, Jacinto Gonz\u00e1lez Varona se\u00f1ala que tiene buena relaci\u00f3n con sus hom\u00f3logos de ambos partidos aliados&#8212; Plantea buscar la cercan\u00eda con la sociedad y no ejercer presi\u00f3n, de&hellip; <\/p>\n","protected":false},"author":21,"featured_media":99748,"comment_status":"open","ping_status":"open","sticky":false,"template":"","format":"standard","meta":{"fifu_image_url":"https:\/\/www.interaccionnoticias.com.mx\/wp-content\/uploads\/2026\/01\/260127-Jacinto-Gonzalez-Varona.jpg","fifu_image_alt":"","footnotes":""},"categories":[21],"tags":[],"class_list":["post-99745","post","type-post","status-publish","format-standard","has-post-thumbnail","hentry","category-politica"],"_links":{"self":[{"href":"https:\/\/www.interaccionnoticias.com.mx\/index.php?rest_route=\/wp\/v2\/posts\/99745","targetHints":{"allow":["GET"]}}],"collection":[{"href":"https:\/\/www.interaccionnoticias.com.mx\/index.php?rest_route=\/wp\/v2\/posts"}],"about":[{"href":"https:\/\/www.interaccionnoticias.com.mx\/index.php?rest_route=\/wp\/v2\/types\/post"}],"author":[{"embeddable":true,"href":"https:\/\/www.interaccionnoticias.com.mx\/index.php?rest_route=\/wp\/v2\/users\/21"}],"replies":[{"embeddable":true,"href":"https:\/\/www.interaccionnoticias.com.mx\/index.php?rest_route=%2Fwp%2Fv2%2Fcomments&post=99745"}],"version-history":[{"count":1,"href":"https:\/\/www.interaccionnoticias.com.mx\/index.php?rest_route=\/wp\/v2\/posts\/99745\/revisions"}],"predecessor-version":[{"id":99747,"href":"https:\/\/www.interaccionnoticias.com.mx\/index.php?rest_route=\/wp\/v2\/posts\/99745\/revisions\/99747"}],"wp:featuredmedia":[{"embeddable":true,"href":"https:\/\/www.interaccionnoticias.com.mx\/index.php?rest_route=\/wp\/v2\/media\/99748"}],"wp:attachment":[{"href":"https:\/\/www.interaccionnoticias.com.mx\/index.php?rest_route=%2Fwp%2Fv2%2Fmedia&parent=99745"}],"wp:term":[{"taxonomy":"category","embeddable":true,"href":"https:\/\/www.interaccionnoticias.com.mx\/index.php?rest_route=%2Fwp%2Fv2%2Fcategories&post=99745"},{"taxonomy":"post_tag","embeddable":true,"href":"https:\/\/www.interaccionnoticias.com.mx\/index.php?rest_route=%2Fwp%2Fv2%2Ftags&post=99745"}],"curies":[{"name":"wp","href":"https:\/\/api.w.org\/{rel}","templated":true}]}}