{"id":99731,"date":"2026-01-25T19:23:41","date_gmt":"2026-01-26T02:23:41","guid":{"rendered":"https:\/\/www.interaccionnoticias.com.mx\/?p=99731"},"modified":"2026-01-25T19:23:42","modified_gmt":"2026-01-26T02:23:42","slug":"fallece-en-estados-unidos-ivan-yair-gomez-padre-de-camila-menor-victima-de-feminicidio-en-taxco","status":"publish","type":"post","link":"https:\/\/www.interaccionnoticias.com.mx\/?p=99731","title":{"rendered":"Fallece en Estados Unidos Iv\u00e1n Yair G\u00f3mez, padre de Camila, menor v\u00edctima de feminicidio en Taxco"},"content":{"rendered":"\n<p><em><strong>Iv\u00e1n Yair G\u00f3mez muri\u00f3 a finales del mes de diciembre. Se prev\u00e9 que su cuerpo sea repatriado y llegue a Taxco el pr\u00f3ximo jueves 29 de enero<\/strong><\/em><\/p>\n\n\n\n<p><strong>Jes\u00fas Dorantes<\/strong><\/p>\n\n\n\n<p>A casi dos a\u00f1os de cumplirse el feminicidio de la menor Camila en Taxco, este fin de semana se confirm\u00f3 el fallecimiento de su padre, Iv\u00e1n Yair G\u00f3mez Taboada, quien se encontraba en Estados Unidos.<\/p>\n\n\n\n<p>De acuerdo con informaci\u00f3n proporcionada por sus familiares, Iv\u00e1n Yair G\u00f3mez muri\u00f3 a finales del mes de diciembre. Se prev\u00e9 que su cuerpo sea repatriado y llegue a Taxco el pr\u00f3ximo jueves 29 de enero, para ser velado en el domicilio de sus padres, ubicado en la calle Balcones, barrio de Bermeja.<\/p>\n\n\n\n<p>La noticia fue dada a conocer p\u00fablicamente por familiares de la peque\u00f1a Camila a trav\u00e9s de redes sociales, donde recordaron que Iv\u00e1n Yair hab\u00eda dejado su hogar con la intenci\u00f3n de brindar estabilidad y mejores oportunidades a su familia, tras los hechos que marcaron profundamente su vida.<\/p>\n\n\n\n<p>Asimismo, las familias G\u00f3mez Ortega y G\u00f3mez Taboada informaron que el viernes se llevar\u00e1 a cabo una misa de cuerpo presente a las 15:00 horas en el templo parroquial de San Miguel, para posteriormente realizar su sepultura en el pante\u00f3n de Minas Viejas.<\/p>\n\n\n\n<p>Camila de 8 a\u00f1os fue secuestrada y asesinada el 27 y 28 de marzo de 2024, fue vista por \u00faltima vez cuando sali\u00f3 de su casa para ir a jugar con una amiga en el barrio La Florida, horas despu\u00e9s, su cuerpo fue encontrado sin vida en la carretera.<\/p>\n","protected":false},"excerpt":{"rendered":"<p>Iv\u00e1n Yair G\u00f3mez muri\u00f3 a finales del mes de diciembre. Se prev\u00e9 que su cuerpo sea repatriado y llegue a Taxco el pr\u00f3ximo jueves 29 de enero Jes\u00fas Dorantes A&hellip; <\/p>\n","protected":false},"author":8,"featured_media":99734,"comment_status":"open","ping_status":"open","sticky":false,"template":"","format":"standard","meta":{"fifu_image_url":"https:\/\/www.interaccionnoticias.com.mx\/wp-content\/uploads\/2026\/01\/260125-Ivan-Yair-Gomez.jpg","fifu_image_alt":"","footnotes":""},"categories":[11],"tags":[],"class_list":["post-99731","post","type-post","status-publish","format-standard","has-post-thumbnail","hentry","category-guerrero"],"_links":{"self":[{"href":"https:\/\/www.interaccionnoticias.com.mx\/index.php?rest_route=\/wp\/v2\/posts\/99731","targetHints":{"allow":["GET"]}}],"collection":[{"href":"https:\/\/www.interaccionnoticias.com.mx\/index.php?rest_route=\/wp\/v2\/posts"}],"about":[{"href":"https:\/\/www.interaccionnoticias.com.mx\/index.php?rest_route=\/wp\/v2\/types\/post"}],"author":[{"embeddable":true,"href":"https:\/\/www.interaccionnoticias.com.mx\/index.php?rest_route=\/wp\/v2\/users\/8"}],"replies":[{"embeddable":true,"href":"https:\/\/www.interaccionnoticias.com.mx\/index.php?rest_route=%2Fwp%2Fv2%2Fcomments&post=99731"}],"version-history":[{"count":1,"href":"https:\/\/www.interaccionnoticias.com.mx\/index.php?rest_route=\/wp\/v2\/posts\/99731\/revisions"}],"predecessor-version":[{"id":99733,"href":"https:\/\/www.interaccionnoticias.com.mx\/index.php?rest_route=\/wp\/v2\/posts\/99731\/revisions\/99733"}],"wp:featuredmedia":[{"embeddable":true,"href":"https:\/\/www.interaccionnoticias.com.mx\/index.php?rest_route=\/wp\/v2\/media\/99734"}],"wp:attachment":[{"href":"https:\/\/www.interaccionnoticias.com.mx\/index.php?rest_route=%2Fwp%2Fv2%2Fmedia&parent=99731"}],"wp:term":[{"taxonomy":"category","embeddable":true,"href":"https:\/\/www.interaccionnoticias.com.mx\/index.php?rest_route=%2Fwp%2Fv2%2Fcategories&post=99731"},{"taxonomy":"post_tag","embeddable":true,"href":"https:\/\/www.interaccionnoticias.com.mx\/index.php?rest_route=%2Fwp%2Fv2%2Ftags&post=99731"}],"curies":[{"name":"wp","href":"https:\/\/api.w.org\/{rel}","templated":true}]}}