{"id":99727,"date":"2026-01-25T19:17:15","date_gmt":"2026-01-26T02:17:15","guid":{"rendered":"https:\/\/www.interaccionnoticias.com.mx\/?p=99727"},"modified":"2026-01-25T19:17:16","modified_gmt":"2026-01-26T02:17:16","slug":"advierten-sobre-mas-casos-de-miasis-provocada-por-gusano-barrenador-en-costa-chica","status":"publish","type":"post","link":"https:\/\/www.interaccionnoticias.com.mx\/?p=99727","title":{"rendered":"Advierten sobre m\u00e1s casos de miasis provocada por gusano barrenador en Costa Chica"},"content":{"rendered":"\n<p><strong><em>&#8212; Los gobiernos estatal y municipal confirmaron este fin de semana el primer caso en Copala<\/em><\/strong><\/p>\n\n\n\n<p><strong>Rosario Garc\u00eda Orozco<\/strong><\/p>\n\n\n\n<p>Luego de que el Ayuntamiento de Copala confirmara oficialmente la presencia de un caso (el primero en Guerrero) de miasis humana causada por el gusano barrenador, el dirigente de la Liga de Comunidades Agrarias y Sindicatos Campesinos, Evencio Romero Sotelo, asegur\u00f3 que la problem\u00e1tica no se limita a un solo paciente y que existen m\u00e1s casos en la regi\u00f3n de la Costa Chica.<\/p>\n\n\n\n<p>El l\u00edder campesino explic\u00f3, en entrevista telef\u00f3nica, que tras conocer el anuncio realizado por la presidenta municipal de Copala, en la Costa Chica de Guerrero, Mar\u00eda del Rosario Z\u00fa\u00f1iga de la Rosa, decidi\u00f3 comunicarse con productores ganaderos y exfuncionarios con experiencia en la zona, quienes le confirmaron la detecci\u00f3n de otros contagios en personas, sin que se tenga precisi\u00f3n de casos hasta el momento.<\/p>\n\n\n\n<p>La autoridad local de Copala inform\u00f3 el pasado s\u00e1bado, a trav\u00e9s de su p\u00e1gina oficial de Facebook, sobre el primer caso de miasis humana registrado en el municipio, el comunicado refiere que el paciente fue atendido por personal de la Direcci\u00f3n Municipal de Salud, con apoyo de la Comisi\u00f3n M\u00e9xico\u2013Estados Unidos para la Prevenci\u00f3n de la Fiebre Aftosa y otras Enfermedades Ex\u00f3ticas de los Animales, y actualmente permanece bajo observaci\u00f3n m\u00e9dica con seguimiento epidemiol\u00f3gico.<\/p>\n\n\n\n<p>Romero Sotelo se\u00f1al\u00f3 que uno de sus informantes, quien ocup\u00f3 cargos de alto nivel en administraciones estatales anteriores, le advirti\u00f3 que el problema del gusano barrenador afecta de manera severa a toda la Costa Chica y que podr\u00edan presentarse nuevos casos en humanos, principalmente entre personas en condiciones de extrema pobreza o en situaci\u00f3n de abandono.<\/p>\n\n\n\n<p>A\u00f1adi\u00f3 que, tras el anuncio p\u00fablico del caso en Copala, \u00abseguramente la Secretar\u00eda de Salud del estado llam\u00f3 la atenci\u00f3n a la alcaldesa\u00bb, lo que habr\u00eda derivado en un manejo reservado de la informaci\u00f3n, por lo que el dirigente campesino consider\u00f3 preocupante esta situaci\u00f3n, ya que \u2014dijo\u2014 \u00abla falta de acciones contundentes podr\u00eda convertir el problema en un foco grave de infecci\u00f3n para la poblaci\u00f3n\u00bb.<\/p>\n\n\n\n<p>Tambi\u00e9n critic\u00f3 la actuaci\u00f3n de la Secretar\u00eda de Agricultura y Desarrollo Rural (Sader), tras se\u00f1alar que los ganaderos de la regi\u00f3n se quejan de que las visitas oficiales no se traducen en medidas efectivas para combatir la plaga del gusano barrenador, y advirti\u00f3 que el riesgo es mayor debido a que la Costa Chica es una de las regiones ganaderas m\u00e1s importantes del pa\u00eds, por lo que insisti\u00f3 en la necesidad de una intervenci\u00f3n inmediata y coordinada de las autoridades.<\/p>\n\n\n\n<p>Evencio Romero record\u00f3 que desde febrero del a\u00f1o pasado fue insistente en el registro de casos de gusano barrenador en municipios de la Costa Chica, pero que en ese momento las autoridades lo negaron, del mismo modo lament\u00f3 que el gobierno<\/p>\n\n\n\n<p>Denunci\u00f3 que la situaci\u00f3n podr\u00eda agravarse m\u00e1s debido a que&nbsp;no se destinaron recursos para programas de sanidad animal y vegetal, lo que ha dejado en vulnerabilidad al sector ganadero y ha provocado incluso la ca\u00edda en el consumo de carne en algunas regiones.<\/p>\n\n\n\n<p>Confi\u00f3 en que ahora las autoridades en materia de salud se encuentren preparadas para atender casos de miasis y se cuente con el medicamento que se requiere para atender a pacientes afectados por gusano barrenador.<\/p>\n","protected":false},"excerpt":{"rendered":"<p>&#8212; Los gobiernos estatal y municipal confirmaron este fin de semana el primer caso en Copala Rosario Garc\u00eda Orozco Luego de que el Ayuntamiento de Copala confirmara oficialmente la presencia&hellip; <\/p>\n","protected":false},"author":14,"featured_media":99730,"comment_status":"open","ping_status":"open","sticky":false,"template":"","format":"standard","meta":{"fifu_image_url":"https:\/\/www.interaccionnoticias.com.mx\/wp-content\/uploads\/2026\/01\/260125-gusano-barrenador-copia.jpg","fifu_image_alt":"","footnotes":""},"categories":[11],"tags":[],"class_list":["post-99727","post","type-post","status-publish","format-standard","has-post-thumbnail","hentry","category-guerrero"],"_links":{"self":[{"href":"https:\/\/www.interaccionnoticias.com.mx\/index.php?rest_route=\/wp\/v2\/posts\/99727","targetHints":{"allow":["GET"]}}],"collection":[{"href":"https:\/\/www.interaccionnoticias.com.mx\/index.php?rest_route=\/wp\/v2\/posts"}],"about":[{"href":"https:\/\/www.interaccionnoticias.com.mx\/index.php?rest_route=\/wp\/v2\/types\/post"}],"author":[{"embeddable":true,"href":"https:\/\/www.interaccionnoticias.com.mx\/index.php?rest_route=\/wp\/v2\/users\/14"}],"replies":[{"embeddable":true,"href":"https:\/\/www.interaccionnoticias.com.mx\/index.php?rest_route=%2Fwp%2Fv2%2Fcomments&post=99727"}],"version-history":[{"count":1,"href":"https:\/\/www.interaccionnoticias.com.mx\/index.php?rest_route=\/wp\/v2\/posts\/99727\/revisions"}],"predecessor-version":[{"id":99729,"href":"https:\/\/www.interaccionnoticias.com.mx\/index.php?rest_route=\/wp\/v2\/posts\/99727\/revisions\/99729"}],"wp:featuredmedia":[{"embeddable":true,"href":"https:\/\/www.interaccionnoticias.com.mx\/index.php?rest_route=\/wp\/v2\/media\/99730"}],"wp:attachment":[{"href":"https:\/\/www.interaccionnoticias.com.mx\/index.php?rest_route=%2Fwp%2Fv2%2Fmedia&parent=99727"}],"wp:term":[{"taxonomy":"category","embeddable":true,"href":"https:\/\/www.interaccionnoticias.com.mx\/index.php?rest_route=%2Fwp%2Fv2%2Fcategories&post=99727"},{"taxonomy":"post_tag","embeddable":true,"href":"https:\/\/www.interaccionnoticias.com.mx\/index.php?rest_route=%2Fwp%2Fv2%2Ftags&post=99727"}],"curies":[{"name":"wp","href":"https:\/\/api.w.org\/{rel}","templated":true}]}}