{"id":99718,"date":"2026-01-25T15:28:01","date_gmt":"2026-01-25T22:28:01","guid":{"rendered":"https:\/\/www.interaccionnoticias.com.mx\/?p=99718"},"modified":"2026-01-25T15:28:03","modified_gmt":"2026-01-25T22:28:03","slug":"matar-a-un-periodista-es-silenciar-a-la-sociedad","status":"publish","type":"post","link":"https:\/\/www.interaccionnoticias.com.mx\/?p=99718","title":{"rendered":"Matar a un periodista es silenciar a la sociedad"},"content":{"rendered":"\n<p><strong><em>Arzobispo de Acapulco condena la violencia contra el gremio period\u00edstico y llama a construir la paz con verdad y justicia<\/em><\/strong><\/p>\n\n\n\n<p><strong>Interacci\u00f3n Noticias<\/strong><\/p>\n\n\n\n<p>El asesinato de periodistas representa no solo un crimen contra la vida humana, sino un golpe directo al derecho de la sociedad a estar informada, advirti\u00f3 el arzobispo de Acapulco, Leopoldo Gonz\u00e1lez Gonz\u00e1lez.<\/p>\n\n\n\n<p>Durante su mensaje dominical difundido por la Arquidi\u00f3cesis de Acapulco, el prelado cat\u00f3lico conden\u00f3 las agresiones y asesinatos contra comunicadores y escritores, a los que calific\u00f3 como una grave ofensa a la dignidad humana, al vulnerar el derecho fundamental a la vida y afectar el bien com\u00fan.<\/p>\n\n\n\n<p>En el marco de la festividad de San Francisco de Sales, patrono de periodistas y escritores, Gonz\u00e1lez Gonz\u00e1lez expres\u00f3 un reconocimiento a quienes ejercen esta labor, subrayando que el periodismo tiene una responsabilidad social clave: dar a conocer los hechos, interpretarlos con honestidad y contribuir a la edificaci\u00f3n de la humanidad.<\/p>\n\n\n\n<p>Se\u00f1al\u00f3 que la Iglesia conf\u00eda a periodistas y escritores a la protecci\u00f3n de su santo patrono, para que ejerzan su labor con libertad, sin intereses ajenos a la verdad, y con respeto a los derechos de las personas, aun en contextos donde informar implica riesgos.<\/p>\n\n\n\n<p>\u201cEl asesinato de un periodista por la labor que realiza duele a la sociedad\u201d, afirm\u00f3, al advertir que en el momento actual, caracterizado por la confrontaci\u00f3n, la violencia contra el gremio no solo arrebata una vida, sino que amenaza a quienes cumplen la misi\u00f3n de informar.<\/p>\n\n\n\n<p>El arzobispo sostuvo que la comunicaci\u00f3n no debe limitarse a la transmisi\u00f3n de datos, sino que debe ayudar a construir una cultura social basada en el di\u00e1logo y el entendimiento, capaz de romper con discursos de odio y confusi\u00f3n.<\/p>\n\n\n\n<p>Reiter\u00f3 que sin verdad ni justicia para las v\u00edctimas no puede haber paz, y llam\u00f3 a colocar a quienes han sufrido la violencia en el centro de cualquier esfuerzo de reconciliaci\u00f3n nacional.<\/p>\n\n\n\n<p>Finalmente, Gonz\u00e1lez Gonz\u00e1lez sostuvo que M\u00e9xico no est\u00e1 condenado a la violencia y que la paz es posible si existe voluntad colectiva, corresponsabilidad social y compromiso con la verdad, al tiempo que exhort\u00f3 a fortalecer los esfuerzos ciudadanos que buscan reconstruir el tejido social.<\/p>\n","protected":false},"excerpt":{"rendered":"<p>Arzobispo de Acapulco condena la violencia contra el gremio period\u00edstico y llama a construir la paz con verdad y justicia Interacci\u00f3n Noticias El asesinato de periodistas representa no solo un&hellip; <\/p>\n","protected":false},"author":19,"featured_media":99721,"comment_status":"open","ping_status":"open","sticky":false,"template":"","format":"standard","meta":{"fifu_image_url":"https:\/\/www.interaccionnoticias.com.mx\/wp-content\/uploads\/2026\/01\/260125-Leopoldo-Gonzalez-Gonzalez.jpg","fifu_image_alt":"","footnotes":""},"categories":[242],"tags":[],"class_list":["post-99718","post","type-post","status-publish","format-standard","has-post-thumbnail","hentry","category-acapulco"],"_links":{"self":[{"href":"https:\/\/www.interaccionnoticias.com.mx\/index.php?rest_route=\/wp\/v2\/posts\/99718","targetHints":{"allow":["GET"]}}],"collection":[{"href":"https:\/\/www.interaccionnoticias.com.mx\/index.php?rest_route=\/wp\/v2\/posts"}],"about":[{"href":"https:\/\/www.interaccionnoticias.com.mx\/index.php?rest_route=\/wp\/v2\/types\/post"}],"author":[{"embeddable":true,"href":"https:\/\/www.interaccionnoticias.com.mx\/index.php?rest_route=\/wp\/v2\/users\/19"}],"replies":[{"embeddable":true,"href":"https:\/\/www.interaccionnoticias.com.mx\/index.php?rest_route=%2Fwp%2Fv2%2Fcomments&post=99718"}],"version-history":[{"count":1,"href":"https:\/\/www.interaccionnoticias.com.mx\/index.php?rest_route=\/wp\/v2\/posts\/99718\/revisions"}],"predecessor-version":[{"id":99720,"href":"https:\/\/www.interaccionnoticias.com.mx\/index.php?rest_route=\/wp\/v2\/posts\/99718\/revisions\/99720"}],"wp:featuredmedia":[{"embeddable":true,"href":"https:\/\/www.interaccionnoticias.com.mx\/index.php?rest_route=\/wp\/v2\/media\/99721"}],"wp:attachment":[{"href":"https:\/\/www.interaccionnoticias.com.mx\/index.php?rest_route=%2Fwp%2Fv2%2Fmedia&parent=99718"}],"wp:term":[{"taxonomy":"category","embeddable":true,"href":"https:\/\/www.interaccionnoticias.com.mx\/index.php?rest_route=%2Fwp%2Fv2%2Fcategories&post=99718"},{"taxonomy":"post_tag","embeddable":true,"href":"https:\/\/www.interaccionnoticias.com.mx\/index.php?rest_route=%2Fwp%2Fv2%2Ftags&post=99718"}],"curies":[{"name":"wp","href":"https:\/\/api.w.org\/{rel}","templated":true}]}}