{"id":99714,"date":"2026-01-25T15:21:45","date_gmt":"2026-01-25T22:21:45","guid":{"rendered":"https:\/\/www.interaccionnoticias.com.mx\/?p=99714"},"modified":"2026-01-25T15:21:46","modified_gmt":"2026-01-25T22:21:46","slug":"prd-guerrero-mantiene-indefinida-su-postura-sobre-alianzas-rumbo-a-2027","status":"publish","type":"post","link":"https:\/\/www.interaccionnoticias.com.mx\/?p=99714","title":{"rendered":"PRD Guerrero mantiene indefinida su postura sobre alianzas rumbo a 2027"},"content":{"rendered":"\n<p><strong><em>&#8212; La dirigencia de ese partido no contempla ir en alianza con PRI y PAN<\/em><\/strong><\/p>\n\n\n\n<p><strong>Rosario Garc\u00eda Orozco<\/strong><\/p>\n\n\n\n<p>A un a\u00f1o del proceso electoral de 2027, el Partido de la Revoluci\u00f3n Democr\u00e1tica (PRD) en Guerrero no ha tomado una decisi\u00f3n formal respecto a la posibilidad de concretar alianzas electorales, inform\u00f3 Bernardo Ortega Jim\u00e9nez, dirigente del Movimiento Alternativo Social de ese partido.<\/p>\n\n\n\n<p>El ex diputado local explic\u00f3 que, aunque han existido conversaciones informales entre algunos liderazgos, hasta el momento no se ha abierto una discusi\u00f3n oficial al interior del PRD Guerrero ni se ha establecido di\u00e1logo institucional con otras fuerzas pol\u00edticas.<\/p>\n\n\n\n<p>\u201cHa habido pl\u00e1ticas entre dirigentes, eso es cierto, pero no se ha definido nada. Yo no lo descarto, pero tampoco lo confirmo\u201d, se\u00f1al\u00f3 Ortega Jim\u00e9nez.<\/p>\n\n\n\n<p>Respecto a los encuentros que algunos referentes del partido, como Evodio Vel\u00e1zquez Aguirre, han sostenido con actores pol\u00edticos externos, aclar\u00f3 que se trataron de reuniones personales que no representan una postura del partido, y subray\u00f3 que la dirigencia estatal no ha analizado ni expresado una posici\u00f3n clara sobre si se competir\u00e1 en alianza o si ir\u00e1n s\u00f3lo a a la siguiente contienda.<\/p>\n\n\n\n<p>El dirigente perredista record\u00f3 que el PRD Guerrero cuenta con una dirigencia colegiada integrada por cuatro personas, lo que obliga a que cualquier definici\u00f3n relevante, como una alianza electoral, deba ser consensuada entre todos sus integrantes, y agreg\u00f3 que la representaci\u00f3n del partido es rotativa, con cambios programados entre marzo de 2026 y marzo de 2028.<\/p>\n\n\n\n<p>Ortega Jim\u00e9nez afirm\u00f3 que competir sin alianzas no representa un riesgo para el registro del PRD Guerrero y sostuvo que el partido buscar\u00e1 fortalecer su estructura para conservar \u2014e incluso aumentar\u2014 el alrededor del 10 por ciento de votaci\u00f3n que mantiene a nivel local.<\/p>\n\n\n\n<p>En cuanto a la posibilidad de alianzas con el PRI o el PAN, fue enf\u00e1tico al se\u00f1alar que est\u00e1n descartadas, ya que los estatutos estatales del PRD lo proh\u00edben expresamente, adem\u00e1s de que reconoci\u00f3 que esas coaliciones han tenido un costo electoral negativo para ese partido en el pasado.<\/p>\n\n\n\n<p>Explic\u00f3 que los estatutos del partido del Sol Azteca s\u00ed permiten alianzas, pero con partidos considerados de izquierda, como Morena, Movimiento Ciudadano y el Partido del Trabajo, aunque expres\u00f3 dudas sobre la ubicaci\u00f3n ideol\u00f3gica del Partido Verde Ecologista de M\u00e9xico.<\/p>\n","protected":false},"excerpt":{"rendered":"<p>&#8212; La dirigencia de ese partido no contempla ir en alianza con PRI y PAN Rosario Garc\u00eda Orozco A un a\u00f1o del proceso electoral de 2027, el Partido de la&hellip; <\/p>\n","protected":false},"author":14,"featured_media":99717,"comment_status":"open","ping_status":"open","sticky":false,"template":"","format":"standard","meta":{"fifu_image_url":"https:\/\/www.interaccionnoticias.com.mx\/wp-content\/uploads\/2026\/01\/260125-Bernardo-Ortega-Jimenez.jpg","fifu_image_alt":"","footnotes":""},"categories":[21],"tags":[],"class_list":["post-99714","post","type-post","status-publish","format-standard","has-post-thumbnail","hentry","category-politica"],"_links":{"self":[{"href":"https:\/\/www.interaccionnoticias.com.mx\/index.php?rest_route=\/wp\/v2\/posts\/99714","targetHints":{"allow":["GET"]}}],"collection":[{"href":"https:\/\/www.interaccionnoticias.com.mx\/index.php?rest_route=\/wp\/v2\/posts"}],"about":[{"href":"https:\/\/www.interaccionnoticias.com.mx\/index.php?rest_route=\/wp\/v2\/types\/post"}],"author":[{"embeddable":true,"href":"https:\/\/www.interaccionnoticias.com.mx\/index.php?rest_route=\/wp\/v2\/users\/14"}],"replies":[{"embeddable":true,"href":"https:\/\/www.interaccionnoticias.com.mx\/index.php?rest_route=%2Fwp%2Fv2%2Fcomments&post=99714"}],"version-history":[{"count":1,"href":"https:\/\/www.interaccionnoticias.com.mx\/index.php?rest_route=\/wp\/v2\/posts\/99714\/revisions"}],"predecessor-version":[{"id":99716,"href":"https:\/\/www.interaccionnoticias.com.mx\/index.php?rest_route=\/wp\/v2\/posts\/99714\/revisions\/99716"}],"wp:featuredmedia":[{"embeddable":true,"href":"https:\/\/www.interaccionnoticias.com.mx\/index.php?rest_route=\/wp\/v2\/media\/99717"}],"wp:attachment":[{"href":"https:\/\/www.interaccionnoticias.com.mx\/index.php?rest_route=%2Fwp%2Fv2%2Fmedia&parent=99714"}],"wp:term":[{"taxonomy":"category","embeddable":true,"href":"https:\/\/www.interaccionnoticias.com.mx\/index.php?rest_route=%2Fwp%2Fv2%2Fcategories&post=99714"},{"taxonomy":"post_tag","embeddable":true,"href":"https:\/\/www.interaccionnoticias.com.mx\/index.php?rest_route=%2Fwp%2Fv2%2Ftags&post=99714"}],"curies":[{"name":"wp","href":"https:\/\/api.w.org\/{rel}","templated":true}]}}