{"id":99709,"date":"2026-01-25T13:48:22","date_gmt":"2026-01-25T20:48:22","guid":{"rendered":"https:\/\/www.interaccionnoticias.com.mx\/?p=99709"},"modified":"2026-01-25T13:51:08","modified_gmt":"2026-01-25T20:51:08","slug":"lopez-rosas-se-desmarca-de-la-creacion-de-un-frente-contra-feli-salgado","status":"publish","type":"post","link":"https:\/\/www.interaccionnoticias.com.mx\/?p=99709","title":{"rendered":"L\u00f3pez Rosas se desmarca de la creaci\u00f3n de un frente contra F\u00e9lix Salgado"},"content":{"rendered":"\n<p><em><strong>&#8212; Califica la versi\u00f3n como una \u00ababerrante fantas\u00eda\u00bb<\/strong><\/em><\/p>\n\n\n\n<p><strong>Rogelio Agust\u00edn<\/strong><\/p>\n\n\n\n<p>El ex fiscal de Guerrero, Alberto L\u00f3pez Rosas se deslind\u00f3 de cualquier grupo o frente que se encuentre en la ruta de frenar las aspiraciones pol\u00edticas del senador F\u00e9lix Salgado Macedonio.<\/p>\n\n\n\n<p>Aunque L\u00f3pez Rosas estuvo en el evento denominado \u00abConstructores del Segundo piso de la Cuarta Transformaci\u00f3n\u00bb, se\u00f1al\u00f3 que de ninguna manera tiene la intenci\u00f3n de frenar pol\u00edticamente a nadie.<\/p>\n\n\n\n<p>\u00abDesde mi posici\u00f3n pol\u00edtica, me deslindo de cualquier insinuaci\u00f3n o afirmaci\u00f3n encaminada a formar parte de un grupo que pueda denominarse TUCOF; para nada puedo o debo admitirlo, fui invitado y me honr\u00f3, a una reuni\u00f3n de trabajo para establecer acuerdos de fortalecimiento desde la sociedad, al gobierno de La Presidenta Claudia Sheinbaum Pardo, los discursos de cada uno de los que intervenimos van en esa direcci\u00f3n, es f\u00e1cil saberlo leyendo los mensajes o escuch\u00e1ndolos\u00bb, se\u00f1al\u00f3 el tambi\u00e9n ex alcalde de Acapulco.<\/p>\n\n\n\n<p>Explic\u00f3 que se trat\u00f3 de una reuni\u00f3n p\u00fablica y no a hurtadillas como para dar cr\u00e9dito a una versi\u00f3n tendenciosa.<\/p>\n\n\n\n<p>Indic\u00f3: \u00abEn lo personal, creo que FSM,) no necesita la creaci\u00f3n de un Frente en contra, \u00e9l es su propio Frente\u00bb.<\/p>\n\n\n\n<p>Y cerr\u00f3: , \u00abPara no abundar ahora, lo har\u00e9 en su momento, por lo pronto me deslindo de tan aberrante fantas\u00eda\u00bb.<\/p>\n","protected":false},"excerpt":{"rendered":"<p>&#8212; Califica la versi\u00f3n como una \u00ababerrante fantas\u00eda\u00bb Rogelio Agust\u00edn El ex fiscal de Guerrero, Alberto L\u00f3pez Rosas se deslind\u00f3 de cualquier grupo o frente que se encuentre en la&hellip; <\/p>\n","protected":false},"author":21,"featured_media":99712,"comment_status":"open","ping_status":"open","sticky":false,"template":"","format":"standard","meta":{"fifu_image_url":"https:\/\/www.interaccionnoticias.com.mx\/wp-content\/uploads\/2026\/01\/260125-Alberto-Lopez-Rosas.jpg","fifu_image_alt":"","footnotes":""},"categories":[21],"tags":[],"class_list":["post-99709","post","type-post","status-publish","format-standard","has-post-thumbnail","hentry","category-politica"],"_links":{"self":[{"href":"https:\/\/www.interaccionnoticias.com.mx\/index.php?rest_route=\/wp\/v2\/posts\/99709","targetHints":{"allow":["GET"]}}],"collection":[{"href":"https:\/\/www.interaccionnoticias.com.mx\/index.php?rest_route=\/wp\/v2\/posts"}],"about":[{"href":"https:\/\/www.interaccionnoticias.com.mx\/index.php?rest_route=\/wp\/v2\/types\/post"}],"author":[{"embeddable":true,"href":"https:\/\/www.interaccionnoticias.com.mx\/index.php?rest_route=\/wp\/v2\/users\/21"}],"replies":[{"embeddable":true,"href":"https:\/\/www.interaccionnoticias.com.mx\/index.php?rest_route=%2Fwp%2Fv2%2Fcomments&post=99709"}],"version-history":[{"count":2,"href":"https:\/\/www.interaccionnoticias.com.mx\/index.php?rest_route=\/wp\/v2\/posts\/99709\/revisions"}],"predecessor-version":[{"id":99713,"href":"https:\/\/www.interaccionnoticias.com.mx\/index.php?rest_route=\/wp\/v2\/posts\/99709\/revisions\/99713"}],"wp:featuredmedia":[{"embeddable":true,"href":"https:\/\/www.interaccionnoticias.com.mx\/index.php?rest_route=\/wp\/v2\/media\/99712"}],"wp:attachment":[{"href":"https:\/\/www.interaccionnoticias.com.mx\/index.php?rest_route=%2Fwp%2Fv2%2Fmedia&parent=99709"}],"wp:term":[{"taxonomy":"category","embeddable":true,"href":"https:\/\/www.interaccionnoticias.com.mx\/index.php?rest_route=%2Fwp%2Fv2%2Fcategories&post=99709"},{"taxonomy":"post_tag","embeddable":true,"href":"https:\/\/www.interaccionnoticias.com.mx\/index.php?rest_route=%2Fwp%2Fv2%2Ftags&post=99709"}],"curies":[{"name":"wp","href":"https:\/\/api.w.org\/{rel}","templated":true}]}}