{"id":99705,"date":"2026-01-25T13:44:24","date_gmt":"2026-01-25T20:44:24","guid":{"rendered":"https:\/\/www.interaccionnoticias.com.mx\/?p=99705"},"modified":"2026-01-25T13:44:26","modified_gmt":"2026-01-25T20:44:26","slug":"angel-aguirre-se-desmarca-de-supuesto-frente-contra-felix-salgado","status":"publish","type":"post","link":"https:\/\/www.interaccionnoticias.com.mx\/?p=99705","title":{"rendered":"\u00c1ngel Aguirre se desmarca de supuesto frente contra F\u00e9lix Salgado"},"content":{"rendered":"\n<p><strong><em>&#8212; Se\u00f1ala que no est\u00e1 en dicho grupo pol\u00edtico ni participa en el proceso preelectoral<\/em><\/strong><\/p>\n\n\n\n<p><strong>Rogelio Agust\u00edn<\/strong><\/p>\n\n\n\n<p>El ex gobernador \u00c1ngel Aguirre Rivero se desmarc\u00f3 de la integraci\u00f3n de un frente supuestamente encaminado a frenar al senador F\u00e9lix Salgado Macedonio, en la ruta de ser candidato al Gobierno de Guerrero.<\/p>\n\n\n\n<p>La jornada del s\u00e1bado 24 de enero, en Chilpancingo se desarroll\u00f3 un evento denominado \u00abConstructores de la Cuarta Transformaci\u00f3n\u00bb, en el que participaron actores locales como la senadora Beatriz Mojica Morga; el ex gobernador Rogelio Ortega Mart\u00ednez, el ex fiscal Alberto L\u00f3pez Rosas, el ex candidato del PRI a la gubernatura del Estado, Mario Moreno Arcos y el ex alcalde de Chilpancingo Mario Moreno Arcos.<\/p>\n\n\n\n<p>Para muchos pol\u00edticos de la entidad, dicho frente podr\u00eda denominarse \u00abTodos Unidos contra F\u00e9lix\u00bb, si se toma en cuenta la cercan\u00eda con el proceso electoral 2027.<\/p>\n\n\n\n<p>Adem\u00e1s, dado que la mayor\u00eda de los participantes en el pasado fueron colaboradores del ex gobernador Aguirre Rivero, se pod\u00eda interpretar tambi\u00e9n que detr\u00e1s del grupo estaba el ex jefe del Ejecutivo local.<\/p>\n\n\n\n<p>La versi\u00f3n cobr\u00f3 tal fuerza, que el ex gobernador tuvo que recurrir a sus redes sociales para desmarcarse, \u00abMe deslindo total y p\u00fablicamente de esa reuni\u00f3n y de los se\u00f1alamientos que de ella derivan. No tuve conocimiento de su realizaci\u00f3n, no mantengo contacto pol\u00edtico u operativo con quienes asistieron, y no estoy participando en el proceso electoral, directa ni indirectamente\u00bb.<\/p>\n\n\n\n<p>Agreg\u00f3: \u00abEs impreciso e incorrecto afirmar que exista una relaci\u00f3n de conducci\u00f3n, coordinaci\u00f3n o acuerdo pol\u00edtico entre los asistentes y mi persona. Del mismo modo, rechazo que se me atribuya la intenci\u00f3n de articular grupos de contenci\u00f3n, confrontaci\u00f3n o -todos contra alguien-, como se ha sugerido en la versi\u00f3n difundida\u00bb.<\/p>\n\n\n\n<p>Adem\u00e1s, Aguirre conden\u00f3 el que haya quienes \u00abal amparo del anonimato y cobard\u00eda, usen su nombre para sembrar confusi\u00f3n con prop\u00f3sitos perversos ante el proceso electoral que se avecina\u00bb.<\/p>\n\n\n\n<p>Manifest\u00f3 que respeta a quienes participaron y su derecho a reunirse, pero insisti\u00f3 en que no tiene relaci\u00f3n de ning\u00fan tipo con ellos.<\/p>\n\n\n\n<p>Por eso insisti\u00f3: \u00abMi posici\u00f3n es clara y consistente: no opero, no impulso y no intervengo en proyectos electorales. Mantengo una postura de neutralidad, ajena a agendas ocultas o intereses de coyuntura. Guerrero necesita di\u00e1logo, seriedad y respeto a la vida democr\u00e1tica, no especulaci\u00f3n ni se\u00f1alamientos sin sustento\u00bb.<\/p>\n\n\n\n<p>Aguirre dijo que no participa en ese grupo integrado el s\u00e1bado pasado, asegur\u00f3 que no lo conoce y que no forma parte del proceso electoral.<\/p>\n\n\n\n<p>M\u00e1s a\u00fan, destac\u00f3 que su compromiso es con la estabilidad, la gobernabilidad y el respeto a las decisiones ciudadanas en Guerrero.<\/p>\n","protected":false},"excerpt":{"rendered":"<p>&#8212; Se\u00f1ala que no est\u00e1 en dicho grupo pol\u00edtico ni participa en el proceso preelectoral Rogelio Agust\u00edn El ex gobernador \u00c1ngel Aguirre Rivero se desmarc\u00f3 de la integraci\u00f3n de un&hellip; <\/p>\n","protected":false},"author":21,"featured_media":99708,"comment_status":"open","ping_status":"open","sticky":false,"template":"","format":"standard","meta":{"fifu_image_url":"https:\/\/www.interaccionnoticias.com.mx\/wp-content\/uploads\/2026\/01\/260125-Angel-Aguirre-Rivero.jpg","fifu_image_alt":"","footnotes":""},"categories":[21],"tags":[],"class_list":["post-99705","post","type-post","status-publish","format-standard","has-post-thumbnail","hentry","category-politica"],"_links":{"self":[{"href":"https:\/\/www.interaccionnoticias.com.mx\/index.php?rest_route=\/wp\/v2\/posts\/99705","targetHints":{"allow":["GET"]}}],"collection":[{"href":"https:\/\/www.interaccionnoticias.com.mx\/index.php?rest_route=\/wp\/v2\/posts"}],"about":[{"href":"https:\/\/www.interaccionnoticias.com.mx\/index.php?rest_route=\/wp\/v2\/types\/post"}],"author":[{"embeddable":true,"href":"https:\/\/www.interaccionnoticias.com.mx\/index.php?rest_route=\/wp\/v2\/users\/21"}],"replies":[{"embeddable":true,"href":"https:\/\/www.interaccionnoticias.com.mx\/index.php?rest_route=%2Fwp%2Fv2%2Fcomments&post=99705"}],"version-history":[{"count":1,"href":"https:\/\/www.interaccionnoticias.com.mx\/index.php?rest_route=\/wp\/v2\/posts\/99705\/revisions"}],"predecessor-version":[{"id":99707,"href":"https:\/\/www.interaccionnoticias.com.mx\/index.php?rest_route=\/wp\/v2\/posts\/99705\/revisions\/99707"}],"wp:featuredmedia":[{"embeddable":true,"href":"https:\/\/www.interaccionnoticias.com.mx\/index.php?rest_route=\/wp\/v2\/media\/99708"}],"wp:attachment":[{"href":"https:\/\/www.interaccionnoticias.com.mx\/index.php?rest_route=%2Fwp%2Fv2%2Fmedia&parent=99705"}],"wp:term":[{"taxonomy":"category","embeddable":true,"href":"https:\/\/www.interaccionnoticias.com.mx\/index.php?rest_route=%2Fwp%2Fv2%2Fcategories&post=99705"},{"taxonomy":"post_tag","embeddable":true,"href":"https:\/\/www.interaccionnoticias.com.mx\/index.php?rest_route=%2Fwp%2Fv2%2Ftags&post=99705"}],"curies":[{"name":"wp","href":"https:\/\/api.w.org\/{rel}","templated":true}]}}