{"id":99701,"date":"2026-01-25T13:35:24","date_gmt":"2026-01-25T20:35:24","guid":{"rendered":"https:\/\/www.interaccionnoticias.com.mx\/?p=99701"},"modified":"2026-01-25T13:35:25","modified_gmt":"2026-01-25T20:35:25","slug":"localizan-en-cdmx-a-menor-con-alerta-violeta-reportada-como-desaparecida-en-iguala","status":"publish","type":"post","link":"https:\/\/www.interaccionnoticias.com.mx\/?p=99701","title":{"rendered":"Localizan en CDMX a menor con Alerta Violeta reportada como desaparecida en Iguala"},"content":{"rendered":"\n<p><em><strong>&#8212; Es la tercera adolescente ubicada fuera de Guerrero en lo que va del mes<br>&#8212; Fue entregada a su madre y trasladada al estado<\/strong><\/em><\/p>\n\n\n\n<p><strong>Jes\u00fas Dorantes<\/strong><\/p>\n\n\n\n<p>En lo que va de enero, tres menores de edad reportadas como no localizadas en Guerrero han sido ubicadas fuera de la entidad, el caso m\u00e1s reciente corresponde a la adolescente Bel\u00e9n N., quien contaba con ficha de Alerta Violeta tras desaparecer en el municipio de Iguala y fue localizada en la Ciudad de M\u00e9xico.<\/p>\n\n\n\n<p>La Secretar\u00eda de Seguridad P\u00fablica del Estado inform\u00f3 que, derivado del seguimiento al bolet\u00edn de b\u00fasqueda, personal de la Unidad Policial de G\u00e9nero y de la Polic\u00eda de Alerta Violeta se traslad\u00f3 a la capital del pa\u00eds, luego de que la menor fuera ubicada por elementos de la Secretar\u00eda de Seguridad Ciudadana de la Ciudad de M\u00e9xico y puesta a disposici\u00f3n de la autoridad ministerial.<\/p>\n\n\n\n<p>En coordinaci\u00f3n con la Fiscal\u00eda Especializada y el Centro de Atenci\u00f3n Integral para la B\u00fasqueda de Personas, y en presencia de su madre, se llev\u00f3 a cabo la entrega formal de la adolescente, quien recibi\u00f3 atenci\u00f3n integral y acompa\u00f1amiento conforme a los protocolos para la protecci\u00f3n de ni\u00f1as, ni\u00f1os y adolescentes.<\/p>\n\n\n\n<p>Posteriormente, la menor fue trasladada al estado de Guerrero para continuar con los tr\u00e1mites legales ante la Fiscal\u00eda Especializada correspondiente.<\/p>\n","protected":false},"excerpt":{"rendered":"<p>&#8212; Es la tercera adolescente ubicada fuera de Guerrero en lo que va del mes&#8212; Fue entregada a su madre y trasladada al estado Jes\u00fas Dorantes En lo que va&hellip; <\/p>\n","protected":false},"author":8,"featured_media":99704,"comment_status":"open","ping_status":"open","sticky":false,"template":"","format":"standard","meta":{"fifu_image_url":"https:\/\/www.interaccionnoticias.com.mx\/wp-content\/uploads\/2026\/01\/260125-Localizan-en-CDMX-menor.jpg","fifu_image_alt":"","footnotes":""},"categories":[247],"tags":[],"class_list":["post-99701","post","type-post","status-publish","format-standard","has-post-thumbnail","hentry","category-lo-has-visto"],"_links":{"self":[{"href":"https:\/\/www.interaccionnoticias.com.mx\/index.php?rest_route=\/wp\/v2\/posts\/99701","targetHints":{"allow":["GET"]}}],"collection":[{"href":"https:\/\/www.interaccionnoticias.com.mx\/index.php?rest_route=\/wp\/v2\/posts"}],"about":[{"href":"https:\/\/www.interaccionnoticias.com.mx\/index.php?rest_route=\/wp\/v2\/types\/post"}],"author":[{"embeddable":true,"href":"https:\/\/www.interaccionnoticias.com.mx\/index.php?rest_route=\/wp\/v2\/users\/8"}],"replies":[{"embeddable":true,"href":"https:\/\/www.interaccionnoticias.com.mx\/index.php?rest_route=%2Fwp%2Fv2%2Fcomments&post=99701"}],"version-history":[{"count":1,"href":"https:\/\/www.interaccionnoticias.com.mx\/index.php?rest_route=\/wp\/v2\/posts\/99701\/revisions"}],"predecessor-version":[{"id":99703,"href":"https:\/\/www.interaccionnoticias.com.mx\/index.php?rest_route=\/wp\/v2\/posts\/99701\/revisions\/99703"}],"wp:featuredmedia":[{"embeddable":true,"href":"https:\/\/www.interaccionnoticias.com.mx\/index.php?rest_route=\/wp\/v2\/media\/99704"}],"wp:attachment":[{"href":"https:\/\/www.interaccionnoticias.com.mx\/index.php?rest_route=%2Fwp%2Fv2%2Fmedia&parent=99701"}],"wp:term":[{"taxonomy":"category","embeddable":true,"href":"https:\/\/www.interaccionnoticias.com.mx\/index.php?rest_route=%2Fwp%2Fv2%2Fcategories&post=99701"},{"taxonomy":"post_tag","embeddable":true,"href":"https:\/\/www.interaccionnoticias.com.mx\/index.php?rest_route=%2Fwp%2Fv2%2Ftags&post=99701"}],"curies":[{"name":"wp","href":"https:\/\/api.w.org\/{rel}","templated":true}]}}