{"id":99697,"date":"2026-01-22T20:26:49","date_gmt":"2026-01-23T03:26:49","guid":{"rendered":"https:\/\/www.interaccionnoticias.com.mx\/?p=99697"},"modified":"2026-01-22T20:26:50","modified_gmt":"2026-01-23T03:26:50","slug":"felix-salgado-macedonio-anuncia-debate-sobre-reforma-electoral-en-el-senado","status":"publish","type":"post","link":"https:\/\/www.interaccionnoticias.com.mx\/?p=99697","title":{"rendered":"F\u00e9lix Salgado Macedonio anuncia debate sobre reforma electoral en el Senado"},"content":{"rendered":"\n<p><strong><em>&#8212; Insiste en la eliminaci\u00f3n de plurinominales<\/em><\/strong><\/p>\n\n\n\n<p><strong>Cristina Serrano<\/strong><\/p>\n\n\n\n<p><strong>Chilpancingo a 22 de enero de 2026.-<\/strong> El senador de la Rep\u00fablica, F\u00e9lix Salgado Macedonio, inform\u00f3 que a partir del domingo primero de febrero se retomar\u00e1n en el Senado de la Rep\u00fablica debates clave sobre la reforma electoral, entre ellos la eliminaci\u00f3n de los legisladores plurinominales y la reducci\u00f3n del presupuesto a los partidos pol\u00edticos.<\/p>\n\n\n\n<p>Durante una transmisi\u00f3n en vivo realizada en su p\u00e1gina oficial de Facebook, el legislador asegur\u00f3 que se encuentra listo y preparado para reincorporarse a los trabajos legislativos, donde \u2014dijo\u2014 se analizar\u00e1n propuestas orientadas a reducir privilegios y fortalecer la representaci\u00f3n popular.<\/p>\n\n\n\n<p>Salgado Macedonio se\u00f1al\u00f3 que su mensaje tuvo como objetivo informar de manera breve a la ciudadan\u00eda sobre la agenda que se discutir\u00e1 en la C\u00e1mara Alta, subrayando la importancia de una reforma electoral que responda a las demandas del pueblo.<\/p>\n\n\n\n<p>Al final de la transmisi\u00f3n, el senador coment\u00f3 que el enlace se realiz\u00f3 de manera r\u00e1pida mientras conviv\u00eda con un grupo de seguidoras y seguidores en el establecimiento Perritos Felices, donde observaban partidos de f\u00fatbol, destacando el di\u00e1logo cercano que mantiene con la ciudadan\u00eda.<\/p>\n","protected":false},"excerpt":{"rendered":"<p>&#8212; Insiste en la eliminaci\u00f3n de plurinominales Cristina Serrano Chilpancingo a 22 de enero de 2026.- El senador de la Rep\u00fablica, F\u00e9lix Salgado Macedonio, inform\u00f3 que a partir del domingo&hellip; <\/p>\n","protected":false},"author":34,"featured_media":99700,"comment_status":"open","ping_status":"open","sticky":false,"template":"","format":"standard","meta":{"fifu_image_url":"https:\/\/www.interaccionnoticias.com.mx\/wp-content\/uploads\/2026\/01\/260122-Felix-Salgado-Macedonio.jpg","fifu_image_alt":"","footnotes":""},"categories":[21],"tags":[],"class_list":["post-99697","post","type-post","status-publish","format-standard","has-post-thumbnail","hentry","category-politica"],"_links":{"self":[{"href":"https:\/\/www.interaccionnoticias.com.mx\/index.php?rest_route=\/wp\/v2\/posts\/99697","targetHints":{"allow":["GET"]}}],"collection":[{"href":"https:\/\/www.interaccionnoticias.com.mx\/index.php?rest_route=\/wp\/v2\/posts"}],"about":[{"href":"https:\/\/www.interaccionnoticias.com.mx\/index.php?rest_route=\/wp\/v2\/types\/post"}],"author":[{"embeddable":true,"href":"https:\/\/www.interaccionnoticias.com.mx\/index.php?rest_route=\/wp\/v2\/users\/34"}],"replies":[{"embeddable":true,"href":"https:\/\/www.interaccionnoticias.com.mx\/index.php?rest_route=%2Fwp%2Fv2%2Fcomments&post=99697"}],"version-history":[{"count":1,"href":"https:\/\/www.interaccionnoticias.com.mx\/index.php?rest_route=\/wp\/v2\/posts\/99697\/revisions"}],"predecessor-version":[{"id":99699,"href":"https:\/\/www.interaccionnoticias.com.mx\/index.php?rest_route=\/wp\/v2\/posts\/99697\/revisions\/99699"}],"wp:featuredmedia":[{"embeddable":true,"href":"https:\/\/www.interaccionnoticias.com.mx\/index.php?rest_route=\/wp\/v2\/media\/99700"}],"wp:attachment":[{"href":"https:\/\/www.interaccionnoticias.com.mx\/index.php?rest_route=%2Fwp%2Fv2%2Fmedia&parent=99697"}],"wp:term":[{"taxonomy":"category","embeddable":true,"href":"https:\/\/www.interaccionnoticias.com.mx\/index.php?rest_route=%2Fwp%2Fv2%2Fcategories&post=99697"},{"taxonomy":"post_tag","embeddable":true,"href":"https:\/\/www.interaccionnoticias.com.mx\/index.php?rest_route=%2Fwp%2Fv2%2Ftags&post=99697"}],"curies":[{"name":"wp","href":"https:\/\/api.w.org\/{rel}","templated":true}]}}