{"id":99685,"date":"2026-01-22T18:27:44","date_gmt":"2026-01-23T01:27:44","guid":{"rendered":"https:\/\/www.interaccionnoticias.com.mx\/?p=99685"},"modified":"2026-01-22T18:27:45","modified_gmt":"2026-01-23T01:27:45","slug":"el-ex-fiscal-alberto-lopez-rosas-presenta-su-aspiracion-de-contender-por-la-guberatura-abanderado-a-morena","status":"publish","type":"post","link":"https:\/\/www.interaccionnoticias.com.mx\/?p=99685","title":{"rendered":"El ex fiscal Alberto L\u00f3pez Rosas presenta su aspiraci\u00f3n de contender por la guberatura abanderado a MORENA"},"content":{"rendered":"\n<p><strong><em>&#8212; Reprocha que hasta el momento no se le incluya en las mediciones del partido y plantea mantener la coalici\u00f3n con el PT y el PVEM<br>&#8212; Dice que est\u00e1 dispuesto a dialogar con todos \u201cmenos con el diablo\u201d<\/em><\/strong><\/p>\n\n\n\n<p><strong>Rogelio Agust\u00edn Esteban<\/strong><\/p>\n\n\n\n<p>El ex titular de la Fiscal\u00eda General del Estado (FGE) y ex presidente municipal de Acapulco, Alberto L\u00f3pez Rosas se present\u00f3 como aspirante a la candidatura a gobernador de la alianza MORENA-PT-PVEM, con la certeza de que est\u00e1 dipuesto a dialogar con todos, \u201cmenos con el diablo\u201d para evitar una imposici\u00f3n.<\/p>\n\n\n\n<p>En Chilpancingo, L\u00f3pez Rosas manifest\u00f3 que busc\u00f3 un encuentro con los medios de comunicaci\u00f3n para anunciar que estar\u00e1 presente en una coyuntura importante para el estado, que ser\u00e1 la pr\u00f3xima elecci\u00f3n de gobernador.<\/p>\n\n\n\n<p>Aunque no hizo un se\u00f1alamiento concreto, dijo que de manera arbitraria, hay actores que han hecho lo posible por dejarlo al margen de la posibilidad de participar, cuando en diferentes municipios de las ocho regiones de la entidad, existen grupos de ciudadanos sumamente interesados en respaldarlo.<\/p>\n\n\n\n<p>Asegur\u00f3 que la correlaci\u00f3n de fuerzas en estos momentos ser\u00e1 muy diferente a 2021, por lo que anticip\u00f3 que no est\u00e1 en la disposici\u00f3n de mantenerse callado ante la posibilidad de que en la definici\u00f3n de la candidatura a gobernador se tome la ruta del \u201cdedazo\u201d.<\/p>\n\n\n\n<p>\u201cNo le temo al dedazo ni al fraude\u201d, asever\u00f3.<\/p>\n\n\n\n<p>Manifest\u00f3 su respeto hacia los aliados del PT y PVEM, por lo que hizo un llamado a mantener viva la coalici\u00f3n que ha ganado gubernaturas y la presidencia de la Rep\u00fablica ya en dos ocasiones.<\/p>\n\n\n\n<p>Reproch\u00f3 que hasta el momento no se le haya incorporado a ninguna de las encuestas con las que se pretende medir el posicionamiento de quienes aspiran a participar en los comicios de 2027, pero tambi\u00e9n sostuvo que la mayor\u00eda de las encuestas presentan errores, ya que la mayor\u00eda las realizan bajo el encargo de los interesados.<\/p>\n\n\n\n<p>Sin embargo, destac\u00f3 que est\u00e1 dispuesto a participar en una medici\u00f3n auspiciada por los \u00f3rganos del partido, en la que haya igualdad de condiciones para todos los participantes, sin que exista ning\u00fan tipo de exclusi\u00f3n o dado cargado.<\/p>\n\n\n\n<p>Dijo que actualmente tiene a salvo sus derechos como militante de MORENA, ya que no ha sufrido ninguna sanci\u00f3n por los \u00f3rganos del partido y por lo tanto, est\u00e1 en condiciones de ser postulado, aunque reconoci\u00f3 que la carrera hacia la candidatura apenas comienza.<\/p>\n\n\n\n<p>En ese sentido, refiri\u00f3 que est\u00e1 dispuesto a buscar el acercamiento para dialogar con los dem\u00e1s aspiranten y garantizar la unidad, por eso anot\u00f3: \u201cestoy dispuesto a dialogar con todos, menos con el diablo\u201d.<\/p>\n","protected":false},"excerpt":{"rendered":"<p>&#8212; Reprocha que hasta el momento no se le incluya en las mediciones del partido y plantea mantener la coalici\u00f3n con el PT y el PVEM&#8212; Dice que est\u00e1 dispuesto&hellip; <\/p>\n","protected":false},"author":21,"featured_media":99688,"comment_status":"open","ping_status":"open","sticky":false,"template":"","format":"standard","meta":{"fifu_image_url":"https:\/\/www.interaccionnoticias.com.mx\/wp-content\/uploads\/2026\/01\/260122-Alberto-Lopez-Rosas.jpg","fifu_image_alt":"","footnotes":""},"categories":[21],"tags":[],"class_list":["post-99685","post","type-post","status-publish","format-standard","has-post-thumbnail","hentry","category-politica"],"_links":{"self":[{"href":"https:\/\/www.interaccionnoticias.com.mx\/index.php?rest_route=\/wp\/v2\/posts\/99685","targetHints":{"allow":["GET"]}}],"collection":[{"href":"https:\/\/www.interaccionnoticias.com.mx\/index.php?rest_route=\/wp\/v2\/posts"}],"about":[{"href":"https:\/\/www.interaccionnoticias.com.mx\/index.php?rest_route=\/wp\/v2\/types\/post"}],"author":[{"embeddable":true,"href":"https:\/\/www.interaccionnoticias.com.mx\/index.php?rest_route=\/wp\/v2\/users\/21"}],"replies":[{"embeddable":true,"href":"https:\/\/www.interaccionnoticias.com.mx\/index.php?rest_route=%2Fwp%2Fv2%2Fcomments&post=99685"}],"version-history":[{"count":1,"href":"https:\/\/www.interaccionnoticias.com.mx\/index.php?rest_route=\/wp\/v2\/posts\/99685\/revisions"}],"predecessor-version":[{"id":99687,"href":"https:\/\/www.interaccionnoticias.com.mx\/index.php?rest_route=\/wp\/v2\/posts\/99685\/revisions\/99687"}],"wp:featuredmedia":[{"embeddable":true,"href":"https:\/\/www.interaccionnoticias.com.mx\/index.php?rest_route=\/wp\/v2\/media\/99688"}],"wp:attachment":[{"href":"https:\/\/www.interaccionnoticias.com.mx\/index.php?rest_route=%2Fwp%2Fv2%2Fmedia&parent=99685"}],"wp:term":[{"taxonomy":"category","embeddable":true,"href":"https:\/\/www.interaccionnoticias.com.mx\/index.php?rest_route=%2Fwp%2Fv2%2Fcategories&post=99685"},{"taxonomy":"post_tag","embeddable":true,"href":"https:\/\/www.interaccionnoticias.com.mx\/index.php?rest_route=%2Fwp%2Fv2%2Ftags&post=99685"}],"curies":[{"name":"wp","href":"https:\/\/api.w.org\/{rel}","templated":true}]}}