{"id":99675,"date":"2026-01-22T12:53:59","date_gmt":"2026-01-22T19:53:59","guid":{"rendered":"https:\/\/www.interaccionnoticias.com.mx\/?p=99675"},"modified":"2026-01-22T12:54:00","modified_gmt":"2026-01-22T19:54:00","slug":"tras-dos-horas-y-media-de-bloqueo-padres-liberan-la-mexico-acapulco-en-mazatlan-por-falta-de-maestros","status":"publish","type":"post","link":"https:\/\/www.interaccionnoticias.com.mx\/?p=99675","title":{"rendered":"Tras dos horas y media de bloqueo, padres liberan la M\u00e9xico-Acapulco en Mazatl\u00e1n por falta de maestros"},"content":{"rendered":"\n<p><em><strong>La protesta inici\u00f3 antes de las 7 de la ma\u00f1ana y mantuvo cerrada totalmente la v\u00eda federal hasta las 9:30<\/strong><\/em><\/p>\n\n\n\n<p><strong>Interacci\u00f3n Noticias<\/strong><\/p>\n\n\n\n<p>Padres de familia del Jard\u00edn de Ni\u00f1os Diego Rivera, ubicado en el poblado de Mazatl\u00e1n, municipio de Chilpancingo, bloquearon por m\u00e1s de dos horas y media la carretera federal M\u00e9xico-Acapulco, en exigencia de la asignaci\u00f3n de un maestro para el tercer a\u00f1o, grupo B.<\/p>\n\n\n\n<p>El bloqueo total comenz\u00f3 poco antes de las 7 de la ma\u00f1ana, justo en la entrada principal de la comunidad, lo que provoc\u00f3 el cierre absoluto de la v\u00eda libre y afectaciones al tr\u00e1nsito vehicular en ambos sentidos.<\/p>\n\n\n\n<p>Los manifestantes denunciaron que, desde el inicio del ciclo escolar, el grupo carece de docente, situaci\u00f3n que \u2014aseguraron\u2014 afecta el derecho a la educaci\u00f3n de los menores. Rechazaron adem\u00e1s la propuesta de las autoridades de fusionar grupos, al se\u00f1alar que en el aula hay un alumno con discapacidad m\u00faltiple que requiere atenci\u00f3n especializada y un entorno adecuado.<\/p>\n\n\n\n<p>Durante la protesta, los padres advirtieron que mantendr\u00edan el bloqueo de manera indefinida hasta obtener una respuesta favorable por parte de la Secretar\u00eda de Educaci\u00f3n Guerrero (SEG).<\/p>\n\n\n\n<p>Al lugar acudieron autoridades educativas para entablar di\u00e1logo con los inconformes y atender la demanda planteada. Tras las negociaciones, alrededor de las 9:30 de la ma\u00f1ana se restableci\u00f3 la circulaci\u00f3n vehicular en ambos sentidos de la carretera federal M\u00e9xico-Acapulco.<\/p>\n\n\n\n<p>Los padres de familia se\u00f1alaron que se mantendr\u00e1n atentos al cumplimiento de los acuerdos alcanzados, pues insistieron en que la falta de personal docente no es un problema nuevo y se repite cada ciclo escolar en comunidades rurales del municipio.<\/p>\n\n\n\n<figure class=\"wp-block-gallery has-nested-images columns-default is-cropped wp-block-gallery-1 is-layout-flex wp-block-gallery-is-layout-flex\">\n<figure class=\"wp-block-image size-large\"><img decoding=\"async\" src=\"data:image\/gif;base64,R0lGODlhAQABAIAAAAAAAP\/\/\/ywAAAAAAQABAAACAUwAOw==\" fifu-lazy=\"1\" fifu-data-sizes=\"auto\" fifu-data-srcset=\"https:\/\/i3.wp.com\/www.interaccionnoticias.com.mx\/wp-content\/uploads\/2026\/01\/260122-Mazatlan-2-1024x683.jpg?ssl=1&w=75&resize=75&ssl=1 75w, https:\/\/i3.wp.com\/www.interaccionnoticias.com.mx\/wp-content\/uploads\/2026\/01\/260122-Mazatlan-2-1024x683.jpg?ssl=1&w=100&resize=100&ssl=1 100w, https:\/\/i3.wp.com\/www.interaccionnoticias.com.mx\/wp-content\/uploads\/2026\/01\/260122-Mazatlan-2-1024x683.jpg?ssl=1&w=150&resize=150&ssl=1 150w, https:\/\/i3.wp.com\/www.interaccionnoticias.com.mx\/wp-content\/uploads\/2026\/01\/260122-Mazatlan-2-1024x683.jpg?ssl=1&w=240&resize=240&ssl=1 240w, https:\/\/i3.wp.com\/www.interaccionnoticias.com.mx\/wp-content\/uploads\/2026\/01\/260122-Mazatlan-2-1024x683.jpg?ssl=1&w=320&resize=320&ssl=1 320w, https:\/\/i3.wp.com\/www.interaccionnoticias.com.mx\/wp-content\/uploads\/2026\/01\/260122-Mazatlan-2-1024x683.jpg?ssl=1&w=500&resize=500&ssl=1 500w, https:\/\/i3.wp.com\/www.interaccionnoticias.com.mx\/wp-content\/uploads\/2026\/01\/260122-Mazatlan-2-1024x683.jpg?ssl=1&w=640&resize=640&ssl=1 640w, https:\/\/i3.wp.com\/www.interaccionnoticias.com.mx\/wp-content\/uploads\/2026\/01\/260122-Mazatlan-2-1024x683.jpg?ssl=1&w=800&resize=800&ssl=1 800w, https:\/\/i3.wp.com\/www.interaccionnoticias.com.mx\/wp-content\/uploads\/2026\/01\/260122-Mazatlan-2-1024x683.jpg?ssl=1&w=1024&resize=1024&ssl=1 1024w, https:\/\/i3.wp.com\/www.interaccionnoticias.com.mx\/wp-content\/uploads\/2026\/01\/260122-Mazatlan-2-1024x683.jpg?ssl=1&w=1280&resize=1280&ssl=1 1280w, https:\/\/i3.wp.com\/www.interaccionnoticias.com.mx\/wp-content\/uploads\/2026\/01\/260122-Mazatlan-2-1024x683.jpg?ssl=1&w=1600&resize=1600&ssl=1 1600w\" data-id=\"99677\" fifu-data-src=\"https:\/\/i3.wp.com\/www.interaccionnoticias.com.mx\/wp-content\/uploads\/2026\/01\/260122-Mazatlan-2-1024x683.jpg?ssl=1\" alt=\"\" class=\"wp-image-99677\"\/><\/figure>\n\n\n\n<figure class=\"wp-block-image size-large\"><img decoding=\"async\" src=\"data:image\/gif;base64,R0lGODlhAQABAIAAAAAAAP\/\/\/ywAAAAAAQABAAACAUwAOw==\" fifu-lazy=\"1\" fifu-data-sizes=\"auto\" fifu-data-srcset=\"https:\/\/i0.wp.com\/www.interaccionnoticias.com.mx\/wp-content\/uploads\/2026\/01\/260122-Mazatlan-1-1024x683.jpg?ssl=1&w=75&resize=75&ssl=1 75w, https:\/\/i0.wp.com\/www.interaccionnoticias.com.mx\/wp-content\/uploads\/2026\/01\/260122-Mazatlan-1-1024x683.jpg?ssl=1&w=100&resize=100&ssl=1 100w, https:\/\/i0.wp.com\/www.interaccionnoticias.com.mx\/wp-content\/uploads\/2026\/01\/260122-Mazatlan-1-1024x683.jpg?ssl=1&w=150&resize=150&ssl=1 150w, https:\/\/i0.wp.com\/www.interaccionnoticias.com.mx\/wp-content\/uploads\/2026\/01\/260122-Mazatlan-1-1024x683.jpg?ssl=1&w=240&resize=240&ssl=1 240w, https:\/\/i0.wp.com\/www.interaccionnoticias.com.mx\/wp-content\/uploads\/2026\/01\/260122-Mazatlan-1-1024x683.jpg?ssl=1&w=320&resize=320&ssl=1 320w, https:\/\/i0.wp.com\/www.interaccionnoticias.com.mx\/wp-content\/uploads\/2026\/01\/260122-Mazatlan-1-1024x683.jpg?ssl=1&w=500&resize=500&ssl=1 500w, https:\/\/i0.wp.com\/www.interaccionnoticias.com.mx\/wp-content\/uploads\/2026\/01\/260122-Mazatlan-1-1024x683.jpg?ssl=1&w=640&resize=640&ssl=1 640w, https:\/\/i0.wp.com\/www.interaccionnoticias.com.mx\/wp-content\/uploads\/2026\/01\/260122-Mazatlan-1-1024x683.jpg?ssl=1&w=800&resize=800&ssl=1 800w, https:\/\/i0.wp.com\/www.interaccionnoticias.com.mx\/wp-content\/uploads\/2026\/01\/260122-Mazatlan-1-1024x683.jpg?ssl=1&w=1024&resize=1024&ssl=1 1024w, https:\/\/i0.wp.com\/www.interaccionnoticias.com.mx\/wp-content\/uploads\/2026\/01\/260122-Mazatlan-1-1024x683.jpg?ssl=1&w=1280&resize=1280&ssl=1 1280w, https:\/\/i0.wp.com\/www.interaccionnoticias.com.mx\/wp-content\/uploads\/2026\/01\/260122-Mazatlan-1-1024x683.jpg?ssl=1&w=1600&resize=1600&ssl=1 1600w\" data-id=\"99676\" fifu-data-src=\"https:\/\/i0.wp.com\/www.interaccionnoticias.com.mx\/wp-content\/uploads\/2026\/01\/260122-Mazatlan-1-1024x683.jpg?ssl=1\" alt=\"\" class=\"wp-image-99676\"\/><\/figure>\n<\/figure>\n","protected":false},"excerpt":{"rendered":"<p>La protesta inici\u00f3 antes de las 7 de la ma\u00f1ana y mantuvo cerrada totalmente la v\u00eda federal hasta las 9:30 Interacci\u00f3n Noticias Padres de familia del Jard\u00edn de Ni\u00f1os Diego&hellip; <\/p>\n","protected":false},"author":19,"featured_media":99679,"comment_status":"open","ping_status":"open","sticky":false,"template":"","format":"standard","meta":{"fifu_image_url":"https:\/\/www.interaccionnoticias.com.mx\/wp-content\/uploads\/2026\/01\/260122-Mazatlan-1.jpg","fifu_image_alt":"","footnotes":""},"categories":[6],"tags":[],"class_list":["post-99675","post","type-post","status-publish","format-standard","has-post-thumbnail","hentry","category-educacion"],"_links":{"self":[{"href":"https:\/\/www.interaccionnoticias.com.mx\/index.php?rest_route=\/wp\/v2\/posts\/99675","targetHints":{"allow":["GET"]}}],"collection":[{"href":"https:\/\/www.interaccionnoticias.com.mx\/index.php?rest_route=\/wp\/v2\/posts"}],"about":[{"href":"https:\/\/www.interaccionnoticias.com.mx\/index.php?rest_route=\/wp\/v2\/types\/post"}],"author":[{"embeddable":true,"href":"https:\/\/www.interaccionnoticias.com.mx\/index.php?rest_route=\/wp\/v2\/users\/19"}],"replies":[{"embeddable":true,"href":"https:\/\/www.interaccionnoticias.com.mx\/index.php?rest_route=%2Fwp%2Fv2%2Fcomments&post=99675"}],"version-history":[{"count":1,"href":"https:\/\/www.interaccionnoticias.com.mx\/index.php?rest_route=\/wp\/v2\/posts\/99675\/revisions"}],"predecessor-version":[{"id":99678,"href":"https:\/\/www.interaccionnoticias.com.mx\/index.php?rest_route=\/wp\/v2\/posts\/99675\/revisions\/99678"}],"wp:featuredmedia":[{"embeddable":true,"href":"https:\/\/www.interaccionnoticias.com.mx\/index.php?rest_route=\/wp\/v2\/media\/99679"}],"wp:attachment":[{"href":"https:\/\/www.interaccionnoticias.com.mx\/index.php?rest_route=%2Fwp%2Fv2%2Fmedia&parent=99675"}],"wp:term":[{"taxonomy":"category","embeddable":true,"href":"https:\/\/www.interaccionnoticias.com.mx\/index.php?rest_route=%2Fwp%2Fv2%2Fcategories&post=99675"},{"taxonomy":"post_tag","embeddable":true,"href":"https:\/\/www.interaccionnoticias.com.mx\/index.php?rest_route=%2Fwp%2Fv2%2Ftags&post=99675"}],"curies":[{"name":"wp","href":"https:\/\/api.w.org\/{rel}","templated":true}]}}