{"id":99669,"date":"2026-01-22T12:04:11","date_gmt":"2026-01-22T19:04:11","guid":{"rendered":"https:\/\/www.interaccionnoticias.com.mx\/?p=99669"},"modified":"2026-01-22T12:04:12","modified_gmt":"2026-01-22T19:04:12","slug":"por-lo-menos-200-desplazados-pretenden-regresar-a-pueblos-de-juan-r-escudero-con-el-respaldo-de-tres-autodefensas-armadas","status":"publish","type":"post","link":"https:\/\/www.interaccionnoticias.com.mx\/?p=99669","title":{"rendered":"Por lo menos 200 desplazados pretenden regresar a pueblos de Juan R. Escudero, con el respaldo de tres autodefensas armadas"},"content":{"rendered":"\n<p><strong><em>&#8212; UPOEG, CIPOG-EZ y la CRAC-PC anuncian frente comun contra el crimen organizado<br>&#8212; Las organizaciones reprochan falta de acciones y anuncian bloqueos, si persiste el abandono institucional<\/em><\/strong><\/p>\n\n\n\n<p><strong>Jes\u00fas Dorantes<\/strong><\/p>\n\n\n\n<p>Por lo menos 200 personas que fueron desplazadas de comunidades pertenecientes a Juan R. Escudero dieron a conocer su pretensi\u00f3n de regresar, para ello buscaron el respado de por lo menos tres autodefensas armadas que operan en las regiones Centro, Monta\u00f1a Baja y Costa Chica.<\/p>\n\n\n\n<p>Lino Ponce Gonz\u00e1lez, coordinador general de la Uni\u00f3n de Pueblos y Organizaciones del Estado de Guerrero (UPOEG) y Jes\u00fas Pl\u00e1cido Galindo, vocero del Consejo Ind\u00edgena y Popular del Estado de Guerrero\u2013Emiliano Zapata (CIPOG-EZ), informaron que han integrado un frente com\u00fan, en el que tambi\u00e9n est\u00e1 la Coordinadora Regional de Autoridades Comunitarias de los Pueblos Fundadores (CRAC-PC).<\/p>\n\n\n\n<p>La intenci\u00f3n de dicho frente, se\u00f1alan que es frenar la violencia y exigir justicia, lo que pasa por facilitar el regreso a casa de por lo menos 200 desplazados.<\/p>\n\n\n\n<p>Lino Ponce se\u00f1al\u00f3 que en la regi\u00f3n Centro y Monta\u00f1a Baja hay un grupo criminal que es se\u00f1alado por la emboscada y asesinato de 13 polic\u00edas comunitarios de la UPOEG, ocurrida el 16 de agosto pasado.<\/p>\n\n\n\n<p>Ponce Gonz\u00e1lez detall\u00f3 que entre el CIPOG-EZ, la UPOEG y la CRAC-PC, en los \u00faltimos a\u00f1os han sufrido el asesinato de 70 de sus compa\u00f1eros y 25 m\u00e1s se encuentran desaparecidas.<\/p>\n\n\n\n<p>Pese a la gravedad de los hechos, destac\u00f3 que hasta el momento no existen acciones visibles por parte de las autoridades, ya que no se ha detenido a l\u00edderes de la organizaci\u00f3n criminal se\u00f1alada y mucho menos se le ha desarticulado, de tal surte que se mantiene operando sin ning\u00fan problema.<\/p>\n\n\n\n<p>Jes\u00fas Pl\u00e1cido Galindo refiri\u00f3 que otro aspecto sobre el que se trabaja es el de la obra p\u00fablica, pues ante los constantes ataques que sufren, han solicitado la construcci\u00f3n de un centro de salud con servicios ampliados, la instalaci\u00f3n de cajeros autom\u00e1ticos para no tener la necesidad de trasladarse a Chilapa, donde denunci\u00f3 se registran emboscadas y asesinatos.<\/p>\n\n\n\n<p>En los proximos d\u00edas, se espera que regresen a comunidades de Juan R. Escudero por lo menos 200 personas que hace varios a\u00f1os fueron desplazadas por los delincuentes, para ello es que se cuenta con el respaldo de las tres autodefensas armadas.<\/p>\n\n\n\n<p>Ambos dirigentes manifestaron que muchos de los desplazados huyeron hacia Estados Unidos, pero ya decidieron regresar y es por eso que han buscado el respaldo correspondiente.<\/p>\n\n\n\n<figure class=\"wp-block-gallery has-nested-images columns-default is-cropped wp-block-gallery-1 is-layout-flex wp-block-gallery-is-layout-flex\">\n<figure class=\"wp-block-image size-large\"><img decoding=\"async\" src=\"data:image\/gif;base64,R0lGODlhAQABAIAAAAAAAP\/\/\/ywAAAAAAQABAAACAUwAOw==\" fifu-lazy=\"1\" fifu-data-sizes=\"auto\" fifu-data-srcset=\"https:\/\/i2.wp.com\/www.interaccionnoticias.com.mx\/wp-content\/uploads\/2026\/01\/260122-desplazados-2-1024x683.jpg?ssl=1&w=75&resize=75&ssl=1 75w, https:\/\/i2.wp.com\/www.interaccionnoticias.com.mx\/wp-content\/uploads\/2026\/01\/260122-desplazados-2-1024x683.jpg?ssl=1&w=100&resize=100&ssl=1 100w, https:\/\/i2.wp.com\/www.interaccionnoticias.com.mx\/wp-content\/uploads\/2026\/01\/260122-desplazados-2-1024x683.jpg?ssl=1&w=150&resize=150&ssl=1 150w, https:\/\/i2.wp.com\/www.interaccionnoticias.com.mx\/wp-content\/uploads\/2026\/01\/260122-desplazados-2-1024x683.jpg?ssl=1&w=240&resize=240&ssl=1 240w, https:\/\/i2.wp.com\/www.interaccionnoticias.com.mx\/wp-content\/uploads\/2026\/01\/260122-desplazados-2-1024x683.jpg?ssl=1&w=320&resize=320&ssl=1 320w, https:\/\/i2.wp.com\/www.interaccionnoticias.com.mx\/wp-content\/uploads\/2026\/01\/260122-desplazados-2-1024x683.jpg?ssl=1&w=500&resize=500&ssl=1 500w, https:\/\/i2.wp.com\/www.interaccionnoticias.com.mx\/wp-content\/uploads\/2026\/01\/260122-desplazados-2-1024x683.jpg?ssl=1&w=640&resize=640&ssl=1 640w, https:\/\/i2.wp.com\/www.interaccionnoticias.com.mx\/wp-content\/uploads\/2026\/01\/260122-desplazados-2-1024x683.jpg?ssl=1&w=800&resize=800&ssl=1 800w, https:\/\/i2.wp.com\/www.interaccionnoticias.com.mx\/wp-content\/uploads\/2026\/01\/260122-desplazados-2-1024x683.jpg?ssl=1&w=1024&resize=1024&ssl=1 1024w, https:\/\/i2.wp.com\/www.interaccionnoticias.com.mx\/wp-content\/uploads\/2026\/01\/260122-desplazados-2-1024x683.jpg?ssl=1&w=1280&resize=1280&ssl=1 1280w, https:\/\/i2.wp.com\/www.interaccionnoticias.com.mx\/wp-content\/uploads\/2026\/01\/260122-desplazados-2-1024x683.jpg?ssl=1&w=1600&resize=1600&ssl=1 1600w\" data-id=\"99671\" fifu-data-src=\"https:\/\/i2.wp.com\/www.interaccionnoticias.com.mx\/wp-content\/uploads\/2026\/01\/260122-desplazados-2-1024x683.jpg?ssl=1\" alt=\"\" class=\"wp-image-99671\"\/><\/figure>\n\n\n\n<figure class=\"wp-block-image size-large\"><img decoding=\"async\" src=\"data:image\/gif;base64,R0lGODlhAQABAIAAAAAAAP\/\/\/ywAAAAAAQABAAACAUwAOw==\" fifu-lazy=\"1\" fifu-data-sizes=\"auto\" fifu-data-srcset=\"https:\/\/i0.wp.com\/www.interaccionnoticias.com.mx\/wp-content\/uploads\/2026\/01\/260122-desplazados-3-1024x683.jpg?ssl=1&w=75&resize=75&ssl=1 75w, https:\/\/i0.wp.com\/www.interaccionnoticias.com.mx\/wp-content\/uploads\/2026\/01\/260122-desplazados-3-1024x683.jpg?ssl=1&w=100&resize=100&ssl=1 100w, https:\/\/i0.wp.com\/www.interaccionnoticias.com.mx\/wp-content\/uploads\/2026\/01\/260122-desplazados-3-1024x683.jpg?ssl=1&w=150&resize=150&ssl=1 150w, https:\/\/i0.wp.com\/www.interaccionnoticias.com.mx\/wp-content\/uploads\/2026\/01\/260122-desplazados-3-1024x683.jpg?ssl=1&w=240&resize=240&ssl=1 240w, https:\/\/i0.wp.com\/www.interaccionnoticias.com.mx\/wp-content\/uploads\/2026\/01\/260122-desplazados-3-1024x683.jpg?ssl=1&w=320&resize=320&ssl=1 320w, https:\/\/i0.wp.com\/www.interaccionnoticias.com.mx\/wp-content\/uploads\/2026\/01\/260122-desplazados-3-1024x683.jpg?ssl=1&w=500&resize=500&ssl=1 500w, https:\/\/i0.wp.com\/www.interaccionnoticias.com.mx\/wp-content\/uploads\/2026\/01\/260122-desplazados-3-1024x683.jpg?ssl=1&w=640&resize=640&ssl=1 640w, https:\/\/i0.wp.com\/www.interaccionnoticias.com.mx\/wp-content\/uploads\/2026\/01\/260122-desplazados-3-1024x683.jpg?ssl=1&w=800&resize=800&ssl=1 800w, https:\/\/i0.wp.com\/www.interaccionnoticias.com.mx\/wp-content\/uploads\/2026\/01\/260122-desplazados-3-1024x683.jpg?ssl=1&w=1024&resize=1024&ssl=1 1024w, https:\/\/i0.wp.com\/www.interaccionnoticias.com.mx\/wp-content\/uploads\/2026\/01\/260122-desplazados-3-1024x683.jpg?ssl=1&w=1280&resize=1280&ssl=1 1280w, https:\/\/i0.wp.com\/www.interaccionnoticias.com.mx\/wp-content\/uploads\/2026\/01\/260122-desplazados-3-1024x683.jpg?ssl=1&w=1600&resize=1600&ssl=1 1600w\" data-id=\"99670\" fifu-data-src=\"https:\/\/i0.wp.com\/www.interaccionnoticias.com.mx\/wp-content\/uploads\/2026\/01\/260122-desplazados-3-1024x683.jpg?ssl=1\" alt=\"\" class=\"wp-image-99670\"\/><\/figure>\n\n\n\n<figure class=\"wp-block-image size-large\"><img decoding=\"async\" src=\"data:image\/gif;base64,R0lGODlhAQABAIAAAAAAAP\/\/\/ywAAAAAAQABAAACAUwAOw==\" fifu-lazy=\"1\" fifu-data-sizes=\"auto\" fifu-data-srcset=\"https:\/\/i1.wp.com\/www.interaccionnoticias.com.mx\/wp-content\/uploads\/2026\/01\/260122-desplazados-1-1024x683.jpg?ssl=1&w=75&resize=75&ssl=1 75w, https:\/\/i1.wp.com\/www.interaccionnoticias.com.mx\/wp-content\/uploads\/2026\/01\/260122-desplazados-1-1024x683.jpg?ssl=1&w=100&resize=100&ssl=1 100w, https:\/\/i1.wp.com\/www.interaccionnoticias.com.mx\/wp-content\/uploads\/2026\/01\/260122-desplazados-1-1024x683.jpg?ssl=1&w=150&resize=150&ssl=1 150w, https:\/\/i1.wp.com\/www.interaccionnoticias.com.mx\/wp-content\/uploads\/2026\/01\/260122-desplazados-1-1024x683.jpg?ssl=1&w=240&resize=240&ssl=1 240w, https:\/\/i1.wp.com\/www.interaccionnoticias.com.mx\/wp-content\/uploads\/2026\/01\/260122-desplazados-1-1024x683.jpg?ssl=1&w=320&resize=320&ssl=1 320w, https:\/\/i1.wp.com\/www.interaccionnoticias.com.mx\/wp-content\/uploads\/2026\/01\/260122-desplazados-1-1024x683.jpg?ssl=1&w=500&resize=500&ssl=1 500w, https:\/\/i1.wp.com\/www.interaccionnoticias.com.mx\/wp-content\/uploads\/2026\/01\/260122-desplazados-1-1024x683.jpg?ssl=1&w=640&resize=640&ssl=1 640w, https:\/\/i1.wp.com\/www.interaccionnoticias.com.mx\/wp-content\/uploads\/2026\/01\/260122-desplazados-1-1024x683.jpg?ssl=1&w=800&resize=800&ssl=1 800w, https:\/\/i1.wp.com\/www.interaccionnoticias.com.mx\/wp-content\/uploads\/2026\/01\/260122-desplazados-1-1024x683.jpg?ssl=1&w=1024&resize=1024&ssl=1 1024w, https:\/\/i1.wp.com\/www.interaccionnoticias.com.mx\/wp-content\/uploads\/2026\/01\/260122-desplazados-1-1024x683.jpg?ssl=1&w=1280&resize=1280&ssl=1 1280w, https:\/\/i1.wp.com\/www.interaccionnoticias.com.mx\/wp-content\/uploads\/2026\/01\/260122-desplazados-1-1024x683.jpg?ssl=1&w=1600&resize=1600&ssl=1 1600w\" data-id=\"99672\" fifu-data-src=\"https:\/\/i1.wp.com\/www.interaccionnoticias.com.mx\/wp-content\/uploads\/2026\/01\/260122-desplazados-1-1024x683.jpg?ssl=1\" alt=\"\" class=\"wp-image-99672\"\/><\/figure>\n<\/figure>\n","protected":false},"excerpt":{"rendered":"<p>&#8212; UPOEG, CIPOG-EZ y la CRAC-PC anuncian frente comun contra el crimen organizado&#8212; Las organizaciones reprochan falta de acciones y anuncian bloqueos, si persiste el abandono institucional Jes\u00fas Dorantes Por&hellip; <\/p>\n","protected":false},"author":19,"featured_media":99674,"comment_status":"open","ping_status":"open","sticky":false,"template":"","format":"standard","meta":{"fifu_image_url":"https:\/\/www.interaccionnoticias.com.mx\/wp-content\/uploads\/2026\/01\/260122-desplazados-1.jpg","fifu_image_alt":"","footnotes":""},"categories":[23],"tags":[],"class_list":["post-99669","post","type-post","status-publish","format-standard","has-post-thumbnail","hentry","category-regionales"],"_links":{"self":[{"href":"https:\/\/www.interaccionnoticias.com.mx\/index.php?rest_route=\/wp\/v2\/posts\/99669","targetHints":{"allow":["GET"]}}],"collection":[{"href":"https:\/\/www.interaccionnoticias.com.mx\/index.php?rest_route=\/wp\/v2\/posts"}],"about":[{"href":"https:\/\/www.interaccionnoticias.com.mx\/index.php?rest_route=\/wp\/v2\/types\/post"}],"author":[{"embeddable":true,"href":"https:\/\/www.interaccionnoticias.com.mx\/index.php?rest_route=\/wp\/v2\/users\/19"}],"replies":[{"embeddable":true,"href":"https:\/\/www.interaccionnoticias.com.mx\/index.php?rest_route=%2Fwp%2Fv2%2Fcomments&post=99669"}],"version-history":[{"count":1,"href":"https:\/\/www.interaccionnoticias.com.mx\/index.php?rest_route=\/wp\/v2\/posts\/99669\/revisions"}],"predecessor-version":[{"id":99673,"href":"https:\/\/www.interaccionnoticias.com.mx\/index.php?rest_route=\/wp\/v2\/posts\/99669\/revisions\/99673"}],"wp:featuredmedia":[{"embeddable":true,"href":"https:\/\/www.interaccionnoticias.com.mx\/index.php?rest_route=\/wp\/v2\/media\/99674"}],"wp:attachment":[{"href":"https:\/\/www.interaccionnoticias.com.mx\/index.php?rest_route=%2Fwp%2Fv2%2Fmedia&parent=99669"}],"wp:term":[{"taxonomy":"category","embeddable":true,"href":"https:\/\/www.interaccionnoticias.com.mx\/index.php?rest_route=%2Fwp%2Fv2%2Fcategories&post=99669"},{"taxonomy":"post_tag","embeddable":true,"href":"https:\/\/www.interaccionnoticias.com.mx\/index.php?rest_route=%2Fwp%2Fv2%2Ftags&post=99669"}],"curies":[{"name":"wp","href":"https:\/\/api.w.org\/{rel}","templated":true}]}}