{"id":99654,"date":"2026-01-21T13:54:13","date_gmt":"2026-01-21T20:54:13","guid":{"rendered":"https:\/\/www.interaccionnoticias.com.mx\/?p=99654"},"modified":"2026-01-21T13:54:14","modified_gmt":"2026-01-21T20:54:14","slug":"volcadura-en-tenexcalcingo-sobre-la-tlapa-marquelia-deja-una-persona-lesionada","status":"publish","type":"post","link":"https:\/\/www.interaccionnoticias.com.mx\/?p=99654","title":{"rendered":"Volcadura en Tenexcalcingo sobre la Tlapa\u2013Marquelia deja una persona lesionada"},"content":{"rendered":"\n<p><em><strong>&#8212; Accidente se registr\u00f3 en el punto conocido como \u201cLa Concha\u201d<\/strong><\/em><\/p>\n\n\n\n<p><strong>Cristina Serrano<\/strong><\/p>\n\n\n\n<p>La ma\u00f1ana de este mi\u00e9rcoles se registr\u00f3 un accidente automovil\u00edstico sobre la carretera paraestatal Tlapa\u2013Marquelia, a la altura del punto conocido como \u201cLa Concha\u201d, en la localidad de Tenexcalcingo, donde una persona result\u00f3 lesionada.<\/p>\n\n\n\n<p>De acuerdo con los primeros reportes, el veh\u00edculo involucrado sufri\u00f3 una volcadura, lo que provoc\u00f3 que el conductor resultara con lesiones, por lo que fue trasladado a un hospital para recibir atenci\u00f3n m\u00e9dica.<\/p>\n\n\n\n<p>Al lugar acudieron agentes de Tr\u00e1nsito Estatal, quienes se encargaron de realizar los peritajes correspondientes para deslindar responsabilidades. Posteriormente, la unidad fue remolcada al corral\u00f3n estatal, donde permanecer\u00e1 en resguardo hasta que sea reclamada por su propietario, una vez cubiertas las sanciones correspondientes.<\/p>\n\n\n\n<p>Las autoridades exhortaron a las y los automovilistas a conducir con precauci\u00f3n sobre esta v\u00eda, ya que en diversos tramos se presentan condiciones que incrementan el riesgo de accidentes.<\/p>\n","protected":false},"excerpt":{"rendered":"<p>&#8212; Accidente se registr\u00f3 en el punto conocido como \u201cLa Concha\u201d Cristina Serrano La ma\u00f1ana de este mi\u00e9rcoles se registr\u00f3 un accidente automovil\u00edstico sobre la carretera paraestatal Tlapa\u2013Marquelia, a la&hellip; <\/p>\n","protected":false},"author":34,"featured_media":99657,"comment_status":"open","ping_status":"open","sticky":false,"template":"","format":"standard","meta":{"fifu_image_url":"https:\/\/www.interaccionnoticias.com.mx\/wp-content\/uploads\/2026\/01\/250121-Volcadura-en-Tenexcalcingo.jpg","fifu_image_alt":"","footnotes":""},"categories":[23],"tags":[],"class_list":["post-99654","post","type-post","status-publish","format-standard","has-post-thumbnail","hentry","category-regionales"],"_links":{"self":[{"href":"https:\/\/www.interaccionnoticias.com.mx\/index.php?rest_route=\/wp\/v2\/posts\/99654","targetHints":{"allow":["GET"]}}],"collection":[{"href":"https:\/\/www.interaccionnoticias.com.mx\/index.php?rest_route=\/wp\/v2\/posts"}],"about":[{"href":"https:\/\/www.interaccionnoticias.com.mx\/index.php?rest_route=\/wp\/v2\/types\/post"}],"author":[{"embeddable":true,"href":"https:\/\/www.interaccionnoticias.com.mx\/index.php?rest_route=\/wp\/v2\/users\/34"}],"replies":[{"embeddable":true,"href":"https:\/\/www.interaccionnoticias.com.mx\/index.php?rest_route=%2Fwp%2Fv2%2Fcomments&post=99654"}],"version-history":[{"count":1,"href":"https:\/\/www.interaccionnoticias.com.mx\/index.php?rest_route=\/wp\/v2\/posts\/99654\/revisions"}],"predecessor-version":[{"id":99656,"href":"https:\/\/www.interaccionnoticias.com.mx\/index.php?rest_route=\/wp\/v2\/posts\/99654\/revisions\/99656"}],"wp:featuredmedia":[{"embeddable":true,"href":"https:\/\/www.interaccionnoticias.com.mx\/index.php?rest_route=\/wp\/v2\/media\/99657"}],"wp:attachment":[{"href":"https:\/\/www.interaccionnoticias.com.mx\/index.php?rest_route=%2Fwp%2Fv2%2Fmedia&parent=99654"}],"wp:term":[{"taxonomy":"category","embeddable":true,"href":"https:\/\/www.interaccionnoticias.com.mx\/index.php?rest_route=%2Fwp%2Fv2%2Fcategories&post=99654"},{"taxonomy":"post_tag","embeddable":true,"href":"https:\/\/www.interaccionnoticias.com.mx\/index.php?rest_route=%2Fwp%2Fv2%2Ftags&post=99654"}],"curies":[{"name":"wp","href":"https:\/\/api.w.org\/{rel}","templated":true}]}}