{"id":99645,"date":"2026-01-21T11:46:04","date_gmt":"2026-01-21T18:46:04","guid":{"rendered":"https:\/\/www.interaccionnoticias.com.mx\/?p=99645"},"modified":"2026-01-21T11:46:05","modified_gmt":"2026-01-21T18:46:05","slug":"movimiento-social-de-guerrero-decidira-ruta-a-seguir-en-los-comicios-de-2027","status":"publish","type":"post","link":"https:\/\/www.interaccionnoticias.com.mx\/?p=99645","title":{"rendered":"Movimiento social de Guerrero decidir\u00e1 ruta a seguir en los comicios de 2027"},"content":{"rendered":"\n<p><strong><em>&#8212; En 2021, la APPG propuso un precandidato a la gubernatura, pero al final \u201cno salieron las cuentas\u201d, dice el dirigente Nicol\u00e1s Ch\u00e1vez<br>&#8212; Lograron una diputaci\u00f3n que se deslind\u00f3 del movimiento y los dividi\u00f3<\/em><\/strong><\/p>\n\n\n\n<p><strong>Rogelio Agust\u00edn<\/strong><\/p>\n\n\n\n<p>Este fin de semana, las organizaciones que forman parte de la Asamblea Popular de los Pueblos de Guerrero (APPG) definir\u00e1n la ruta a seguir durante el proceso electoral de 2027, desmarc\u00e1ndose de cualquier relaci\u00f3n con los partidos pol\u00edticos.<\/p>\n\n\n\n<p>Nicol\u00e1s Ch\u00e1vez Adame, vocero de la APPG, sostuvo que a pesar de que se est\u00e1 en el inicio de 2026 y que las elecciones se van a desarrollar hasta el pr\u00f3ximo a\u00f1o, en los hechos ya los partidos pol\u00edticos y sus actores internos se encuentran en una etapa de proselitismo anticipado que no dejar\u00e1 nada positivo para la entidad.<\/p>\n\n\n\n<p>\u201cEstamos observando que las posiciones se las van a disputar diputados, tanto locales como federales, presidentes municipales y senadores, de tal manera que los ciudadanos ser\u00e1n avasallados\u201d, anticip\u00f3.<\/p>\n\n\n\n<p>Record\u00f3 que en los comicios de 2021, la APPG realiz\u00f3 un esfuerzo para estructurar a las organizaciones sociales y proponer un perfil como posible candidato a la gubernatura.<\/p>\n\n\n\n<p>\u201cEs cierto, nosotros le entramos, pero sin duda nos salieron mal las cuentas\u201d, anot\u00f3.<\/p>\n\n\n\n<p>Dijo que la APPG consigui\u00f3 una diputaci\u00f3n local a trav\u00e9s de MORENA en la persona de Osvaldo R\u00edos Manrique, quien ya est\u00e1n en el Congreso se distanci\u00f3 de la asamblea y gener\u00f3 una profunda divisi\u00f3n en el movimiento social.<\/p>\n\n\n\n<p>Indic\u00f3 que el pr\u00f3ximo s\u00e1bado 24 de enero, las organizaciones que forman parte de la Asamblea Popular se van a reunir para analizar que har\u00e1 el movimiento social durante el proceso electoral.<\/p>\n\n\n\n<p>Dijo que en su momento, las organizaciones promovieron la refundaci\u00f3n total de MORENA, ya que en estos momentos, por lo menos en Guerrero dicho partido no est\u00e1 actuando con base a lo que plantea la 4 T.<\/p>\n\n\n\n<p>\u201cEn morena ya se fusionaron grupos del PRI, PAN y PRD, MORENA en el estado no est\u00e1 representando adecuadamente a la Cuarta Transformaci\u00f3n\u201d, anot\u00f3.<\/p>\n\n\n\n<p>Dijo que por el momento, la APPG no ha decidido si presentar\u00e1n alguna propuesta para los pr\u00f3ximos comicios, o como lo han hecho en otras ocasiones, al final deciden quedarse completamente al margen.<\/p>\n","protected":false},"excerpt":{"rendered":"<p>&#8212; En 2021, la APPG propuso un precandidato a la gubernatura, pero al final \u201cno salieron las cuentas\u201d, dice el dirigente Nicol\u00e1s Ch\u00e1vez&#8212; Lograron una diputaci\u00f3n que se deslind\u00f3 del&hellip; <\/p>\n","protected":false},"author":21,"featured_media":99648,"comment_status":"open","ping_status":"open","sticky":false,"template":"","format":"standard","meta":{"fifu_image_url":"https:\/\/www.interaccionnoticias.com.mx\/wp-content\/uploads\/2026\/01\/260121-Movimiento-social.jpg","fifu_image_alt":"","footnotes":""},"categories":[15],"tags":[],"class_list":["post-99645","post","type-post","status-publish","format-standard","has-post-thumbnail","hentry","category-movimientos-sociales"],"_links":{"self":[{"href":"https:\/\/www.interaccionnoticias.com.mx\/index.php?rest_route=\/wp\/v2\/posts\/99645","targetHints":{"allow":["GET"]}}],"collection":[{"href":"https:\/\/www.interaccionnoticias.com.mx\/index.php?rest_route=\/wp\/v2\/posts"}],"about":[{"href":"https:\/\/www.interaccionnoticias.com.mx\/index.php?rest_route=\/wp\/v2\/types\/post"}],"author":[{"embeddable":true,"href":"https:\/\/www.interaccionnoticias.com.mx\/index.php?rest_route=\/wp\/v2\/users\/21"}],"replies":[{"embeddable":true,"href":"https:\/\/www.interaccionnoticias.com.mx\/index.php?rest_route=%2Fwp%2Fv2%2Fcomments&post=99645"}],"version-history":[{"count":1,"href":"https:\/\/www.interaccionnoticias.com.mx\/index.php?rest_route=\/wp\/v2\/posts\/99645\/revisions"}],"predecessor-version":[{"id":99647,"href":"https:\/\/www.interaccionnoticias.com.mx\/index.php?rest_route=\/wp\/v2\/posts\/99645\/revisions\/99647"}],"wp:featuredmedia":[{"embeddable":true,"href":"https:\/\/www.interaccionnoticias.com.mx\/index.php?rest_route=\/wp\/v2\/media\/99648"}],"wp:attachment":[{"href":"https:\/\/www.interaccionnoticias.com.mx\/index.php?rest_route=%2Fwp%2Fv2%2Fmedia&parent=99645"}],"wp:term":[{"taxonomy":"category","embeddable":true,"href":"https:\/\/www.interaccionnoticias.com.mx\/index.php?rest_route=%2Fwp%2Fv2%2Fcategories&post=99645"},{"taxonomy":"post_tag","embeddable":true,"href":"https:\/\/www.interaccionnoticias.com.mx\/index.php?rest_route=%2Fwp%2Fv2%2Ftags&post=99645"}],"curies":[{"name":"wp","href":"https:\/\/api.w.org\/{rel}","templated":true}]}}