{"id":99631,"date":"2026-01-20T12:24:26","date_gmt":"2026-01-20T19:24:26","guid":{"rendered":"https:\/\/www.interaccionnoticias.com.mx\/?p=99631"},"modified":"2026-01-20T12:24:27","modified_gmt":"2026-01-20T19:24:27","slug":"muere-tercer-ocupante-del-jetta-accidentado-en-la-chilpancingo-iguala","status":"publish","type":"post","link":"https:\/\/www.interaccionnoticias.com.mx\/?p=99631","title":{"rendered":"Muere tercer ocupante del Jetta accidentado en la Chilpancingo\u2013Iguala"},"content":{"rendered":"\n<p><em><strong>La v\u00edctima falleci\u00f3 la noche de este lunes en el hospital general IMSS-Bienestar de Chilpancingo<\/strong><\/em><\/p>\n\n\n\n<p><strong>Interacci\u00f3n Noticias<\/strong><\/p>\n\n\n\n<p>La noche de este lunes falleci\u00f3 Jes\u00fas Arturo de 35 a\u00f1os de edad, quien permanec\u00eda hospitalizado tras resultar gravemente herido en el accidente automovil\u00edstico ocurrido la madrugada del domingo en la carretera federal Chilpancingo\u2013Iguala.<\/p>\n\n\n\n<p>El deceso se registr\u00f3 mientras recib\u00eda atenci\u00f3n m\u00e9dica en el Hospital General IMSS-Bienestar Raymundo Abarca Alarc\u00f3n, donde sufri\u00f3 un paro cardiaco derivado de las lesiones provocadas por el choque, informaron fuentes m\u00e9dicas.<\/p>\n\n\n\n<p>Con esta muerte, se elev\u00f3 a tres el n\u00famero de hombres fallecidos, mientras que dos personas m\u00e1s contin\u00faan bajo cuidados m\u00e9dicos, una de ellas un menor de edad.<\/p>\n\n\n\n<p>El percance ocurri\u00f3 alrededor de las 5:40 horas del domingo 18 de enero, a la altura del kil\u00f3metro 204, cerca de la comunidad de El Platanal, en el municipio de Eduardo Neri, cuando un autom\u00f3vil Volkswagen Jetta color rojo fue impactado de manera frontal, presuntamente por un tr\u00e1iler cuyo conductor se dio a la fuga.<\/p>\n\n\n\n<p>En el veh\u00edculo viajaban cuatro adultos y un adolescente, todos originarios del municipio de Buenavista de Cu\u00e9llar, quienes se dirig\u00edan al puerto de Acapulco para comercializar productos l\u00e1cteos.<\/p>\n\n\n\n<p>En el lugar del accidente murieron Jes\u00fas Antonio y Miguel, quienes quedaron prensados entre los fierros retorcidos de la unidad, que fue declarada como p\u00e9rdida total.<\/p>\n\n\n\n<p>Los otros tres ocupantes resultaron con lesiones de gravedad y fueron trasladados de emergencia por personal de Protecci\u00f3n Civil de Zumpango al hospital general de Chilpancingo.<\/p>\n\n\n\n<p>Entre los lesionados se encuentra Fernando Torreblanca Acatitla, de 13 a\u00f1os, quien present\u00f3 fracturas expuestas en ambas piernas; Julio C\u00e9sar Martha G\u00f3mez, de 26 a\u00f1os, con fractura de f\u00e9mur y lesiones en el rostro; as\u00ed como Jes\u00fas Arturo Gregorio Cuizapa, quien ten\u00eda posible fractura en la rodilla y dolor en el t\u00f3rax, y quien finalmente perdi\u00f3 la vida este lunes.<\/p>\n","protected":false},"excerpt":{"rendered":"<p>La v\u00edctima falleci\u00f3 la noche de este lunes en el hospital general IMSS-Bienestar de Chilpancingo Interacci\u00f3n Noticias La noche de este lunes falleci\u00f3 Jes\u00fas Arturo de 35 a\u00f1os de edad,&hellip; <\/p>\n","protected":false},"author":2,"featured_media":99634,"comment_status":"open","ping_status":"open","sticky":false,"template":"","format":"standard","meta":{"fifu_image_url":"https:\/\/www.interaccionnoticias.com.mx\/wp-content\/uploads\/2026\/01\/260120-Jetta-accidentado.jpg","fifu_image_alt":"","footnotes":""},"categories":[27],"tags":[],"class_list":["post-99631","post","type-post","status-publish","format-standard","has-post-thumbnail","hentry","category-seguridad-publica"],"_links":{"self":[{"href":"https:\/\/www.interaccionnoticias.com.mx\/index.php?rest_route=\/wp\/v2\/posts\/99631","targetHints":{"allow":["GET"]}}],"collection":[{"href":"https:\/\/www.interaccionnoticias.com.mx\/index.php?rest_route=\/wp\/v2\/posts"}],"about":[{"href":"https:\/\/www.interaccionnoticias.com.mx\/index.php?rest_route=\/wp\/v2\/types\/post"}],"author":[{"embeddable":true,"href":"https:\/\/www.interaccionnoticias.com.mx\/index.php?rest_route=\/wp\/v2\/users\/2"}],"replies":[{"embeddable":true,"href":"https:\/\/www.interaccionnoticias.com.mx\/index.php?rest_route=%2Fwp%2Fv2%2Fcomments&post=99631"}],"version-history":[{"count":1,"href":"https:\/\/www.interaccionnoticias.com.mx\/index.php?rest_route=\/wp\/v2\/posts\/99631\/revisions"}],"predecessor-version":[{"id":99633,"href":"https:\/\/www.interaccionnoticias.com.mx\/index.php?rest_route=\/wp\/v2\/posts\/99631\/revisions\/99633"}],"wp:featuredmedia":[{"embeddable":true,"href":"https:\/\/www.interaccionnoticias.com.mx\/index.php?rest_route=\/wp\/v2\/media\/99634"}],"wp:attachment":[{"href":"https:\/\/www.interaccionnoticias.com.mx\/index.php?rest_route=%2Fwp%2Fv2%2Fmedia&parent=99631"}],"wp:term":[{"taxonomy":"category","embeddable":true,"href":"https:\/\/www.interaccionnoticias.com.mx\/index.php?rest_route=%2Fwp%2Fv2%2Fcategories&post=99631"},{"taxonomy":"post_tag","embeddable":true,"href":"https:\/\/www.interaccionnoticias.com.mx\/index.php?rest_route=%2Fwp%2Fv2%2Ftags&post=99631"}],"curies":[{"name":"wp","href":"https:\/\/api.w.org\/{rel}","templated":true}]}}