{"id":99603,"date":"2026-01-15T15:33:13","date_gmt":"2026-01-15T22:33:13","guid":{"rendered":"https:\/\/www.interaccionnoticias.com.mx\/?p=99603"},"modified":"2026-01-15T15:33:14","modified_gmt":"2026-01-15T22:33:14","slug":"prd-guerrero-no-apoyaria-la-reeleccion-del-alcalde-de-chilpancingo","status":"publish","type":"post","link":"https:\/\/www.interaccionnoticias.com.mx\/?p=99603","title":{"rendered":"PRD-Guerrero no apoyar\u00eda la reelecci\u00f3n del alcalde de Chilpancingo"},"content":{"rendered":"\n<p><em><strong>&#8212; Evodio Vel\u00e1zquez se\u00f1ala que en diferentes momentos, el alcalde capitalino se ha desmarcado del sol azteca<br>&#8212; Reitero que no habr\u00e1 m\u00e1s alianzas electorales con el PRI, partido que s\u00ed cobija al primer edil capitalino<\/strong><\/em><\/p>\n\n\n\n<p><strong>Rogelio Agust\u00edn<\/strong><\/p>\n\n\n\n<p>El dirigente estatal del PRD, Evodio Vel\u00e1zquez Aguirre aclar\u00f3 anticip\u00f3 que dicho instituto pol\u00edtico no respaldar\u00eda una postulaci\u00f3n para la reelecci\u00f3n del alcalde de Chilpancingo, Gustavo Alarc\u00f3n Herrera.<\/p>\n\n\n\n<p>Vel\u00e1zquez Aguirre record\u00f3 que en los comicios de 2024, su candidato a la presidencia municipal de Chilpancingo fue Alejandro Arcos Catal\u00e1n, quien gan\u00f3 la elecci\u00f3n encabezando una alianza del partido del sol azteca con el PRI y el PAN.<\/p>\n\n\n\n<p>Sin embargo, el 6 de octubre del mismo a\u00f1o, una semana despu\u00e9s de rendir la protesta de rigor, el presidente Arcos Catal\u00e1n fue asesinado, lo que dio paso a que el suplente, Gustavo Alarc\u00f3n Herrera asumiera el cargo.<\/p>\n\n\n\n<p>El dirigente estatal del PRD sostuvo que el alcalde capitalino en varias ocasiones se ha desmarcado del partido del sol azteca, lo que ha propiciado que dicho instituto politico haga lo mismo.<\/p>\n\n\n\n<p>Sin embargo, a finales de 2025, la dirigencia estatal del PRI sostuvo que por el trabajo que ha realizado, el tricolor estar\u00eda en la posibilidad de postular para la reelecci\u00f3n inmediata al presidente municipal de Chilpancingo.<\/p>\n\n\n\n<p>Este jueves 15 de enero, el presidente del Comit\u00e9 Estatal del PRD sostuvo que dicho partido no est\u00e1 en la postura de respaldar al jefe de cabildo de la capital de Guerrero.<\/p>\n\n\n\n<p>Incluso, destac\u00f3 que en caso de que el sol azteca busque una alianza para contender en los comicios de 2027 lo har\u00e1 con partidos de izquierda, en relaci\u00f3n a MORENA, el PT o el PVEM.<\/p>\n\n\n\n<p>Sin embargo, aclar\u00f3 que esa determinaci\u00f3n de buscar alianzas solo con partidos de izquierda, no tiene ninguna relaci\u00f3n con su presencia en el cumplea\u00f1os numero 69 del senador F\u00e9lix Salgado Macedonio, que se festej\u00f3 en Chilpancingo.<\/p>\n\n\n\n<p>Aclar\u00f3: \u201cA ese evento no fue Evodio como presidente estatal del PRD; fue Evodio como amigo de F\u00e9lix Salgado, porque \u00e9l tambi\u00e9n ha estado en otros momentos conmigo y yo no niego mi aprecio ni mi amistad\u201d.<\/p>\n","protected":false},"excerpt":{"rendered":"<p>&#8212; Evodio Vel\u00e1zquez se\u00f1ala que en diferentes momentos, el alcalde capitalino se ha desmarcado del sol azteca&#8212; Reitero que no habr\u00e1 m\u00e1s alianzas electorales con el PRI, partido que s\u00ed&hellip; <\/p>\n","protected":false},"author":21,"featured_media":99606,"comment_status":"open","ping_status":"open","sticky":false,"template":"","format":"standard","meta":{"fifu_image_url":"https:\/\/www.interaccionnoticias.com.mx\/wp-content\/uploads\/2026\/01\/260115-Evodio-Velazquez.jpg","fifu_image_alt":"","footnotes":""},"categories":[21],"tags":[],"class_list":["post-99603","post","type-post","status-publish","format-standard","has-post-thumbnail","hentry","category-politica"],"_links":{"self":[{"href":"https:\/\/www.interaccionnoticias.com.mx\/index.php?rest_route=\/wp\/v2\/posts\/99603","targetHints":{"allow":["GET"]}}],"collection":[{"href":"https:\/\/www.interaccionnoticias.com.mx\/index.php?rest_route=\/wp\/v2\/posts"}],"about":[{"href":"https:\/\/www.interaccionnoticias.com.mx\/index.php?rest_route=\/wp\/v2\/types\/post"}],"author":[{"embeddable":true,"href":"https:\/\/www.interaccionnoticias.com.mx\/index.php?rest_route=\/wp\/v2\/users\/21"}],"replies":[{"embeddable":true,"href":"https:\/\/www.interaccionnoticias.com.mx\/index.php?rest_route=%2Fwp%2Fv2%2Fcomments&post=99603"}],"version-history":[{"count":1,"href":"https:\/\/www.interaccionnoticias.com.mx\/index.php?rest_route=\/wp\/v2\/posts\/99603\/revisions"}],"predecessor-version":[{"id":99605,"href":"https:\/\/www.interaccionnoticias.com.mx\/index.php?rest_route=\/wp\/v2\/posts\/99603\/revisions\/99605"}],"wp:featuredmedia":[{"embeddable":true,"href":"https:\/\/www.interaccionnoticias.com.mx\/index.php?rest_route=\/wp\/v2\/media\/99606"}],"wp:attachment":[{"href":"https:\/\/www.interaccionnoticias.com.mx\/index.php?rest_route=%2Fwp%2Fv2%2Fmedia&parent=99603"}],"wp:term":[{"taxonomy":"category","embeddable":true,"href":"https:\/\/www.interaccionnoticias.com.mx\/index.php?rest_route=%2Fwp%2Fv2%2Fcategories&post=99603"},{"taxonomy":"post_tag","embeddable":true,"href":"https:\/\/www.interaccionnoticias.com.mx\/index.php?rest_route=%2Fwp%2Fv2%2Ftags&post=99603"}],"curies":[{"name":"wp","href":"https:\/\/api.w.org\/{rel}","templated":true}]}}