{"id":99423,"date":"2025-12-12T15:52:00","date_gmt":"2025-12-12T22:52:00","guid":{"rendered":"https:\/\/www.interaccionnoticias.com.mx\/?p=99423"},"modified":"2025-12-12T22:14:06","modified_gmt":"2025-12-13T05:14:06","slug":"astudillo-flores-anticipa-que-sera-operador-politico-de-mc-en-los-comicios-de-2027","status":"publish","type":"post","link":"https:\/\/www.interaccionnoticias.com.mx\/?p=99423","title":{"rendered":"Astudillo Flores anticipa que ser\u00e1 operador pol\u00edtico de MC, en los comicios de 2027"},"content":{"rendered":"\n<p><strong><em>&#8212; No buscar\u00e1 la postulaci\u00f3n para ning\u00fan cargo, pero s\u00ed realizar\u00e1 trabajo de an\u00e1lisis y toma de decisiones para el Movimiento Naranja, asegura el ex gobernador de Guerrero<\/em><\/strong><\/p>\n\n\n\n<p><strong>Rogelio Agust\u00edn<\/strong><\/p>\n\n\n\n<p>Aunque ha declarado que no buscar\u00e1 la postulaci\u00f3n para ning\u00fan cargo en 2027, el ex gobernador H\u00e9ctor Astudillo Flores anticip\u00f3 que \u201caunque no lo quiera\u201d, estar\u00e1 activo en la operaci\u00f3n pol\u00edtica a favor del Movimiento Ciudadano (MC), por la experiencia que tiene y la cercan\u00eda con la dirigencia nacional de dicho instituto pol\u00edtico.<\/p>\n\n\n\n<p>La jornada del jueves, el ex gobernador fue cuestionado en Acapulco respecto a la posibilidad de participar en los comicios del 2027, a lo que respondi\u00f3 que no tiene alg\u00fan tipo de aspiraci\u00f3n.<\/p>\n\n\n\n<p>Astudillo Flores ha sido tres veces presidente municipal de Chilpancingo, la capital de Guerrero, tres veces diputado local, senador y gobernador de la entidad.<\/p>\n\n\n\n<p>Ante los cuestionamientos de los comunicadores, dijo que la \u00fanica presidencia a la que aspira, es a la de la Asociaci\u00f3n de Charros de la entidad.<\/p>\n\n\n\n<p>Este viernes 12, ya en Chilpancingo, admiti\u00f3 que su \u00e1rea de participaci\u00f3n pol\u00edtica ser\u00e1 desde la operaci\u00f3n a favor del MC, instituto pol\u00edtico en el que actualmente milita, tras su renuncia a m\u00e1s de 30 a\u00f1os de permanencia en el PRI.<\/p>\n\n\n\n<p>\u201cAunque yo no quiera, voy a estar en la operaci\u00f3n pol\u00edtica; tengo cercan\u00eda con la dirigencia nacional, con (Jorge \u00c1lvarez) Maynes y con Dante Delgado de manera muy consistente, \u00e9l es el l\u00edder moral del movimiento, eso me da la oportunidad de platicar con ellos de manera recurrente\u201d.<\/p>\n\n\n\n<p>Anticip\u00f3 que 2026 ser\u00e1 un a\u00f1o interesante, por las decisiones que van a tomar los diferentes partidos pol\u00edticos, tomando en cuenta que existe un partido en el gobierno de la Rep\u00fablica, que encabeza la mayor\u00eda de los estados y tambi\u00e9n tiene el control de la mayor\u00eda en las c\u00e1maras de diputados federales y senadores.<\/p>\n\n\n\n<p>Agreg\u00f3 que entre los temas que marcar\u00e1n el a\u00f1o entrante se encuentra lo relacionado con la reforma electoral, por la decisi\u00f3n que se tome en cuanto a las curules de representaci\u00f3n proporcional y las funciones del Instituto Nacional Electoral (INE).<\/p>\n\n\n\n<p>Indic\u00f3 que los partidos de oposici\u00f3n en estos momentos tienen sus espacios de participaci\u00f3n y sus votaciones muy acotadas, pero tambi\u00e9n destac\u00f3 que algo que no se puede perder de vista, es la posibilidad de que se generen cambios.<\/p>\n\n\n\n<p>En esa parte reconoci\u00f3 que el asesinato de Carlos Manzo Rodr\u00edguez, en Uruapan Michoac\u00e1n deriv\u00f3 en la irrupci\u00f3n en la vida nacional del Movimiento del Sombrero, adem\u00e1s de las movilizaciones convocadas por la Generaci\u00f3n Z, son factores que sin duda representan una sacudida que en su momento, puede influir mucho en la motivaci\u00f3n de la gente hacia el cambio en la correlaci\u00f3n de fuerzas de manera importante.<\/p>\n","protected":false},"excerpt":{"rendered":"<p>&#8212; No buscar\u00e1 la postulaci\u00f3n para ning\u00fan cargo, pero s\u00ed realizar\u00e1 trabajo de an\u00e1lisis y toma de decisiones para el Movimiento Naranja, asegura el ex gobernador de Guerrero Rogelio Agust\u00edn&hellip; <\/p>\n","protected":false},"author":21,"featured_media":99426,"comment_status":"open","ping_status":"open","sticky":false,"template":"","format":"standard","meta":{"fifu_image_url":"https:\/\/www.interaccionnoticias.com.mx\/wp-content\/uploads\/2025\/12\/251212-Hector-Astudillo.jpg","fifu_image_alt":"","footnotes":""},"categories":[21],"tags":[],"class_list":["post-99423","post","type-post","status-publish","format-standard","has-post-thumbnail","hentry","category-politica"],"_links":{"self":[{"href":"https:\/\/www.interaccionnoticias.com.mx\/index.php?rest_route=\/wp\/v2\/posts\/99423","targetHints":{"allow":["GET"]}}],"collection":[{"href":"https:\/\/www.interaccionnoticias.com.mx\/index.php?rest_route=\/wp\/v2\/posts"}],"about":[{"href":"https:\/\/www.interaccionnoticias.com.mx\/index.php?rest_route=\/wp\/v2\/types\/post"}],"author":[{"embeddable":true,"href":"https:\/\/www.interaccionnoticias.com.mx\/index.php?rest_route=\/wp\/v2\/users\/21"}],"replies":[{"embeddable":true,"href":"https:\/\/www.interaccionnoticias.com.mx\/index.php?rest_route=%2Fwp%2Fv2%2Fcomments&post=99423"}],"version-history":[{"count":1,"href":"https:\/\/www.interaccionnoticias.com.mx\/index.php?rest_route=\/wp\/v2\/posts\/99423\/revisions"}],"predecessor-version":[{"id":99425,"href":"https:\/\/www.interaccionnoticias.com.mx\/index.php?rest_route=\/wp\/v2\/posts\/99423\/revisions\/99425"}],"wp:featuredmedia":[{"embeddable":true,"href":"https:\/\/www.interaccionnoticias.com.mx\/index.php?rest_route=\/wp\/v2\/media\/99426"}],"wp:attachment":[{"href":"https:\/\/www.interaccionnoticias.com.mx\/index.php?rest_route=%2Fwp%2Fv2%2Fmedia&parent=99423"}],"wp:term":[{"taxonomy":"category","embeddable":true,"href":"https:\/\/www.interaccionnoticias.com.mx\/index.php?rest_route=%2Fwp%2Fv2%2Fcategories&post=99423"},{"taxonomy":"post_tag","embeddable":true,"href":"https:\/\/www.interaccionnoticias.com.mx\/index.php?rest_route=%2Fwp%2Fv2%2Ftags&post=99423"}],"curies":[{"name":"wp","href":"https:\/\/api.w.org\/{rel}","templated":true}]}}