{"id":99346,"date":"2025-12-11T16:35:00","date_gmt":"2025-12-11T23:35:00","guid":{"rendered":"https:\/\/www.interaccionnoticias.com.mx\/?p=99346"},"modified":"2025-12-11T21:21:08","modified_gmt":"2025-12-12T04:21:08","slug":"patrulla-de-papel-27","status":"publish","type":"post","link":"https:\/\/www.interaccionnoticias.com.mx\/?p=99346","title":{"rendered":"Patrulla de papel"},"content":{"rendered":"\n<p><strong>Enrique Castillo Gonz\u00e1lez<\/strong><\/p>\n\n\n\n<p><strong>Hablemos del Espir de Corp, y cuando los dragones se bajaron de los caballos<\/strong><\/p>\n\n\n\n<pre class=\"wp-block-code\"><code> En varias tenidas, desarrolladas esas alrededor de la (extraordinaria) mesa sita bajo y sobre el manglar de los cormoranes, ello all\u00e1 en la barra nombrada \u201cPie de la Cuesta\u201d, el anfitri\u00f3n comparti\u00f3 historias fant\u00e1sticas\u2026 corrijo, quise decir \u00a1historias extraordinarias!\n\nEn aquel hilo de conversaciones Mixtli (el referido anfitri\u00f3n) habl\u00f3(nos) de un proyecto literario donde el Quid se enganchaba con el arma de Caballer\u00eda.\n\nAc\u00e1 multi\/parrafeo buscando detallar el -cu\u00e1ntos Ej\u00e9rcitos se han formado dentro de la historia del Gobierno de M\u00e9xico y en todos el caballo hace veces de Ara o piedra angular -de hecho, alguna vez quien fuera Secretario (Def.Nal.) me refiero al Se\u00f1or General Salvador Cienfuegos Zepeda, prolog\u00f3 un libro y en ese detall\u00f3 la creaci\u00f3n de tres Ej\u00e9rcitos Nacionales; quien alguna vez fuera cabeza en asuntos de Doctrina Militar al desarrollar dicho pr\u00f3logo habl\u00f3 del Ej\u00e9rcito Trigarante, el Constitucional y el Actual Ej\u00e9rcito Mexicano. Sea entonces.\n\nTodo lo anterior lo traje a la t\u00e1bula para hacer la obra negra de mi presentaci\u00f3n del edificio de ideas levantado por Mixtli, quien, tuvo la firme convicci\u00f3n de dejar por escrito su(s) experiencias c\u00f3mo 1.- cadete de Caballer\u00eda 2.- Comandante del Escuadr\u00f3n Ignacio Allende del Heroico Colegio Militar, oficial de esa arma, y hacedor de poderosos equipos de Pentatl\u00f3n Moderno. Digo pues.\n\nEl libro \u201ccuando los dragones se bajaron de los caballos\u201d escrito si por el Tatic de nuestro Taller de Ideas hoy est\u00e1 siendo acicalado, peinado y en proceso de ser ensillado, m\u00e1s, Arturo Lima y quien esto escribe, urgidos por dar la buena nueva de esa excelente pieza literaria nos estamos dando la tarea de abrir brecha.\n\nExplico. El Doctor Lima G\u00f3mez abre los trabajos (\u201c\u201d) dici\u00e9ndonos esto:\n\n\n-CR\u00d3NICA HIST\u00d3RICO-MILITAR Y REFLEXI\u00d3N PERSONAL SOBRE LA TRANSFORMACI\u00d3N EN LA CABALLER\u00cdA MEXICANA<\/code><\/pre>\n\n\n\n<p>&nbsp;<br>I. INTRODUCCI\u00d3N. EL ESPEJO DE MIXTLI:CUANDO LOS DRAGONES SE BAJARON DE LOS CABALLOS.<\/p>\n\n\n\n<pre class=\"wp-block-code\"><code>En la novela Azteca, de Gary Jennings, el protagonista MIXTLI cumple la misi\u00f3n de recorrer el vasto territorio mexica para alimentar al TLATOANI con informaci\u00f3n vital: climas, tierras, mares, costumbres, comercio, estructuras de defensa. Era un recolector de inteligencia, un explorador en el sentido m\u00e1s antiguo y noble del t\u00e9rmino.\n\nHoy, cinco siglos despu\u00e9s, otro MIXTLI \u2014un General de Divisi\u00f3n de Estado Mayor, de Arma de Caballer\u00eda, ya en situaci\u00f3n de retiro\u2014 comparte sus propios apuntes recogidos durante d\u00e9cadas de servicio: desde sus responsabilidades como Rector de la Universidad Militar, Jefe de Estado Mayor y Comandante de Regiones Militares, hasta su experiencia como agregado militar en diversos Pa\u00edses.<\/code><\/pre>\n\n\n\n<p>Bajo la sombra de una caba\u00f1a en los Cormoranes de Pie de la Cuesta, entre los manglares de la laguna y la bravura de los mares, en un di\u00e1logo franco y casi confesional, me ofreci\u00f3 sus memorias. A ellas da un nombre que suena a despedida y a renacer:<br>\u201cCuando los dragones se bajaron de los caballos\u201d.<br>Lo que sigue es una cr\u00f3nica de esa evocaci\u00f3n.<br>&nbsp;<br>II. PR\u00d3LOGO DEL VETERANO. EL ENGRANAJE DE LA GUERRA<br>Mixtli relata que las armas del Ej\u00e9rcito son, en conjunto, un gran mecanismo operativo:<br>\u2756 La Infanter\u00eda conquista y conserva el objetivo.<br>\u2756 La Caballer\u00eda y la Blindada maniobran, sorprenden y golpean donde el adversario es m\u00e1s vulnerable.<\/p>\n\n\n\n<p>\u2756 La Artiller\u00eda protege y sostiene.<br>\u2756 Los Ingenieros de Combate permiten la movilidad y facilitan la vida operativa de las tropas.<\/p>\n\n\n\n<p>Cada una de estas ramas coopera hacia un mismo fin. Pero dentro de este sistema, la Caballer\u00eda \u2014la antigua y la moderna\u2014 ocupa un lugar especial, una mezcla de tradici\u00f3n, disciplina y esp\u00edritu rom\u00e1ntico que ha sobrevivido siglos.<br>&nbsp;<br>III. \u201cAL PIE DE SUS CABALLOS\u201d<br>\u00c9sta era la postura b\u00e1sica del drag\u00f3n desmontado: firme, a la derecha de su caballo, riendas en mano, listo para revista u \u00f3rdenes. Una imagen que a\u00fan hoy parece suspendida en el tiempo y que defini\u00f3 el car\u00e1cter de las viejas unidades montadas.<br>&nbsp;<br>IV. DE LA CONQUISTA A LA INDEPENDENCIA: EL MUNDO A CABALLO<br>Emocionado Mixtli recuerda que los caballos, las armas de fuego, las espadas de acero, las armaduras y los perros de guerra fueron los avances que inclinaron la balanza militar durante la Conquista. Su combinaci\u00f3n de velocidad y choque generaba un efecto psicol\u00f3gico devastador.<\/p>\n\n\n\n<pre class=\"wp-block-code\"><code>Durante la Colonia, al inicio s\u00f3lo los Peninsulares montaban; pero con el tiempo, criollos, mestizos e ind\u00edgenas se volvieron notables jinetes y criadores. De esa herencia nacieron un estilo propio y una cultura ecuestre que hoy conocemos como charrer\u00eda mexicana.\n\nLa Caballer\u00eda era la herramienta para reconocimientos profundos, maniobras t\u00e1cticas audaces, cargas violentas, golpes de mano y penetraciones r\u00e1pidas por caminos y veredas. Durante 300 a\u00f1os ese mundo se mantuvo pr\u00e1cticamente inalterado\u2026 hasta que llegaron el ferrocarril y el motor.<\/code><\/pre>\n\n\n\n<p>&nbsp;<br>V. EL BINOMIO ETERNO: DRAG\u00d3N Y CABALLO<br>En sus apuntes explica que la historia militar puede contarse a trav\u00e9s de ese binomio, donde la rapidez del caballo y la voluntad del drag\u00f3n-jinete formaban una sola entidad de combate.<br>Expone tambi\u00e9n que a la fecha existen alrededor de 300 razas de caballos y 60 millones de ejemplares en el mundo, de los cuales Am\u00e9rica concentra el 35%. M\u00e9xico ocupa el segundo lugar mundial en producci\u00f3n equina, solo detr\u00e1s de Estados Unidos.<\/p>\n\n\n\n<pre class=\"wp-block-code\"><code>Un dato que Mixtli subraya con orgullo.<\/code><\/pre>\n\n\n\n<p>Adem\u00e1s, refiere la existencia de 44 hip\u00f3dromos en 24 Pa\u00edses, 18 de ellos en el continente americano, 3 en M\u00e9xico.<br>&nbsp;<br>VI. REMUDAS Y FERROCARRILES: LA LOG\u00cdSTICA DEL REL\u00c1MPAGO<br>Una de las im\u00e1genes m\u00e1s vibrantes de su relato es la de la columna de caballer\u00eda en marcha, llegando a la estaci\u00f3n de remuda:<br>\u25aa Los dragones desmontan,<br>\u25aa Intercambian caballo fatigado por uno fresco,<br>\u25aa Contin\u00faan la marcha con nuevo \u00edmpetu,<br>\u25aa Mientras el escal\u00f3n de ganado queda en reposo y a cuidados veterinarios.<br>&nbsp;<br>M\u00e1s adelante, el ferrocarril revolucion\u00f3 a\u00fan m\u00e1s esta movilidad: caballos ensillados viajaban en jaulas especiales y los jinetes encima del vag\u00f3n. El tren hac\u00eda trayectos cortos y veloces, y tras el desembarque inmediato, la unidad entraba en combate con apoyo artillero.<br>\u201cUna verdadera m\u00e1quina de guerra\u201d, dice Mixtli.<br>&nbsp;<br>VII. LA VIDA EN EL CUARTEL Y EN CAMPA\u00d1A<br>Mixtli se detiene con nostalgia en los ritos del adiestramiento al recordar:<br>\u25aa El toque de Botasilla,<br>\u25aa La crianza del ganado,<br>\u25aa La limpia sistem\u00e1tica de los caballos,<br>\u25aa El trabajo hombro con hombro entre comandante, jefes, tropas y semovientes,<br>\u25aa Los servicios a la poblaci\u00f3n y los eventos c\u00edvico-militares.<br>Relata tambi\u00e9n que personal de Caballer\u00eda ha desempe\u00f1ado altos cargos en la administraci\u00f3n p\u00fablica y ha alcanzado logros ol\u00edmpicos que enaltecen al Pa\u00eds.<br>&nbsp;<br>VIII. EL MUNDO CAMBIA: CERCAS, ASFALTO Y MOTORES<br>La modernidad fue cerrando el mundo al caballo militar:<br>\u25aa Ciudades cada vez m\u00e1s densas,<br>\u25aa Carreteras y obras de autopistas cercadas,<br>\u25aa Ferrocarriles que limitan la marcha,<br>\u25aa Prioridad alimentaria para el consumo humano que encarece el forraje,<br>\u25aa Y la llegada de helic\u00f3pteros, veh\u00edculos de reconocimiento y blindados.<br>Todo ello fue empujando a la vieja Caballer\u00eda hacia la obsolescencia operativa.<br>&nbsp;<br>IX. 1989: EL A\u00d1O EN QUE LOS DRAGONES DESMONTARON<br>Con sentida emoci\u00f3n Mixtli recuerda que desde 1521 hasta 1989 \u2014468 a\u00f1os\u2014 el caballo fue el medio de transporte y combate de los ej\u00e9rcitos en M\u00e9xico. Pero una ma\u00f1ana de ese a\u00f1o, en reuni\u00f3n con el Secretario de la Defensa Nacional, se anunci\u00f3 la decisi\u00f3n hist\u00f3rica:<br>Las unidades montadas ser\u00edan transformadas en regimientos de Caballer\u00eda Motorizada.<\/p>\n\n\n\n<pre class=\"wp-block-code\"><code>Para muchos de los presentes, formados toda su vida en la tradici\u00f3n ecuestre, aquello fue un golpe emocional: un adi\u00f3s silencioso a camaradas de cuatro patas que hab\u00edan acompa\u00f1ado su juventud y su car\u00e1cter militar.\n\nPero este cambio no era una simple sustituci\u00f3n de caballos por veh\u00edculos:<\/code><\/pre>\n\n\n\n<p>\u25aa Implicaba reorganizaci\u00f3n t\u00e1ctica,<br>\u25aa Doctrina propia,<br>\u25aa Equipamiento artillado moderno,<br>\u25aa Procedimientos t\u00e9cnicos y log\u00edsticos,<br>\u25aa Nueva infraestructura y entrenamiento, y<br>\u25aa Definir el destino de los semovientes.<br>Todo esto sin interrumpir las operaciones del d\u00eda a d\u00eda. Fue, en palabras de Mixtli, el nacimiento de la Caballer\u00eda moderna.<br>&nbsp;<br>X. LA GENERACI\u00d3N DEL PUENTE<br>La primera generaci\u00f3n de dragones que oper\u00f3 esta transici\u00f3n \u2014esa que naci\u00f3 montada y madur\u00f3 sobre ruedas\u2014 ser\u00e1 recordada como la que supo tender un puente entre dos mundos.<\/p>\n\n\n\n<pre class=\"wp-block-code\"><code>Conserv\u00f3 tradiciones, s\u00edmbolos y esp\u00edritu; adapt\u00f3 usos y costumbres; y asegur\u00f3 que la esencia de la Caballer\u00eda sobreviviera al cambio tecnol\u00f3gico.<\/code><\/pre>\n\n\n\n<p>A ellos se dirige la frase que resuena en los patios del Colegio Militar:<br>\u201cDragones del Colegio Militar, conservad el esp\u00edritu del arma, actuando siempre con audacia, valent\u00eda, arrojo y astucia\u201d.<br>&nbsp;<br>&nbsp;<br>XI. EP\u00cdLOGO. LA PAUSA DE MIXTLI<br>Al terminar su narraci\u00f3n, Mixtli call\u00f3.<br>Guard\u00f3 un silencio largo, como si escuchara todav\u00eda relincho y tintinar de fierros de bocados y estribos de alg\u00fan caballo que no ha terminado de despedirse.<br>Luego me dio las gracias por permitirle abrir su coraz\u00f3n y desenterrar memorias que a\u00fan le vibran en el alma.<\/p>\n\n\n\n<pre class=\"wp-block-code\"><code>Finalmente, a modo de despedida, recit\u00f3 \u2014con voz emocionada\u2014 un poema del extinto General de Divisi\u00f3n E.M. Gabriel Ortiz Mart\u00ednez, titulado Los de sable y guitarra, homenaje eterno a quienes cabalgaron la historia.<\/code><\/pre>\n\n\n\n<p>&nbsp;<br>VALOR DOCUMENTAL<br>La caracter\u00edstica m\u00e1s relevante de estas cr\u00f3nicas es su capacidad para capturar el elemento humano de la historia militar, un aspecto que los documentos oficiales y los registros de batalla a menudo omiten.<br>Esta narrativa ofrece una visi\u00f3n interna de los procesos de cambio, como la motorizaci\u00f3n de 1989.<\/p>\n\n\n\n<pre class=\"wp-block-code\"><code>Permiten entender no solo qu\u00e9 sucedi\u00f3 (la sustituci\u00f3n de caballos por veh\u00edculos), sino c\u00f3mo lo vivieron los involucrados directos (la nostalgia, el esp\u00edritu del arma, la complejidad del ajuste log\u00edstico).<\/code><\/pre>\n\n\n\n<p>Revela tambi\u00e9n el ambiente, las tradiciones y el ethos del cuerpo militar. Frases como \u00abcon nostalgia vieron pasar en su mente\u00bb o la alusi\u00f3n al poema \u00abLos de Sable y Guitarra\u00bb ilustran la identidad cultural del arma, que es crucial para comprender la moral y la cohesi\u00f3n de las tropas.<\/p>\n\n\n\n<pre class=\"wp-block-code\"><code>Adem\u00e1s, documentan datos que jam\u00e1s se encontrar\u00edan en un informe oficial, como la importancia de la remuda ferroviaria en la t\u00e1ctica de la caballer\u00eda, las crianzas y reproducci\u00f3n de caballos, los esquemas de limpieza de ganado, o los detalles del adiestramiento y el v\u00ednculo binomio Drag\u00f3n-Caballo.<\/code><\/pre>\n\n\n\n<p>&nbsp;<br>Sin duda, para la historia militar y el an\u00e1lisis estrat\u00e9gico, estas cr\u00f3nicas son una fuente esencial que complementa y humaniza la doctrina y estrategia, que servir\u00e1n como prueba directa del proceso de cambio doctrinal y permitir\u00e1n a futuros analistas entender las dificultades operacionales y log\u00edsticas que impulsaron la modernizaci\u00f3n, asegurando que la nueva doctrina t\u00e1ctica (la Caballer\u00eda Motorizada) se entienda como una adaptaci\u00f3n evolutiva y no solo como una orden administrativa.<\/p>\n\n\n\n<pre class=\"wp-block-code\"><code>Al documentar el esfuerzo por adaptar las tradiciones a la nueva realidad, estas cr\u00f3nicas aseguran que la \u00e9tica y los valores fundamentales (audacia, arrojo, astucia) sigan siendo parte del entrenamiento y la identidad de las nuevas generaciones de dragones, que preservaran el Esp\u00edritu del Arma. \n\nEn definitiva, cr\u00f3nicas como esta son fuentes primarias irremplazables, pues como testimonio personal proporciona la vivencia aut\u00e9ntica y el significado emocional detr\u00e1s de ellos. Su importancia radica en asegurar que la historia militar sea contada no solo con datos y n\u00fameros, sino tambi\u00e9n con la voz y el alma de sus protagonistas. GRACIAS AL NUEVO MIXTLI!<\/code><\/pre>\n\n\n\n<p>&nbsp;<br>ES CUANTO.:-<\/p>\n\n\n\n<pre class=\"wp-block-code\"><code>\u00bfAgrego algo? de cierto no quisiera, el escrito de Arturo Lima refiriendo el \u201clibro\u201d trazado por Mixtli est\u00e1 perfilado rumbo a la perfecci\u00f3n, m\u00e1s, cierto estoy de algo\u2026 el libro \u201ccuando los dragones se bajaron de los caballos\u201d vaya si merece Analisis y tratos literarios tal c\u00f3mo se los ha dado el acapulque\u00f1o Arturo Lima G (y dej\u00f3 la \u201cG\u201d sola ello por el significado Inici\u00e1tico del grapho.\n\n\u00daltimo patrullaje.- vaya si los trabajos en gabinete y campo del nieto de mi General M Garcia B. est\u00e1n cerrando c\u00edrculos y tumbando puertas. Y si en pol\u00edtica no hay casualidades en praxis patri\u00f3tica menos.\n\nBalazo al aire.- \u00a1al paso!\n\nGreguer\u00eda.- Uff, buenos resultados eso de dormir \ud83d\udecc en un buen colch\u00f3n.  \n\nOximoron.- amo t\u00fa odio.\n\nHaiku.- obra de arte de Dios \n               eres t\u00fa, r\u00edo \n              y, doy gracias por tu voz.<\/code><\/pre>\n","protected":false},"excerpt":{"rendered":"<p>Enrique Castillo Gonz\u00e1lez Hablemos del Espir de Corp, y cuando los dragones se bajaron de los caballos &nbsp;I. INTRODUCCI\u00d3N. EL ESPEJO DE MIXTLI:CUANDO LOS DRAGONES SE BAJARON DE LOS CABALLOS.&hellip; <\/p>\n","protected":false},"author":35,"featured_media":99348,"comment_status":"open","ping_status":"open","sticky":false,"template":"","format":"standard","meta":{"fifu_image_url":"https:\/\/www.interaccionnoticias.com.mx\/wp-content\/uploads\/2025\/07\/Patrulla-de-Papel.jpg","fifu_image_alt":"","footnotes":""},"categories":[16],"tags":[],"class_list":["post-99346","post","type-post","status-publish","format-standard","has-post-thumbnail","hentry","category-opinion"],"_links":{"self":[{"href":"https:\/\/www.interaccionnoticias.com.mx\/index.php?rest_route=\/wp\/v2\/posts\/99346","targetHints":{"allow":["GET"]}}],"collection":[{"href":"https:\/\/www.interaccionnoticias.com.mx\/index.php?rest_route=\/wp\/v2\/posts"}],"about":[{"href":"https:\/\/www.interaccionnoticias.com.mx\/index.php?rest_route=\/wp\/v2\/types\/post"}],"author":[{"embeddable":true,"href":"https:\/\/www.interaccionnoticias.com.mx\/index.php?rest_route=\/wp\/v2\/users\/35"}],"replies":[{"embeddable":true,"href":"https:\/\/www.interaccionnoticias.com.mx\/index.php?rest_route=%2Fwp%2Fv2%2Fcomments&post=99346"}],"version-history":[{"count":1,"href":"https:\/\/www.interaccionnoticias.com.mx\/index.php?rest_route=\/wp\/v2\/posts\/99346\/revisions"}],"predecessor-version":[{"id":99347,"href":"https:\/\/www.interaccionnoticias.com.mx\/index.php?rest_route=\/wp\/v2\/posts\/99346\/revisions\/99347"}],"wp:featuredmedia":[{"embeddable":true,"href":"https:\/\/www.interaccionnoticias.com.mx\/index.php?rest_route=\/wp\/v2\/media\/99348"}],"wp:attachment":[{"href":"https:\/\/www.interaccionnoticias.com.mx\/index.php?rest_route=%2Fwp%2Fv2%2Fmedia&parent=99346"}],"wp:term":[{"taxonomy":"category","embeddable":true,"href":"https:\/\/www.interaccionnoticias.com.mx\/index.php?rest_route=%2Fwp%2Fv2%2Fcategories&post=99346"},{"taxonomy":"post_tag","embeddable":true,"href":"https:\/\/www.interaccionnoticias.com.mx\/index.php?rest_route=%2Fwp%2Fv2%2Ftags&post=99346"}],"curies":[{"name":"wp","href":"https:\/\/api.w.org\/{rel}","templated":true}]}}