{"id":99330,"date":"2025-12-11T15:22:00","date_gmt":"2025-12-11T22:22:00","guid":{"rendered":"https:\/\/www.interaccionnoticias.com.mx\/?p=99330"},"modified":"2025-12-11T20:11:13","modified_gmt":"2025-12-12T03:11:13","slug":"astudillo-sin-aspiraciones-politicas-para-2027","status":"publish","type":"post","link":"https:\/\/www.interaccionnoticias.com.mx\/?p=99330","title":{"rendered":"Astudillo, sin aspiraciones pol\u00edticas para 2027"},"content":{"rendered":"\n<p><strong><em>&#8212; \u00abSolo quiero ser presidente de la Asociaci\u00f3n de Charros\u00bb, bromea el ex gobernador<br>&#8212; Siempre ser\u00e9 impulsor del servicio p\u00fablico, asegura<br>&#8212; MC Se mantiene en la ruta de no buscar alianzas partidistas<\/em><\/strong><\/p>\n\n\n\n<p><strong>Javier Trujillo<\/strong><\/p>\n\n\n\n<p><strong>Acapulco, Gro. &#8211; <\/strong>El ex gobernador de Guerrero, H\u00e9ctor Astudillo Flores, advierte que ser\u00e1n tiempos, momentos y circunstancias para tejer alianzas rumbo a los pr\u00f3ximos comicios para el 2027.<\/p>\n\n\n\n<p>Advirti\u00f3 que el pr\u00f3ximo proceso electoral estar\u00e1 marcado por dos factores decisivos: la reforma electoral pendiente y la presencia de MORENA, de quien refiri\u00f3 es un partido hegem\u00f3nico a nivel nacional.<\/p>\n\n\n\n<p>Incluso, sugiri\u00f3 que la reforma electoral tiene como el eje m\u00e1s trascendente el pr\u00f3ximo a\u00f1o, la discusi\u00f3n en relaci\u00f3n a las diputaciones plurinominales y el futuro del organismo electoral que podr\u00eda reconfigurar el panorama pol\u00edtico estatal.<\/p>\n\n\n\n<p>Entrevistado al t\u00e9rmino de la reuni\u00f3n con el Grupo Solidaridad en el puerto de Acapulco, se desmarc\u00f3 y rechaz\u00f3 que ande convocando a partidos pol\u00edticos, adelant\u00f3 que habr\u00eda alianzas.<\/p>\n\n\n\n<p>\u201cYo no he convocado a nadie. El an\u00e1lisis de la situaci\u00f3n de los partidos obliga a pensar en alianzas, no porque las promueva o convoque, es un asunto del que se va a seguir hablando, el tema de las alianzas es en el mundo.<\/p>\n\n\n\n<p>\u201cEn Movimiento Ciudadano, acabo de reunirme con Dante Delgado, la idea es seguir solos. Esa es la posici\u00f3n en este momento. No cierro los ojos ante un comentario de hacer alianzas, pero en el caso de MC se tiene una posici\u00f3n, y es estar solos\u201d, declar\u00f3 en Acapulco, el ex mandatario estatal.<\/p>\n\n\n\n<p>En seguida ironiz\u00f3 sobre su futuro pol\u00edtico, \u201cquiero ser presidente de la Asociaci\u00f3n de Charros, de la cual soy miembro. No tengo ning\u00fan otro prop\u00f3sito pol\u00edtico, es broma remarc\u00f3, no tengo ning\u00fan proyecto, siempre ser\u00e9 impulsor del servicio p\u00fablico y de la buena pol\u00edtica\u201d.<\/p>\n\n\n\n<p>Tambi\u00e9n respondi\u00f3 a los se\u00f1alamientos por la cancelaci\u00f3n de su visa, asegurando que fue v\u00edctima de una guerra sucia, y que a ciertos actores pol\u00edticos les resulta inc\u00f3moda su presencia.<\/p>\n\n\n\n<p>\u201cHice muchas declaraciones, a ra\u00edz de mis declaraciones se me hizo una gran guerra sucia. Se perfectamente bien de donde vino, les resulta incomoda mi presencia, pero aqu\u00ed estoy.<\/p>\n\n\n\n<p>\u201cAlgunos medios de comunicaci\u00f3n se prestaron a exaltar eso, como si fuera yo una persona desprestigiada, yo creo que algunos desprestigiados lo quisieron trasladar a mi personal, por el tema de la visa\u201d, precis\u00f3 Astudillo Flores.<\/p>\n\n\n\n<p>En relaci\u00f3n a la situaci\u00f3n que prevalece en la capital del estado Chilpancingo, mencion\u00f3 que es un asunto que se tiene que reflexionar, sobre todo de qui\u00e9nes son organizadores y autoridades, pues se\u00f1al\u00f3 que desea que \u201ctodo salga bien en Chilpancingo, que es donde yo nac\u00ed\u201d, indic\u00f3.<\/p>\n","protected":false},"excerpt":{"rendered":"<p>&#8212; \u00abSolo quiero ser presidente de la Asociaci\u00f3n de Charros\u00bb, bromea el ex gobernador&#8212; Siempre ser\u00e9 impulsor del servicio p\u00fablico, asegura&#8212; MC Se mantiene en la ruta de no buscar&hellip; <\/p>\n","protected":false},"author":3,"featured_media":99333,"comment_status":"open","ping_status":"open","sticky":false,"template":"","format":"standard","meta":{"fifu_image_url":"https:\/\/www.interaccionnoticias.com.mx\/wp-content\/uploads\/2025\/12\/251211-Hector-Astudillo-Flores.jpg","fifu_image_alt":"","footnotes":""},"categories":[21],"tags":[],"class_list":["post-99330","post","type-post","status-publish","format-standard","has-post-thumbnail","hentry","category-politica"],"_links":{"self":[{"href":"https:\/\/www.interaccionnoticias.com.mx\/index.php?rest_route=\/wp\/v2\/posts\/99330","targetHints":{"allow":["GET"]}}],"collection":[{"href":"https:\/\/www.interaccionnoticias.com.mx\/index.php?rest_route=\/wp\/v2\/posts"}],"about":[{"href":"https:\/\/www.interaccionnoticias.com.mx\/index.php?rest_route=\/wp\/v2\/types\/post"}],"author":[{"embeddable":true,"href":"https:\/\/www.interaccionnoticias.com.mx\/index.php?rest_route=\/wp\/v2\/users\/3"}],"replies":[{"embeddable":true,"href":"https:\/\/www.interaccionnoticias.com.mx\/index.php?rest_route=%2Fwp%2Fv2%2Fcomments&post=99330"}],"version-history":[{"count":1,"href":"https:\/\/www.interaccionnoticias.com.mx\/index.php?rest_route=\/wp\/v2\/posts\/99330\/revisions"}],"predecessor-version":[{"id":99332,"href":"https:\/\/www.interaccionnoticias.com.mx\/index.php?rest_route=\/wp\/v2\/posts\/99330\/revisions\/99332"}],"wp:featuredmedia":[{"embeddable":true,"href":"https:\/\/www.interaccionnoticias.com.mx\/index.php?rest_route=\/wp\/v2\/media\/99333"}],"wp:attachment":[{"href":"https:\/\/www.interaccionnoticias.com.mx\/index.php?rest_route=%2Fwp%2Fv2%2Fmedia&parent=99330"}],"wp:term":[{"taxonomy":"category","embeddable":true,"href":"https:\/\/www.interaccionnoticias.com.mx\/index.php?rest_route=%2Fwp%2Fv2%2Fcategories&post=99330"},{"taxonomy":"post_tag","embeddable":true,"href":"https:\/\/www.interaccionnoticias.com.mx\/index.php?rest_route=%2Fwp%2Fv2%2Ftags&post=99330"}],"curies":[{"name":"wp","href":"https:\/\/api.w.org\/{rel}","templated":true}]}}