{"id":99290,"date":"2025-12-11T12:20:05","date_gmt":"2025-12-11T19:20:05","guid":{"rendered":"https:\/\/www.interaccionnoticias.com.mx\/?p=99290"},"modified":"2025-12-11T12:20:07","modified_gmt":"2025-12-11T19:20:07","slug":"la-seguridad-en-la-feria-de-navidad-esta-garantizada-dice-el-alcalde-de-chilpancingo","status":"publish","type":"post","link":"https:\/\/www.interaccionnoticias.com.mx\/?p=99290","title":{"rendered":"La seguridad en la Feria de Navidad est\u00e1 garantizada, dice el alcalde de Chilpancingo"},"content":{"rendered":"\n<p><strong><em>&#8212; Gustavo Alarc\u00f3n Herrera confirma que ya se invit\u00f3 a la gobernadora Evelyn Salgado Pineda al paseo del Pend\u00f3n<br>&#8212; La Mesa de Coordinaci\u00f3n para la Construcci\u00f3n de la Paz ya tiene una estrategia de c\u00f3mo vigilar bien las diferentes sedes, asegura<\/em><\/strong><\/p>\n\n\n\n<p><strong>Rogelio Agust\u00edn<\/strong><\/p>\n\n\n\n<p>El alcalde Gustavo Alarc\u00f3n Herrera sostuvo que la seguridad est\u00e1 garantizada para el desarrollo de la Feria de San Mateo, Navidad y A\u00f1o Nuevo, as\u00ed como al tradicional paseo del Pend\u00f3n, al que indic\u00f3, ya se invit\u00f3 a la gobernadora Evelyn Salgado Pineda.<\/p>\n\n\n\n<p>Tras la develaci\u00f3n del c\u00e1rtel oficial de la edici\u00f3n n\u00famero 200 de la festividad m\u00e1s importante de Chilpancingo, el primer edil manifest\u00f3 que ya invit\u00f3 a la titular del Poder Ejecutivo local para que tome parte del recorrido que se realizar\u00e1 el pr\u00f3ximo domingo 21 de diciembre.<\/p>\n\n\n\n<p>\u201cElla siempre viene, sin dificultades\u201d, dijo el presidente municipal, quien destac\u00f3 que la Mesa de Coordinaci\u00f3n para la Construcci\u00f3n de la Paz tiene un dise\u00f1o de la estrategia de seguridad que se van a implementar durante el desarrollo de las fiestas de fin de a\u00f1o.<\/p>\n\n\n\n<p>\u201cEllos ya tienen definidos como van a operar los anillos de seguridad, se habla de \u00e1reas que van a ser cuidadas de meticulosa\u201d, anot\u00f3.<\/p>\n\n\n\n<p>\u201cNos est\u00e1n acompa\u00f1ando muy bien\u201d, dijo en torno a las corporaciones polic\u00edacas, tanto del estado como de la federaci\u00f3n, por lo que asegur\u00f3 que habr\u00e1 una importante estrategia de seguridad, desde el 21 de diciembre al 6 de enero.<\/p>\n\n\n\n<p>A diez d\u00edas del paseo del Pend\u00f3n, dijo que se van sumando colectivos y contingentes de los barrios tradicionales, ya que se les garantiza que habr\u00e1 el acompa\u00f1amiento suficiente para que tengan la percepci\u00f3n de seguridad.<\/p>\n\n\n\n<p>Tambi\u00e9n dijo que por lo menos 20 municipios de diferentes regiones ya confirmaron su participaci\u00f3n, por lo que se garantiza que habr\u00e1 una cantidad importante de contingentes.<\/p>\n\n\n\n<p>Reconoci\u00f3 que una de las principales preocupaciones de la sociedad es la del transporte p\u00fablico, por eso es que ya se dialoga con los l\u00edderes de las diferentes organizaciones, con la intenci\u00f3n de ampliar las rutas que lo requieran.<\/p>\n","protected":false},"excerpt":{"rendered":"<p>&#8212; Gustavo Alarc\u00f3n Herrera confirma que ya se invit\u00f3 a la gobernadora Evelyn Salgado Pineda al paseo del Pend\u00f3n&#8212; La Mesa de Coordinaci\u00f3n para la Construcci\u00f3n de la Paz ya&hellip; <\/p>\n","protected":false},"author":21,"featured_media":99293,"comment_status":"open","ping_status":"open","sticky":false,"template":"","format":"standard","meta":{"fifu_image_url":"https:\/\/www.interaccionnoticias.com.mx\/wp-content\/uploads\/2025\/12\/251211-Gustavo-Alarcon-Herrera.jpg","fifu_image_alt":"","footnotes":""},"categories":[13],"tags":[],"class_list":["post-99290","post","type-post","status-publish","format-standard","has-post-thumbnail","hentry","category-capital"],"_links":{"self":[{"href":"https:\/\/www.interaccionnoticias.com.mx\/index.php?rest_route=\/wp\/v2\/posts\/99290","targetHints":{"allow":["GET"]}}],"collection":[{"href":"https:\/\/www.interaccionnoticias.com.mx\/index.php?rest_route=\/wp\/v2\/posts"}],"about":[{"href":"https:\/\/www.interaccionnoticias.com.mx\/index.php?rest_route=\/wp\/v2\/types\/post"}],"author":[{"embeddable":true,"href":"https:\/\/www.interaccionnoticias.com.mx\/index.php?rest_route=\/wp\/v2\/users\/21"}],"replies":[{"embeddable":true,"href":"https:\/\/www.interaccionnoticias.com.mx\/index.php?rest_route=%2Fwp%2Fv2%2Fcomments&post=99290"}],"version-history":[{"count":1,"href":"https:\/\/www.interaccionnoticias.com.mx\/index.php?rest_route=\/wp\/v2\/posts\/99290\/revisions"}],"predecessor-version":[{"id":99292,"href":"https:\/\/www.interaccionnoticias.com.mx\/index.php?rest_route=\/wp\/v2\/posts\/99290\/revisions\/99292"}],"wp:featuredmedia":[{"embeddable":true,"href":"https:\/\/www.interaccionnoticias.com.mx\/index.php?rest_route=\/wp\/v2\/media\/99293"}],"wp:attachment":[{"href":"https:\/\/www.interaccionnoticias.com.mx\/index.php?rest_route=%2Fwp%2Fv2%2Fmedia&parent=99290"}],"wp:term":[{"taxonomy":"category","embeddable":true,"href":"https:\/\/www.interaccionnoticias.com.mx\/index.php?rest_route=%2Fwp%2Fv2%2Fcategories&post=99290"},{"taxonomy":"post_tag","embeddable":true,"href":"https:\/\/www.interaccionnoticias.com.mx\/index.php?rest_route=%2Fwp%2Fv2%2Ftags&post=99290"}],"curies":[{"name":"wp","href":"https:\/\/api.w.org\/{rel}","templated":true}]}}