{"id":99287,"date":"2025-12-10T16:50:38","date_gmt":"2025-12-10T23:50:38","guid":{"rendered":"https:\/\/www.interaccionnoticias.com.mx\/?p=99287"},"modified":"2025-12-10T16:50:39","modified_gmt":"2025-12-10T23:50:39","slug":"coparmex-chilpancingo-advierte-afectaciones-a-empresas-por-alza-salarial-anunciada-por-gobierno-federal","status":"publish","type":"post","link":"https:\/\/www.interaccionnoticias.com.mx\/?p=99287","title":{"rendered":"Coparmex Chilpancingo advierte afectaciones a empresas por alza salarial anunciada por gobierno federal"},"content":{"rendered":"\n<p>&#8211;Los trabajadores ser\u00e1n beneficiados con el 13 por ciento de incremento en 2026<\/p>\n\n\n\n<p>Rosario Garc\u00eda Orozco<\/p>\n\n\n\n<p>La Confederaci\u00f3n Patronal de la Rep\u00fablica Mexicana (Coparmex) en Chilpancingo alert\u00f3 sobre el impacto negativo que el aumento del 13 por ciento al salario m\u00ednimo, que anunci\u00f3 el gobierno federal, podr\u00eda generar en las micro y peque\u00f1as empresas a partir de 2026.<\/p>\n\n\n\n<p>Marco Antonio Rodr\u00edguez Canacasco, presidente del organismo empresarial en la capital, se\u00f1al\u00f3 que el ajuste salarial \u2014que elevar\u00eda el ingreso diario de 278.50 a 315.04 pesos, equivalente a un promedio mensual de 9 mil 451 pesos\u2014 representa un desaf\u00edo significativo para los negocios de menor tama\u00f1o.<\/p>\n\n\n\n<p>El dirigente empresarial hizo un llamado a que la definici\u00f3n del incremento sea resultado de un acuerdo tripartito entre gobierno, sector laboral y empleadores, y no una decisi\u00f3n exclusiva de la Comisi\u00f3n Nacional de los Salarios M\u00ednimos (Conasami).<\/p>\n\n\n\n<p>Asegur\u00f3 que Coparmex ha sido la \u00fanica organizaci\u00f3n empresarial que ha manifestado p\u00fablicamente su preocupaci\u00f3n por esa determinaci\u00f3n del gobierno federal.<\/p>\n\n\n\n<p>Rodr\u00edguez Canacasco reconoci\u00f3 que el aumento salarial s\u00ed traer\u00e1 un beneficio directo para los trabajadores, pero insisti\u00f3 en que para las peque\u00f1as unidades econ\u00f3micas podr\u00eda implicar una presi\u00f3n financiera adicional. Explic\u00f3 que el ajuste no solo se refleja en el sueldo, sino tambi\u00e9n en el encarecimiento de las cuotas al IMSS, Infonavit y del impuesto sobre remuneraciones, adem\u00e1s de incrementar el costo de prestaciones como aguinaldo, prima vacacional y bonos.<\/p>\n\n\n\n<p>A este escenario, a\u00f1adi\u00f3, se suma la propuesta de reducci\u00f3n de la jornada laboral de 48 a 40 horas semanales, lo que obligar\u00eda a replantear procesos y cargas de trabajo. \u201cTenemos que analizar c\u00f3mo enfrentar esta nueva realidad y adaptarnos a las modalidades que vengan\u201d, coment\u00f3.<\/p>\n\n\n\n<p>El l\u00edder empresarial advirti\u00f3 que estas medidas se pretenden implementar en un momento de estancamiento econ\u00f3mico nacional, pues \u2014dijo\u2014 \u201cel pa\u00eds no ha registrado crecimiento en el \u00faltimo a\u00f1o\u201d, lo que agrava las condiciones para las empresas m\u00e1s vulnerables.<\/p>\n","protected":false},"excerpt":{"rendered":"<p>&#8211;Los trabajadores ser\u00e1n beneficiados con el 13 por ciento de incremento en 2026 Rosario Garc\u00eda Orozco La Confederaci\u00f3n Patronal de la Rep\u00fablica Mexicana (Coparmex) en Chilpancingo alert\u00f3 sobre el impacto&hellip; <\/p>\n","protected":false},"author":14,"featured_media":99289,"comment_status":"open","ping_status":"open","sticky":false,"template":"","format":"standard","meta":{"fifu_image_url":"https:\/\/www.interaccionnoticias.com.mx\/wp-content\/uploads\/2025\/12\/251210-Marco-Antonio-Rodriguez-Canacasco.jpg","fifu_image_alt":"","footnotes":""},"categories":[13],"tags":[],"class_list":["post-99287","post","type-post","status-publish","format-standard","has-post-thumbnail","hentry","category-capital"],"_links":{"self":[{"href":"https:\/\/www.interaccionnoticias.com.mx\/index.php?rest_route=\/wp\/v2\/posts\/99287","targetHints":{"allow":["GET"]}}],"collection":[{"href":"https:\/\/www.interaccionnoticias.com.mx\/index.php?rest_route=\/wp\/v2\/posts"}],"about":[{"href":"https:\/\/www.interaccionnoticias.com.mx\/index.php?rest_route=\/wp\/v2\/types\/post"}],"author":[{"embeddable":true,"href":"https:\/\/www.interaccionnoticias.com.mx\/index.php?rest_route=\/wp\/v2\/users\/14"}],"replies":[{"embeddable":true,"href":"https:\/\/www.interaccionnoticias.com.mx\/index.php?rest_route=%2Fwp%2Fv2%2Fcomments&post=99287"}],"version-history":[{"count":1,"href":"https:\/\/www.interaccionnoticias.com.mx\/index.php?rest_route=\/wp\/v2\/posts\/99287\/revisions"}],"predecessor-version":[{"id":99288,"href":"https:\/\/www.interaccionnoticias.com.mx\/index.php?rest_route=\/wp\/v2\/posts\/99287\/revisions\/99288"}],"wp:featuredmedia":[{"embeddable":true,"href":"https:\/\/www.interaccionnoticias.com.mx\/index.php?rest_route=\/wp\/v2\/media\/99289"}],"wp:attachment":[{"href":"https:\/\/www.interaccionnoticias.com.mx\/index.php?rest_route=%2Fwp%2Fv2%2Fmedia&parent=99287"}],"wp:term":[{"taxonomy":"category","embeddable":true,"href":"https:\/\/www.interaccionnoticias.com.mx\/index.php?rest_route=%2Fwp%2Fv2%2Fcategories&post=99287"},{"taxonomy":"post_tag","embeddable":true,"href":"https:\/\/www.interaccionnoticias.com.mx\/index.php?rest_route=%2Fwp%2Fv2%2Ftags&post=99287"}],"curies":[{"name":"wp","href":"https:\/\/api.w.org\/{rel}","templated":true}]}}