{"id":99250,"date":"2025-12-10T10:27:24","date_gmt":"2025-12-10T17:27:24","guid":{"rendered":"https:\/\/www.interaccionnoticias.com.mx\/?p=99250"},"modified":"2025-12-10T10:27:25","modified_gmt":"2025-12-10T17:27:25","slug":"normalistas-de-ayotzinapa-realizan-mitin-en-las-instalaciones-del-congreso-local","status":"publish","type":"post","link":"https:\/\/www.interaccionnoticias.com.mx\/?p=99250","title":{"rendered":"Normalistas de Ayotzinapa realizan mitin en las instalaciones del Congreso local"},"content":{"rendered":"\n<p><strong><em>&#8212; A dos d\u00edas de que se cumplan 14 a\u00f1os del asesinato cometido en contra de Alexis Herrera Pino y Gabriel Echeverr\u00eda de Jes\u00fas<\/em><\/strong><\/p>\n\n\n\n<p><strong>Jes\u00fas Dorantes<\/strong><\/p>\n\n\n\n<p>Estudiantes de la Normal Rural de Ayotzinapa realizaron un mitin frente a las instalaciones del Congreso local, a dos d\u00edas de que se cumplan 14 a\u00f1os del asesinato perpetrado en contra de sus compa\u00f1eros Alexis Herrera Pino y Gabriel Echeverr\u00eda de Jes\u00fas.<\/p>\n\n\n\n<p>Los normalistas rurales llegaron al punto conocido como El Tr\u00e9bol, en la parte sur de la ciudad, para plantarse en las puertas del recinto oficial del Poder Legislativo local, lugar en el que realizaron un mitin con la participaci\u00f3n de varios oradores.<\/p>\n\n\n\n<p>Durante casi media hora, los estudiantes se\u00f1alaron que a casi 14 a\u00f1os del desalojo registrado en la Autopista del Sol, en el punto conocido como El Parador del Marqu\u00e9s, no hay hasta el momento ning\u00fan elemento de alguna corporaci\u00f3n policiaca detenido por el asesinato de sus dos compa\u00f1eros.<\/p>\n\n\n\n<p>Recordaron que los hechos del 12 de diciembre de 211 participaron elementos de la Polic\u00eda Federal (PF), en ese tiempo bajo el mando de Genaro Garc\u00eda Luna, preso en Estados Unidos (EAU) por su relaci\u00f3n con grupos del crimen organizado, adem\u00e1s de la Polic\u00eda del Estado y agentes de la Polic\u00eda Ministerial del Estado (PME).<\/p>\n\n\n\n<p>Los oradores manifestaron que a pesar del cambio de partido en el gobierno, hasta el momento no hay se\u00f1ales de voluntad para esclarecer el asesinato de sus compa\u00f1eros, por lo que dichos hechos se encuentran impunes.<\/p>\n\n\n\n<p>Lo mismo sucede en el caso de los 43 desaparecidos en la cabecera municipal de Iguala, tras los ataques del 26 de septiembre de 2014, a manos de integrantes del crimen organizado y polic\u00edas preventivos de la regi\u00f3n Norte.<\/p>\n\n\n\n<p>Los estudiantes se retiraron de las instalaciones sin realizar ning\u00fan tipo de destrozo.<\/p>\n\n\n\n<p>La jornada del martes 9 de diciembre, tuvieron una primera actiidad con la toma de la caseta de peaje de Palo Blanco, en la Autopista del Sol.<\/p>\n\n\n\n<p>El d\u00eda viernes 12, se tiene programada una marcha en la que participar\u00e1 la Federaci\u00f3n de Estudiantes Campesinos Socialistas de M\u00e9xico (FECSM) y diferentes organizaciones sociales, teniendo como punto final el Parador del Marqu\u00e9s, lugar en el que se espera que se realice una misa para recordar a sus compa\u00f1eros asesinados.<\/p>\n\n\n\n<figure class=\"wp-block-gallery has-nested-images columns-default is-cropped wp-block-gallery-1 is-layout-flex wp-block-gallery-is-layout-flex\">\n<figure class=\"wp-block-image\"><img decoding=\"async\" src=\"data:image\/gif;base64,R0lGODlhAQABAIAAAAAAAP\/\/\/ywAAAAAAQABAAACAUwAOw==\" fifu-lazy=\"1\" fifu-data-sizes=\"auto\" fifu-data-srcset=\"https:\/\/i3.wp.com\/www.interaccionnoticias.com.mx\/wp-content\/uploads\/2025\/12\/251210-Normalistas-de-Ayotzinapa-2.jpg?ssl=1&w=75&resize=75&ssl=1 75w, https:\/\/i3.wp.com\/www.interaccionnoticias.com.mx\/wp-content\/uploads\/2025\/12\/251210-Normalistas-de-Ayotzinapa-2.jpg?ssl=1&w=100&resize=100&ssl=1 100w, https:\/\/i3.wp.com\/www.interaccionnoticias.com.mx\/wp-content\/uploads\/2025\/12\/251210-Normalistas-de-Ayotzinapa-2.jpg?ssl=1&w=150&resize=150&ssl=1 150w, https:\/\/i3.wp.com\/www.interaccionnoticias.com.mx\/wp-content\/uploads\/2025\/12\/251210-Normalistas-de-Ayotzinapa-2.jpg?ssl=1&w=240&resize=240&ssl=1 240w, https:\/\/i3.wp.com\/www.interaccionnoticias.com.mx\/wp-content\/uploads\/2025\/12\/251210-Normalistas-de-Ayotzinapa-2.jpg?ssl=1&w=320&resize=320&ssl=1 320w, https:\/\/i3.wp.com\/www.interaccionnoticias.com.mx\/wp-content\/uploads\/2025\/12\/251210-Normalistas-de-Ayotzinapa-2.jpg?ssl=1&w=500&resize=500&ssl=1 500w, https:\/\/i3.wp.com\/www.interaccionnoticias.com.mx\/wp-content\/uploads\/2025\/12\/251210-Normalistas-de-Ayotzinapa-2.jpg?ssl=1&w=640&resize=640&ssl=1 640w, https:\/\/i3.wp.com\/www.interaccionnoticias.com.mx\/wp-content\/uploads\/2025\/12\/251210-Normalistas-de-Ayotzinapa-2.jpg?ssl=1&w=800&resize=800&ssl=1 800w, https:\/\/i3.wp.com\/www.interaccionnoticias.com.mx\/wp-content\/uploads\/2025\/12\/251210-Normalistas-de-Ayotzinapa-2.jpg?ssl=1&w=1024&resize=1024&ssl=1 1024w, https:\/\/i3.wp.com\/www.interaccionnoticias.com.mx\/wp-content\/uploads\/2025\/12\/251210-Normalistas-de-Ayotzinapa-2.jpg?ssl=1&w=1280&resize=1280&ssl=1 1280w, https:\/\/i3.wp.com\/www.interaccionnoticias.com.mx\/wp-content\/uploads\/2025\/12\/251210-Normalistas-de-Ayotzinapa-2.jpg?ssl=1&w=1600&resize=1600&ssl=1 1600w\" data-id=\"99251\" fifu-data-src=\"https:\/\/i3.wp.com\/www.interaccionnoticias.com.mx\/wp-content\/uploads\/2025\/12\/251210-Normalistas-de-Ayotzinapa-2.jpg?ssl=1\" alt=\"\" class=\"wp-image-99251\"\/><\/figure>\n\n\n\n<figure class=\"wp-block-image\"><img decoding=\"async\" src=\"data:image\/gif;base64,R0lGODlhAQABAIAAAAAAAP\/\/\/ywAAAAAAQABAAACAUwAOw==\" fifu-lazy=\"1\" fifu-data-sizes=\"auto\" fifu-data-srcset=\"https:\/\/i2.wp.com\/www.interaccionnoticias.com.mx\/wp-content\/uploads\/2025\/12\/251210-Normalistas-de-Ayotzinapa.jpg?ssl=1&w=75&resize=75&ssl=1 75w, https:\/\/i2.wp.com\/www.interaccionnoticias.com.mx\/wp-content\/uploads\/2025\/12\/251210-Normalistas-de-Ayotzinapa.jpg?ssl=1&w=100&resize=100&ssl=1 100w, https:\/\/i2.wp.com\/www.interaccionnoticias.com.mx\/wp-content\/uploads\/2025\/12\/251210-Normalistas-de-Ayotzinapa.jpg?ssl=1&w=150&resize=150&ssl=1 150w, https:\/\/i2.wp.com\/www.interaccionnoticias.com.mx\/wp-content\/uploads\/2025\/12\/251210-Normalistas-de-Ayotzinapa.jpg?ssl=1&w=240&resize=240&ssl=1 240w, https:\/\/i2.wp.com\/www.interaccionnoticias.com.mx\/wp-content\/uploads\/2025\/12\/251210-Normalistas-de-Ayotzinapa.jpg?ssl=1&w=320&resize=320&ssl=1 320w, https:\/\/i2.wp.com\/www.interaccionnoticias.com.mx\/wp-content\/uploads\/2025\/12\/251210-Normalistas-de-Ayotzinapa.jpg?ssl=1&w=500&resize=500&ssl=1 500w, https:\/\/i2.wp.com\/www.interaccionnoticias.com.mx\/wp-content\/uploads\/2025\/12\/251210-Normalistas-de-Ayotzinapa.jpg?ssl=1&w=640&resize=640&ssl=1 640w, https:\/\/i2.wp.com\/www.interaccionnoticias.com.mx\/wp-content\/uploads\/2025\/12\/251210-Normalistas-de-Ayotzinapa.jpg?ssl=1&w=800&resize=800&ssl=1 800w, https:\/\/i2.wp.com\/www.interaccionnoticias.com.mx\/wp-content\/uploads\/2025\/12\/251210-Normalistas-de-Ayotzinapa.jpg?ssl=1&w=1024&resize=1024&ssl=1 1024w, https:\/\/i2.wp.com\/www.interaccionnoticias.com.mx\/wp-content\/uploads\/2025\/12\/251210-Normalistas-de-Ayotzinapa.jpg?ssl=1&w=1280&resize=1280&ssl=1 1280w, https:\/\/i2.wp.com\/www.interaccionnoticias.com.mx\/wp-content\/uploads\/2025\/12\/251210-Normalistas-de-Ayotzinapa.jpg?ssl=1&w=1600&resize=1600&ssl=1 1600w\" data-id=\"99252\" fifu-data-src=\"https:\/\/i2.wp.com\/www.interaccionnoticias.com.mx\/wp-content\/uploads\/2025\/12\/251210-Normalistas-de-Ayotzinapa.jpg?ssl=1\" alt=\"\" class=\"wp-image-99252\"\/><\/figure>\n\n\n\n<figure class=\"wp-block-image\"><img decoding=\"async\" src=\"data:image\/gif;base64,R0lGODlhAQABAIAAAAAAAP\/\/\/ywAAAAAAQABAAACAUwAOw==\" fifu-lazy=\"1\" fifu-data-sizes=\"auto\" fifu-data-srcset=\"https:\/\/i3.wp.com\/www.interaccionnoticias.com.mx\/wp-content\/uploads\/2025\/12\/251210-Normalistas-de-Ayotzinapa-3.jpg?ssl=1&w=75&resize=75&ssl=1 75w, https:\/\/i3.wp.com\/www.interaccionnoticias.com.mx\/wp-content\/uploads\/2025\/12\/251210-Normalistas-de-Ayotzinapa-3.jpg?ssl=1&w=100&resize=100&ssl=1 100w, https:\/\/i3.wp.com\/www.interaccionnoticias.com.mx\/wp-content\/uploads\/2025\/12\/251210-Normalistas-de-Ayotzinapa-3.jpg?ssl=1&w=150&resize=150&ssl=1 150w, https:\/\/i3.wp.com\/www.interaccionnoticias.com.mx\/wp-content\/uploads\/2025\/12\/251210-Normalistas-de-Ayotzinapa-3.jpg?ssl=1&w=240&resize=240&ssl=1 240w, https:\/\/i3.wp.com\/www.interaccionnoticias.com.mx\/wp-content\/uploads\/2025\/12\/251210-Normalistas-de-Ayotzinapa-3.jpg?ssl=1&w=320&resize=320&ssl=1 320w, https:\/\/i3.wp.com\/www.interaccionnoticias.com.mx\/wp-content\/uploads\/2025\/12\/251210-Normalistas-de-Ayotzinapa-3.jpg?ssl=1&w=500&resize=500&ssl=1 500w, https:\/\/i3.wp.com\/www.interaccionnoticias.com.mx\/wp-content\/uploads\/2025\/12\/251210-Normalistas-de-Ayotzinapa-3.jpg?ssl=1&w=640&resize=640&ssl=1 640w, https:\/\/i3.wp.com\/www.interaccionnoticias.com.mx\/wp-content\/uploads\/2025\/12\/251210-Normalistas-de-Ayotzinapa-3.jpg?ssl=1&w=800&resize=800&ssl=1 800w, https:\/\/i3.wp.com\/www.interaccionnoticias.com.mx\/wp-content\/uploads\/2025\/12\/251210-Normalistas-de-Ayotzinapa-3.jpg?ssl=1&w=1024&resize=1024&ssl=1 1024w, https:\/\/i3.wp.com\/www.interaccionnoticias.com.mx\/wp-content\/uploads\/2025\/12\/251210-Normalistas-de-Ayotzinapa-3.jpg?ssl=1&w=1280&resize=1280&ssl=1 1280w, https:\/\/i3.wp.com\/www.interaccionnoticias.com.mx\/wp-content\/uploads\/2025\/12\/251210-Normalistas-de-Ayotzinapa-3.jpg?ssl=1&w=1600&resize=1600&ssl=1 1600w\" data-id=\"99253\" fifu-data-src=\"https:\/\/i3.wp.com\/www.interaccionnoticias.com.mx\/wp-content\/uploads\/2025\/12\/251210-Normalistas-de-Ayotzinapa-3.jpg?ssl=1\" alt=\"\" class=\"wp-image-99253\"\/><\/figure>\n\n\n\n<figure class=\"wp-block-image\"><img decoding=\"async\" src=\"data:image\/gif;base64,R0lGODlhAQABAIAAAAAAAP\/\/\/ywAAAAAAQABAAACAUwAOw==\" fifu-lazy=\"1\" fifu-data-sizes=\"auto\" fifu-data-srcset=\"https:\/\/i3.wp.com\/www.interaccionnoticias.com.mx\/wp-content\/uploads\/2025\/12\/251210-Normalistas-de-Ayotzinapa-1.jpg?ssl=1&w=75&resize=75&ssl=1 75w, https:\/\/i3.wp.com\/www.interaccionnoticias.com.mx\/wp-content\/uploads\/2025\/12\/251210-Normalistas-de-Ayotzinapa-1.jpg?ssl=1&w=100&resize=100&ssl=1 100w, https:\/\/i3.wp.com\/www.interaccionnoticias.com.mx\/wp-content\/uploads\/2025\/12\/251210-Normalistas-de-Ayotzinapa-1.jpg?ssl=1&w=150&resize=150&ssl=1 150w, https:\/\/i3.wp.com\/www.interaccionnoticias.com.mx\/wp-content\/uploads\/2025\/12\/251210-Normalistas-de-Ayotzinapa-1.jpg?ssl=1&w=240&resize=240&ssl=1 240w, https:\/\/i3.wp.com\/www.interaccionnoticias.com.mx\/wp-content\/uploads\/2025\/12\/251210-Normalistas-de-Ayotzinapa-1.jpg?ssl=1&w=320&resize=320&ssl=1 320w, https:\/\/i3.wp.com\/www.interaccionnoticias.com.mx\/wp-content\/uploads\/2025\/12\/251210-Normalistas-de-Ayotzinapa-1.jpg?ssl=1&w=500&resize=500&ssl=1 500w, https:\/\/i3.wp.com\/www.interaccionnoticias.com.mx\/wp-content\/uploads\/2025\/12\/251210-Normalistas-de-Ayotzinapa-1.jpg?ssl=1&w=640&resize=640&ssl=1 640w, https:\/\/i3.wp.com\/www.interaccionnoticias.com.mx\/wp-content\/uploads\/2025\/12\/251210-Normalistas-de-Ayotzinapa-1.jpg?ssl=1&w=800&resize=800&ssl=1 800w, https:\/\/i3.wp.com\/www.interaccionnoticias.com.mx\/wp-content\/uploads\/2025\/12\/251210-Normalistas-de-Ayotzinapa-1.jpg?ssl=1&w=1024&resize=1024&ssl=1 1024w, https:\/\/i3.wp.com\/www.interaccionnoticias.com.mx\/wp-content\/uploads\/2025\/12\/251210-Normalistas-de-Ayotzinapa-1.jpg?ssl=1&w=1280&resize=1280&ssl=1 1280w, https:\/\/i3.wp.com\/www.interaccionnoticias.com.mx\/wp-content\/uploads\/2025\/12\/251210-Normalistas-de-Ayotzinapa-1.jpg?ssl=1&w=1600&resize=1600&ssl=1 1600w\" data-id=\"99254\" fifu-data-src=\"https:\/\/i3.wp.com\/www.interaccionnoticias.com.mx\/wp-content\/uploads\/2025\/12\/251210-Normalistas-de-Ayotzinapa-1.jpg?ssl=1\" alt=\"\" class=\"wp-image-99254\"\/><\/figure>\n<\/figure>\n\n\n\n<p><\/p>\n","protected":false},"excerpt":{"rendered":"<p>&#8212; A dos d\u00edas de que se cumplan 14 a\u00f1os del asesinato cometido en contra de Alexis Herrera Pino y Gabriel Echeverr\u00eda de Jes\u00fas Jes\u00fas Dorantes Estudiantes de la Normal&hellip; <\/p>\n","protected":false},"author":19,"featured_media":99256,"comment_status":"open","ping_status":"open","sticky":false,"template":"","format":"standard","meta":{"fifu_image_url":"https:\/\/www.interaccionnoticias.com.mx\/wp-content\/uploads\/2025\/12\/251210-Normalistas-de-Ayotzinapa-2.jpg","fifu_image_alt":"","footnotes":""},"categories":[15],"tags":[],"class_list":["post-99250","post","type-post","status-publish","format-standard","has-post-thumbnail","hentry","category-movimientos-sociales"],"_links":{"self":[{"href":"https:\/\/www.interaccionnoticias.com.mx\/index.php?rest_route=\/wp\/v2\/posts\/99250","targetHints":{"allow":["GET"]}}],"collection":[{"href":"https:\/\/www.interaccionnoticias.com.mx\/index.php?rest_route=\/wp\/v2\/posts"}],"about":[{"href":"https:\/\/www.interaccionnoticias.com.mx\/index.php?rest_route=\/wp\/v2\/types\/post"}],"author":[{"embeddable":true,"href":"https:\/\/www.interaccionnoticias.com.mx\/index.php?rest_route=\/wp\/v2\/users\/19"}],"replies":[{"embeddable":true,"href":"https:\/\/www.interaccionnoticias.com.mx\/index.php?rest_route=%2Fwp%2Fv2%2Fcomments&post=99250"}],"version-history":[{"count":1,"href":"https:\/\/www.interaccionnoticias.com.mx\/index.php?rest_route=\/wp\/v2\/posts\/99250\/revisions"}],"predecessor-version":[{"id":99255,"href":"https:\/\/www.interaccionnoticias.com.mx\/index.php?rest_route=\/wp\/v2\/posts\/99250\/revisions\/99255"}],"wp:featuredmedia":[{"embeddable":true,"href":"https:\/\/www.interaccionnoticias.com.mx\/index.php?rest_route=\/wp\/v2\/media\/99256"}],"wp:attachment":[{"href":"https:\/\/www.interaccionnoticias.com.mx\/index.php?rest_route=%2Fwp%2Fv2%2Fmedia&parent=99250"}],"wp:term":[{"taxonomy":"category","embeddable":true,"href":"https:\/\/www.interaccionnoticias.com.mx\/index.php?rest_route=%2Fwp%2Fv2%2Fcategories&post=99250"},{"taxonomy":"post_tag","embeddable":true,"href":"https:\/\/www.interaccionnoticias.com.mx\/index.php?rest_route=%2Fwp%2Fv2%2Ftags&post=99250"}],"curies":[{"name":"wp","href":"https:\/\/api.w.org\/{rel}","templated":true}]}}