{"id":99246,"date":"2025-12-10T09:15:37","date_gmt":"2025-12-10T16:15:37","guid":{"rendered":"https:\/\/www.interaccionnoticias.com.mx\/?p=99246"},"modified":"2025-12-10T09:15:38","modified_gmt":"2025-12-10T16:15:38","slug":"mirada-interior-16","status":"publish","type":"post","link":"https:\/\/www.interaccionnoticias.com.mx\/?p=99246","title":{"rendered":"MIRADA INTERIOR"},"content":{"rendered":"\n<p><strong>AGUAS CON EL AGUA<br>DESFILE NAVIDE\u00d1O EN JIUTEPEC<\/strong><\/p>\n\n\n\n<p><strong>Por: Isa\u00edas Alan\u00eds<\/strong><\/p>\n\n\n\n<p>La resurrecci\u00f3n del Frankenstein de la Doctrina Monroe, es una aberraci\u00f3n en pleno siglo XXI. Proclamada en 1823 por el mandatario James Monroe, que impone como polic\u00eda mundial a EEUU, impedir la no intervenci\u00f3n de potencias europeas en Am\u00e9rica, bajo el lema \u201cAm\u00e9rica para los Americanos\u201d, con visa de ataque a naciones latinoamericanas e intervenir militarmente ante la \u201cincapacidad de gobiernos latinoamericanos\u201d. La galvanizaci\u00f3n mundial entra en una olla de presi\u00f3n al declarar Trump que no le \u201cgusta como se gobierna Europa\u201d. Que inmediatamente tuvo una respuesta de la Uni\u00f3n Europea, de manera diplom\u00e1tica se le demanda que no se meta con ellos. Y China advierte al magnate del bailecito cuchi cuchi, que no pase la l\u00ednea roja de Pek\u00edn.<\/p>\n\n\n\n<p>En este escenario de terror olig\u00e1rquico de Trump y sus cuates armeros mundiales, due\u00f1os de medios digitales, posterior al encuentro futbolero Made in Trump Company, con el ministro de Canad\u00e1 y la presidenta Claudia Sheinbaum, arremete contra M\u00e9xico y exige que entregue 246 millones de metros c\u00fabicos de agua del R\u00edo Bravo a agricultores de Texas antes de que concluya diciembre o impondr\u00e1 un arancel de 5 por ciento a productos de exportaci\u00f3n. Existe un tratado bilateral que data de 1944. Cada a\u00f1o EEUU debe enviar mil 850 millones de metros c\u00fabicos de agua del r\u00edo Colorado y M\u00e9xico 432 millones del r\u00edo Bravo.<\/p>\n\n\n\n<p>Amenaza que llega cuando resuenan tambores de guerra por el agua en M\u00e9xico y sus r\u00edos contaminados, presas inservibles, ductos antiguos como el lodo. Un mapa de distribuci\u00f3n obsoleto. \u00bfCu\u00e1ntos millones de mexicanos carecen de agua?<br>En plena era de cambios sustantivos, la ley del agua es una burla para millones de campesinos, pueblos originarios.&nbsp;<\/p>\n\n\n\n<p>De la ley de L\u00e1zaro C\u00e1rdenas a la de Salinas de Gortari, el vendedor de la patria, solo hay un paso; modificarla. Y el actual gobierno, solo maquilla el atraco que durante decenas de a\u00f1os, los ricos de este pa\u00eds, cometen rob\u00e1ndosela a sus leg\u00edtimos due\u00f1os. Para estar a la moda, \u201cdurante todo el periodo neoliberal\u201d, el recurso h\u00eddrico ha estado en manos de: mineras, campesinos de pedigr\u00ed, embotelladoras, cervecer\u00edas, envasadoras de agua \u201cpurificada\u201d, y jugoso negocio sin chimeneas. Quien posee el agua, tiene el poder y el negocio de su venta ilegal.<br>&nbsp;<br>La reforma, habr\u00e1 de ablandar la tensa relaci\u00f3n entre grupos de la oposici\u00f3n irreductible. La reforma es a modo con grupos olig\u00e1rquicos que la explotan para su beneficio, un caso espec\u00edfico: \u201clos usuarios industriales y de servicios s\u00f3lo est\u00e1n pagando derechos sobre el 20 por ciento de los vol\u00famenes concesionados\u201d. Si se les cobrara lo justo, \u201cse podr\u00eda cada a\u00f1o obtener 44 mil millones de pesos, una cantidad mayor que el presupuesto de la Conagua. De ah\u00ed vendr\u00eda el agua que se necesita para las ciudades\u201d y los proyectos estrat\u00e9gicos\u201d.<br>\u00bfCu\u00e1ntas comunidades de la zona rural del pa\u00eds no cuentan con el \u201cvital l\u00edquido\u201d?<\/p>\n\n\n\n<p>La C\u00e1mara de Diputados aprob\u00f3 en lo general, con 328 votos a favor, 131 en contra y 5 abstenciones, el dictamen que expide la Ley General de Aguas y reforma, deroga y adiciona diversas disposiciones de la Ley de Aguas Nacionales, cuyo objetivo es reglamentar el ejercicio del derecho humano al agua y retomar y fortalecer la rector\u00eda del Estado en el dominio y administraci\u00f3n de las aguas nacionales\u201d.&nbsp;La nueva ley no deroga el art\u00edculo 102 de la Ley de Aguas Nacionales, donde se especifica fomentar la privatizaci\u00f3n y a\u00f1adir el art\u00edculo 44, que proh\u00edbe la privatizaci\u00f3n. \u00bfSe mantendr\u00e1 el mismo esquema?; C\u00e9sar Duarte se construy\u00f3 una presa privada para su rancho el Saucito; Vicente Fox obtuvo concesiones por 3 mil 114 millones de metros c\u00fabicos de agua, y para familiares, 150 t\u00edtulos de concesi\u00f3n de agua con 47 millones de metros c\u00fabicos. Alex LeBar\u00f3n y familiares, poseen 47 millones de metros c\u00fabicos de agua y 150 concesiones obtenidas con Vicente Fox.<\/p>\n\n\n\n<p>En pleno chantaje trumpiano y oligarcas locales de la ultra derecha extranjera y nacional, el gobierno de M\u00e9xico, es amenazado por los deseos imperialistas de Trump con el Big garrote de la Doctrina Monroe. \u00bfQu\u00e9 va pasar con la nueva ley del agua? Seguir\u00e1 el mismo esquema de agua solo para las elites?<\/p>\n\n\n\n<p>Ante la celeridad de la nueva Fiscal, Ernestina Godoy, y cambiarle el rostro a la Fiscal\u00eda de la Naci\u00f3n, fue detenido otro miembro del equipo de gobernadores orgullo de EPN, C\u00e9sar Duarte; cuyo proceso estuvo congelado por Maru Campos, gobernadora de Chihuahua; un priista defendido por una panista. Clemole nacional, amores compartidos en las cloacas de la corrupci\u00f3n. Fue detenido y pasar\u00e1 Navidad en Almoloya de Ju\u00e1rez. \u00bfLe seguir\u00e1 el otro, Javier Duarte de Ochoa, Silvano Albores Conejo de Michoac\u00e1n; Andr\u00e9s Granier de Tabasco; Roberto Borge de Quintana Roo; Tom\u00e1s Yarrington, Alejandro Moreno de Campeche, Cuauht\u00e9moc Blanco de Morelos; Cesar Augusto L\u00f3pez, Cuitl\u00e1huac Garc\u00eda de Veracruz, entre otros. \u00bfSer\u00e1 la misi\u00f3n imposible de Ernestina Godoy?<\/p>\n\n\n\n<p>El Dirigente Nacional del PAN, Jorge Romero, \u201cAc\u00f3lito Hitlercito\u201d, se sac\u00f3 una puntada de la manga y nombr\u00f3 al pr\u00f3fugo de la justicia, Francisco Garc\u00eda Cabeza de Vaca, representante del PAN en Am\u00e9rica del Norte. \u00a1Ah chinga, que no mame, dir\u00eda do\u00f1a Chonita\u00a1<\/p>\n\n\n\n<p>DE REOJO<\/p>\n\n\n\n<p>El s\u00e1bado pasado sal\u00ed de mi gruta donde escribo mi segmento del libro: \u201cLa M\u00fasica de Morelos\u201d, y reviso mi parte del libro \u201cMezcales de Guerrero\u201d, escrito a tres manos con Tulio P\u00e9rez Calvo y Emiliano Alan\u00eds Manzano, de pronta publicaci\u00f3n. Camin\u00e9 al z\u00f3calo de Jiutepec, y me impresion\u00f3 cuanta gente asisti\u00f3 al desfile navide\u00f1o organizado por el alcalde, Eder Rodr\u00edguez Casillas. No pude verlo, llegu\u00e9 al final, lo significativo es, que los gobernantes involucren a la gente, hacer comunidad, y compartir con los gobernados momentos de gozo y celebraci\u00f3n de una Navidad cada vez m\u00e1s monetizada por la voracidad de comprar y vender.<\/p>\n\n\n\n<p>Es trascendental salir a la calle, disfrutar en familia y despertar en las nuevas generaciones el amor por una nueva cultura navide\u00f1a, en un clima de paz interior y de paz-pueblo. Ojal\u00e1 que el pr\u00f3ximo a\u00f1o, en torno al desfile, haya m\u00e1s eventos culturales; conciertos de m\u00fasica, entremeses, villancicos, artistas pl\u00e1sticos, danzantes de la tradici\u00f3n, y para embellecer el desfile, viveristas con carros aleg\u00f3ricos de Cuetlax\u00f3chitl, y las flores de temporada navide\u00f1a que se producen en Jiutepec. \u00a1Enhorabuena\u00a1<\/p>\n\n\n\n<p>*Las Miradas continuar\u00e1n hasta enero del 2026. Gracias a las y los lectores de esta columna, y que se la pasen ch\u00e9vere en familia durante los festejos navide\u00f1os y de fin de a\u00f1o. \u00a1Salud, mucha salud\u00a1<\/p>\n","protected":false},"excerpt":{"rendered":"<p>AGUAS CON EL AGUADESFILE NAVIDE\u00d1O EN JIUTEPEC Por: Isa\u00edas Alan\u00eds La resurrecci\u00f3n del Frankenstein de la Doctrina Monroe, es una aberraci\u00f3n en pleno siglo XXI. Proclamada en 1823 por el&hellip; <\/p>\n","protected":false},"author":7,"featured_media":99248,"comment_status":"open","ping_status":"open","sticky":false,"template":"","format":"standard","meta":{"fifu_image_url":"https:\/\/www.interaccionnoticias.com.mx\/wp-content\/uploads\/2025\/03\/Mirada-Interior-Opinion.jpg","fifu_image_alt":"","footnotes":""},"categories":[16],"tags":[],"class_list":["post-99246","post","type-post","status-publish","format-standard","has-post-thumbnail","hentry","category-opinion"],"_links":{"self":[{"href":"https:\/\/www.interaccionnoticias.com.mx\/index.php?rest_route=\/wp\/v2\/posts\/99246","targetHints":{"allow":["GET"]}}],"collection":[{"href":"https:\/\/www.interaccionnoticias.com.mx\/index.php?rest_route=\/wp\/v2\/posts"}],"about":[{"href":"https:\/\/www.interaccionnoticias.com.mx\/index.php?rest_route=\/wp\/v2\/types\/post"}],"author":[{"embeddable":true,"href":"https:\/\/www.interaccionnoticias.com.mx\/index.php?rest_route=\/wp\/v2\/users\/7"}],"replies":[{"embeddable":true,"href":"https:\/\/www.interaccionnoticias.com.mx\/index.php?rest_route=%2Fwp%2Fv2%2Fcomments&post=99246"}],"version-history":[{"count":1,"href":"https:\/\/www.interaccionnoticias.com.mx\/index.php?rest_route=\/wp\/v2\/posts\/99246\/revisions"}],"predecessor-version":[{"id":99247,"href":"https:\/\/www.interaccionnoticias.com.mx\/index.php?rest_route=\/wp\/v2\/posts\/99246\/revisions\/99247"}],"wp:featuredmedia":[{"embeddable":true,"href":"https:\/\/www.interaccionnoticias.com.mx\/index.php?rest_route=\/wp\/v2\/media\/99248"}],"wp:attachment":[{"href":"https:\/\/www.interaccionnoticias.com.mx\/index.php?rest_route=%2Fwp%2Fv2%2Fmedia&parent=99246"}],"wp:term":[{"taxonomy":"category","embeddable":true,"href":"https:\/\/www.interaccionnoticias.com.mx\/index.php?rest_route=%2Fwp%2Fv2%2Fcategories&post=99246"},{"taxonomy":"post_tag","embeddable":true,"href":"https:\/\/www.interaccionnoticias.com.mx\/index.php?rest_route=%2Fwp%2Fv2%2Ftags&post=99246"}],"curies":[{"name":"wp","href":"https:\/\/api.w.org\/{rel}","templated":true}]}}