{"id":99242,"date":"2025-12-10T09:00:45","date_gmt":"2025-12-10T16:00:45","guid":{"rendered":"https:\/\/www.interaccionnoticias.com.mx\/?p=99242"},"modified":"2025-12-10T09:00:47","modified_gmt":"2025-12-10T16:00:47","slug":"ataque-armado-en-cochoapa-el-grande-deja-dos-heridos-de-gravedad","status":"publish","type":"post","link":"https:\/\/www.interaccionnoticias.com.mx\/?p=99242","title":{"rendered":"Ataque armado en Cochoapa El Grande deja dos heridos de gravedad"},"content":{"rendered":"\n<p><strong><em>&#8212; Empresario Florentino Esteban Flores y su hijo fueron atacados por un grupo armado<\/em><\/strong><\/p>\n\n\n\n<p><strong>Interacci\u00f3n<\/strong><\/p>\n\n\n\n<p>Una ataque armado se registr\u00f3 alrededor de las 17:00 horas del martes 9 de diciembre en la cabecera municipal de Cochoapa El Grande, en la regi\u00f3n Monta\u00f1a, el hecho dej\u00f3 herido al empresario materialista Florentino Esteban Flores y a su hijo mayor.<\/p>\n\n\n\n<p>De acuerdo con testimonios de habitantes, un grupo de civiles armados, encapuchados y portando rifles de asalto, arrib\u00f3 a dicha localidad a bordo de una camioneta Toyota Hilux color blanca.<\/p>\n\n\n\n<p>Los agresores se detuvieron frente al domicilio y negocio de la familia Esteban y abrieron fuego contra las personas que se encontraban en el lugar.<\/p>\n\n\n\n<p>Los pobladores se\u00f1alaron que la balacera se prolong\u00f3 entre 15 y 20 minutos, tras lo cual el comando huy\u00f3 con direcci\u00f3n al arco de acceso principal de la cabecera municipal.<\/p>\n\n\n\n<p>En el negocio de venta de materiales y bebidas quedaron heridos Florentino Esteban y su hijo, quienes fueron auxiliados y trasladados para recibir atenci\u00f3n m\u00e9dica.<\/p>\n\n\n\n<p>Las primeras versiones indican que ambos se encuentran en estado cr\u00edtico. No se reportaron m\u00e1s personas lesionadas.<\/p>\n\n\n\n<p>Este hecho constituye el segundo atentado en el a\u00f1o contra el empresario, pues el pasado 3 de marzo, sujetos armados tambi\u00e9n dispararon contra el mismo establecimiento, sin que entonces se registraran v\u00edctimas.<\/p>\n\n\n\n<p>La agresi\u00f3n ocurre un d\u00eda despu\u00e9s de otro ataque armado registrado en la zona del Cerro de la Garza, donde se report\u00f3 la desaparici\u00f3n de dos choferes materialistas.<\/p>\n\n\n\n<p>Elementos de la Polic\u00eda Municipal arribaron al lugar tras la balacera e iniciaron un operativo de busqueda para tratar de dar con los responsables.<\/p>\n","protected":false},"excerpt":{"rendered":"<p>&#8212; Empresario Florentino Esteban Flores y su hijo fueron atacados por un grupo armado Interacci\u00f3n Una ataque armado se registr\u00f3 alrededor de las 17:00 horas del martes 9 de diciembre&hellip; <\/p>\n","protected":false},"author":19,"featured_media":99245,"comment_status":"open","ping_status":"open","sticky":false,"template":"","format":"standard","meta":{"fifu_image_url":"https:\/\/www.interaccionnoticias.com.mx\/wp-content\/uploads\/2025\/12\/251210-Cochoapa.jpg","fifu_image_alt":"","footnotes":""},"categories":[11],"tags":[],"class_list":["post-99242","post","type-post","status-publish","format-standard","has-post-thumbnail","hentry","category-guerrero"],"_links":{"self":[{"href":"https:\/\/www.interaccionnoticias.com.mx\/index.php?rest_route=\/wp\/v2\/posts\/99242","targetHints":{"allow":["GET"]}}],"collection":[{"href":"https:\/\/www.interaccionnoticias.com.mx\/index.php?rest_route=\/wp\/v2\/posts"}],"about":[{"href":"https:\/\/www.interaccionnoticias.com.mx\/index.php?rest_route=\/wp\/v2\/types\/post"}],"author":[{"embeddable":true,"href":"https:\/\/www.interaccionnoticias.com.mx\/index.php?rest_route=\/wp\/v2\/users\/19"}],"replies":[{"embeddable":true,"href":"https:\/\/www.interaccionnoticias.com.mx\/index.php?rest_route=%2Fwp%2Fv2%2Fcomments&post=99242"}],"version-history":[{"count":1,"href":"https:\/\/www.interaccionnoticias.com.mx\/index.php?rest_route=\/wp\/v2\/posts\/99242\/revisions"}],"predecessor-version":[{"id":99244,"href":"https:\/\/www.interaccionnoticias.com.mx\/index.php?rest_route=\/wp\/v2\/posts\/99242\/revisions\/99244"}],"wp:featuredmedia":[{"embeddable":true,"href":"https:\/\/www.interaccionnoticias.com.mx\/index.php?rest_route=\/wp\/v2\/media\/99245"}],"wp:attachment":[{"href":"https:\/\/www.interaccionnoticias.com.mx\/index.php?rest_route=%2Fwp%2Fv2%2Fmedia&parent=99242"}],"wp:term":[{"taxonomy":"category","embeddable":true,"href":"https:\/\/www.interaccionnoticias.com.mx\/index.php?rest_route=%2Fwp%2Fv2%2Fcategories&post=99242"},{"taxonomy":"post_tag","embeddable":true,"href":"https:\/\/www.interaccionnoticias.com.mx\/index.php?rest_route=%2Fwp%2Fv2%2Ftags&post=99242"}],"curies":[{"name":"wp","href":"https:\/\/api.w.org\/{rel}","templated":true}]}}