{"id":99212,"date":"2025-12-09T21:03:00","date_gmt":"2025-12-10T04:03:00","guid":{"rendered":"https:\/\/www.interaccionnoticias.com.mx\/?p=99212"},"modified":"2025-12-09T21:15:20","modified_gmt":"2025-12-10T04:15:20","slug":"activan-ficha-de-busqueda-por-la-desaparicion-de-una-mujer-y-sus-cinco-hijos-en-chilpancingo","status":"publish","type":"post","link":"https:\/\/www.interaccionnoticias.com.mx\/?p=99212","title":{"rendered":"Activan ficha de b\u00fasqueda, por la desaparici\u00f3n de una mujer y sus cinco hijos, en Chilpancingo"},"content":{"rendered":"\n<p><strong><em>&#8212; La se\u00f1ora Zenaida Garc\u00eda, de 33 a\u00f1os no es localizada desde el pasado 6 de diciembre<\/em><\/strong><\/p>\n\n\n\n<p><strong>Rogelio Agust\u00edn<\/strong><\/p>\n\n\n\n<p>El Gobierno de Guerrero emiti\u00f3 la alerta de b\u00fasqueda de la se\u00f1ora Zenaida Garc\u00eda Vivar y sus cinco hijos, de los que se desconoce el paradero desde el pasado s\u00e1bado 6 de diciembre.<\/p>\n\n\n\n<p>La jornada de este martes se activo el bolet\u00edn de b\u00fasqueda a trav\u00e9s del Protocolo Violeta por la se\u00f1ora Garc\u00eda Vivar, de 33 a\u00f1os y quien fue vista por \u00faltima ocasi\u00f3n en la capital de Guerrero.<\/p>\n\n\n\n<p>Junto con la se\u00f1ora Zenaida no aparecen sus cinco hijos menores de edad, tres ni\u00f1os y dos ni\u00f1as.<\/p>\n\n\n\n<p>En el bolet\u00edn se anota que Zenaida es de complexi\u00f3n delgada, tez blanca, cara redonda, estatura 1.58, cabello abundante y lacio, ojos regulares de color caf\u00e9 oscuro, nariz peque\u00f1a, boca peque\u00f1a y labios medianos.<\/p>\n\n\n\n<p>Se indica que tiene cicatrices de varicela en la cara, un lunar en la mejilla izquierda y se indica que est\u00f1a acompa\u00f1ada de cinco menores, cuyas iniciales son J.D.IG; R.I.G, E.I.G, M.I.G y V.I.G, sin que se precisen las edades.<\/p>\n\n\n\n<p>Ella viste blusa color blanca y pantal\u00f3n de mezclilla color azul, se ha pedido la colaboraci\u00f3n de instituciones de los tres niveles de gobierno, as\u00ed como de la sociedad para tratar de dar con su paredero.<\/p>\n\n\n\n<figure class=\"wp-block-image size-full\"><img decoding=\"async\" src=\"data:image\/gif;base64,R0lGODlhAQABAIAAAAAAAP\/\/\/ywAAAAAAQABAAACAUwAOw==\" fifu-lazy=\"1\" fifu-data-sizes=\"auto\" fifu-data-srcset=\"https:\/\/i0.wp.com\/www.interaccionnoticias.com.mx\/wp-content\/uploads\/2025\/12\/251209-Zenaida-Garcia-Vivar-a.jpg?ssl=1&w=75&resize=75&ssl=1 75w, https:\/\/i0.wp.com\/www.interaccionnoticias.com.mx\/wp-content\/uploads\/2025\/12\/251209-Zenaida-Garcia-Vivar-a.jpg?ssl=1&w=100&resize=100&ssl=1 100w, https:\/\/i0.wp.com\/www.interaccionnoticias.com.mx\/wp-content\/uploads\/2025\/12\/251209-Zenaida-Garcia-Vivar-a.jpg?ssl=1&w=150&resize=150&ssl=1 150w, https:\/\/i0.wp.com\/www.interaccionnoticias.com.mx\/wp-content\/uploads\/2025\/12\/251209-Zenaida-Garcia-Vivar-a.jpg?ssl=1&w=240&resize=240&ssl=1 240w, https:\/\/i0.wp.com\/www.interaccionnoticias.com.mx\/wp-content\/uploads\/2025\/12\/251209-Zenaida-Garcia-Vivar-a.jpg?ssl=1&w=320&resize=320&ssl=1 320w, https:\/\/i0.wp.com\/www.interaccionnoticias.com.mx\/wp-content\/uploads\/2025\/12\/251209-Zenaida-Garcia-Vivar-a.jpg?ssl=1&w=500&resize=500&ssl=1 500w, https:\/\/i0.wp.com\/www.interaccionnoticias.com.mx\/wp-content\/uploads\/2025\/12\/251209-Zenaida-Garcia-Vivar-a.jpg?ssl=1&w=640&resize=640&ssl=1 640w, https:\/\/i0.wp.com\/www.interaccionnoticias.com.mx\/wp-content\/uploads\/2025\/12\/251209-Zenaida-Garcia-Vivar-a.jpg?ssl=1&w=800&resize=800&ssl=1 800w, https:\/\/i0.wp.com\/www.interaccionnoticias.com.mx\/wp-content\/uploads\/2025\/12\/251209-Zenaida-Garcia-Vivar-a.jpg?ssl=1&w=1024&resize=1024&ssl=1 1024w, https:\/\/i0.wp.com\/www.interaccionnoticias.com.mx\/wp-content\/uploads\/2025\/12\/251209-Zenaida-Garcia-Vivar-a.jpg?ssl=1&w=1280&resize=1280&ssl=1 1280w, https:\/\/i0.wp.com\/www.interaccionnoticias.com.mx\/wp-content\/uploads\/2025\/12\/251209-Zenaida-Garcia-Vivar-a.jpg?ssl=1&w=1600&resize=1600&ssl=1 1600w\" fifu-data-src=\"https:\/\/i0.wp.com\/www.interaccionnoticias.com.mx\/wp-content\/uploads\/2025\/12\/251209-Zenaida-Garcia-Vivar-a.jpg?ssl=1\" alt=\"\" class=\"wp-image-99213\"\/><\/figure>\n","protected":false},"excerpt":{"rendered":"<p>&#8212; La se\u00f1ora Zenaida Garc\u00eda, de 33 a\u00f1os no es localizada desde el pasado 6 de diciembre Rogelio Agust\u00edn El Gobierno de Guerrero emiti\u00f3 la alerta de b\u00fasqueda de la&hellip; <\/p>\n","protected":false},"author":21,"featured_media":99216,"comment_status":"open","ping_status":"open","sticky":false,"template":"","format":"standard","meta":{"fifu_image_url":"https:\/\/www.interaccionnoticias.com.mx\/wp-content\/uploads\/2025\/12\/251209-Zenaida-Garcia-Vivar-a-1.jpg","fifu_image_alt":"","footnotes":""},"categories":[247],"tags":[],"class_list":["post-99212","post","type-post","status-publish","format-standard","has-post-thumbnail","hentry","category-lo-has-visto"],"_links":{"self":[{"href":"https:\/\/www.interaccionnoticias.com.mx\/index.php?rest_route=\/wp\/v2\/posts\/99212","targetHints":{"allow":["GET"]}}],"collection":[{"href":"https:\/\/www.interaccionnoticias.com.mx\/index.php?rest_route=\/wp\/v2\/posts"}],"about":[{"href":"https:\/\/www.interaccionnoticias.com.mx\/index.php?rest_route=\/wp\/v2\/types\/post"}],"author":[{"embeddable":true,"href":"https:\/\/www.interaccionnoticias.com.mx\/index.php?rest_route=\/wp\/v2\/users\/21"}],"replies":[{"embeddable":true,"href":"https:\/\/www.interaccionnoticias.com.mx\/index.php?rest_route=%2Fwp%2Fv2%2Fcomments&post=99212"}],"version-history":[{"count":1,"href":"https:\/\/www.interaccionnoticias.com.mx\/index.php?rest_route=\/wp\/v2\/posts\/99212\/revisions"}],"predecessor-version":[{"id":99215,"href":"https:\/\/www.interaccionnoticias.com.mx\/index.php?rest_route=\/wp\/v2\/posts\/99212\/revisions\/99215"}],"wp:featuredmedia":[{"embeddable":true,"href":"https:\/\/www.interaccionnoticias.com.mx\/index.php?rest_route=\/wp\/v2\/media\/99216"}],"wp:attachment":[{"href":"https:\/\/www.interaccionnoticias.com.mx\/index.php?rest_route=%2Fwp%2Fv2%2Fmedia&parent=99212"}],"wp:term":[{"taxonomy":"category","embeddable":true,"href":"https:\/\/www.interaccionnoticias.com.mx\/index.php?rest_route=%2Fwp%2Fv2%2Fcategories&post=99212"},{"taxonomy":"post_tag","embeddable":true,"href":"https:\/\/www.interaccionnoticias.com.mx\/index.php?rest_route=%2Fwp%2Fv2%2Ftags&post=99212"}],"curies":[{"name":"wp","href":"https:\/\/api.w.org\/{rel}","templated":true}]}}