{"id":99203,"date":"2025-12-09T18:19:00","date_gmt":"2025-12-10T01:19:00","guid":{"rendered":"https:\/\/www.interaccionnoticias.com.mx\/?p=99203"},"modified":"2025-12-09T20:59:19","modified_gmt":"2025-12-10T03:59:19","slug":"morena-empezo-a-apartarse-del-movimiento-social-osbaldo-rios-ex-diputado-local","status":"publish","type":"post","link":"https:\/\/www.interaccionnoticias.com.mx\/?p=99203","title":{"rendered":"Morena empez\u00f3 a apartarse del movimiento social: Osbaldo R\u00edos, ex diputado local"},"content":{"rendered":"\n<p><strong><em>&#8212; Es necesario que ese partido vuelva a enarbolar las demandas sociales<\/em><\/strong><\/p>\n\n\n\n<p><strong>Rosario Garc\u00eda Orozco<\/strong><\/p>\n\n\n\n<p>El partido Morena empez\u00f3 a apartarse del movimiento social, y eso empieza a generar inconformidad entre las organizaciones sociales de Guerrero, asegur\u00f3 el ex diputado local por ese partido, Osbaldo R\u00edos Manrique.<\/p>\n\n\n\n<p>Explic\u00f3 que recientemente se llev\u00f3 a cabo un Encuentro Nacional de Movimientos Sociales en Cuernavaca, capital del estado de Morelos, donde se escucharon participaciones que evidencian el malestar que hay entre las organizaciones sociales, porque Morena ya comenz\u00f3 a apartarse de los movimientos sociales.<\/p>\n\n\n\n<p>Osbaldo R\u00edos, quien tambi\u00e9n forma parte del Directorio del Poder Popular, que encabeza Jos\u00e9 Luis Garc\u00eda Ayala, se\u00f1al\u00f3 que con esa preocupaci\u00f3n, se llevan a cabo encuentros como el de Morelos, para articular estrategias, compartir experiencias y definir agendas comunes tambi\u00e9n con el fin de demandar que el partido en el poder vuelva a enarbolar las demandas sociales.<\/p>\n\n\n\n<p>\u201cTenemos que hacer historia de c\u00f3mo se forma Morena, que es a trav\u00e9s de los movimientos sociales y por eso en los estatutos de este partido pol\u00edtico se estable que precisamente se le deja el 30 por ciento de espacios a la lucha social\u201d, enfatiz\u00f3.<\/p>\n\n\n\n<p>El morenista reconoci\u00f3 que cuando los diversos liderazgos de Morena llegaron a los cargos p\u00fablicos y de representaci\u00f3n popular \u201cse empiezan a alejar de los movimientos sociales, por lo que estamos pidiendo que se voltee a ver a estos movimientos sociales, pero no nada m\u00e1s voltearlos a ver y darles un apapacho, sino que las demandas sociales sean atendidas\u201d.<\/p>\n\n\n\n<p>Agreg\u00f3 que las organizaciones sociales que estuvieron en el encuentro en Morelos buscan que \u201csea Morena el conducto que lleve nuestras demandas o nuestras propuestas a donde tenga que llevarlas, ya sea a una iniciativa de ley o al Ejecutivo\u00bb.<\/p>\n\n\n\n<p>Ejemplific\u00f3 que una de las demandas m\u00e1s sentidas por el pueblo es que se lleve a concrete una reforma al Art\u00edculo 27 Constitucional, \u00abes decir, que haya una verdadera reforma al campo\u00bb.<\/p>\n\n\n\n<p>Reiter\u00f3 que s\u00ed hay descontento de las organizaciones sociales con Morena porque se ha apartado de la lucha social y porque ha dejado de enarbolar las demandas de la poblaci\u00f3n, el tambi\u00e9n l\u00edder sindical aclar\u00f3 esto no significa que est\u00e9n en contra del gobierno que preside Claudia Sheinbaum Pardo, pues enfatiz\u00f3 que si ella est\u00e1 en la Presidencia de la Rep\u00fablica es porque el movimiento social as\u00ed lo quiso, pero s\u00ed pidi\u00f3 que no lo olvide.<\/p>\n","protected":false},"excerpt":{"rendered":"<p>&#8212; Es necesario que ese partido vuelva a enarbolar las demandas sociales Rosario Garc\u00eda Orozco El partido Morena empez\u00f3 a apartarse del movimiento social, y eso empieza a generar inconformidad&hellip; <\/p>\n","protected":false},"author":14,"featured_media":99206,"comment_status":"open","ping_status":"open","sticky":false,"template":"","format":"standard","meta":{"fifu_image_url":"https:\/\/www.interaccionnoticias.com.mx\/wp-content\/uploads\/2025\/12\/251209-Osbaldo-Rios.jpg","fifu_image_alt":"","footnotes":""},"categories":[21],"tags":[],"class_list":["post-99203","post","type-post","status-publish","format-standard","has-post-thumbnail","hentry","category-politica"],"_links":{"self":[{"href":"https:\/\/www.interaccionnoticias.com.mx\/index.php?rest_route=\/wp\/v2\/posts\/99203","targetHints":{"allow":["GET"]}}],"collection":[{"href":"https:\/\/www.interaccionnoticias.com.mx\/index.php?rest_route=\/wp\/v2\/posts"}],"about":[{"href":"https:\/\/www.interaccionnoticias.com.mx\/index.php?rest_route=\/wp\/v2\/types\/post"}],"author":[{"embeddable":true,"href":"https:\/\/www.interaccionnoticias.com.mx\/index.php?rest_route=\/wp\/v2\/users\/14"}],"replies":[{"embeddable":true,"href":"https:\/\/www.interaccionnoticias.com.mx\/index.php?rest_route=%2Fwp%2Fv2%2Fcomments&post=99203"}],"version-history":[{"count":1,"href":"https:\/\/www.interaccionnoticias.com.mx\/index.php?rest_route=\/wp\/v2\/posts\/99203\/revisions"}],"predecessor-version":[{"id":99205,"href":"https:\/\/www.interaccionnoticias.com.mx\/index.php?rest_route=\/wp\/v2\/posts\/99203\/revisions\/99205"}],"wp:featuredmedia":[{"embeddable":true,"href":"https:\/\/www.interaccionnoticias.com.mx\/index.php?rest_route=\/wp\/v2\/media\/99206"}],"wp:attachment":[{"href":"https:\/\/www.interaccionnoticias.com.mx\/index.php?rest_route=%2Fwp%2Fv2%2Fmedia&parent=99203"}],"wp:term":[{"taxonomy":"category","embeddable":true,"href":"https:\/\/www.interaccionnoticias.com.mx\/index.php?rest_route=%2Fwp%2Fv2%2Fcategories&post=99203"},{"taxonomy":"post_tag","embeddable":true,"href":"https:\/\/www.interaccionnoticias.com.mx\/index.php?rest_route=%2Fwp%2Fv2%2Ftags&post=99203"}],"curies":[{"name":"wp","href":"https:\/\/api.w.org\/{rel}","templated":true}]}}