{"id":99191,"date":"2025-12-09T14:45:49","date_gmt":"2025-12-09T21:45:49","guid":{"rendered":"https:\/\/www.interaccionnoticias.com.mx\/?p=99191"},"modified":"2025-12-09T14:45:50","modified_gmt":"2025-12-09T21:45:50","slug":"lluvia-y-granizada-atipica-sorprende-a-malinaltepec-en-la-montana-de-guerrero","status":"publish","type":"post","link":"https:\/\/www.interaccionnoticias.com.mx\/?p=99191","title":{"rendered":"Lluvia y granizada at\u00edpica sorprende a Malinaltepec, en la Monta\u00f1a de Guerrero"},"content":{"rendered":"\n<p><em><strong>&#8212; El suceso lo transmite en vivo de la presidenta del DIF, no hay afectaciones<\/strong><\/em><\/p>\n\n\n\n<p><strong>Cristina Serrano<\/strong><\/p>\n\n\n\n<p><strong>Malinaltepec, Gro., 9 de diciembre de 2025.\u2014 <\/strong>La tarde del martes se registr\u00f3 una lluvia intensa acompa\u00f1ada de granizo en la canecera municipal de Malinaltepec y varias comunidades ubicadas en la regi\u00f3n Monta\u00f1a, hasta el momento no se reportan afectaciones.<\/p>\n\n\n\n<p>La precipitaci\u00f3n dej\u00f3 escenas inusuales para el mes de diciembre, pues las autoridades pronosticaron el cierre de la temporada de lluvias desde el pasado 30 de noviembre.<\/p>\n\n\n\n<p>El momento qued\u00f3 ampliamente documentado en una transmisi\u00f3n en vivo realizada por la Presidenta del DIF municipal, Catalina Larios Rosas, desde su p\u00e1gina personal de Facebook.<\/p>\n\n\n\n<p>En la grabaci\u00f3n \u2014que r\u00e1pidamente comenz\u00f3 a compartirse en redes sociales\u2014 se observa la plaza principal bajo una intensa precipitaci\u00f3n, mientras el pino de Navidad instalado para las festividades decembrinas recibe de lleno la ca\u00edda de granizo.<\/p>\n\n\n\n<p>La se\u00f1ora Larios Rosas narr\u00f3 en tiempo real la fuerza del aguacero, que por momentos redujo la visibilidad y oblig\u00f3 a comerciantes, familias y transe\u00fantes a resguardarse.<\/p>\n\n\n\n<p>Otras comunidades de la monta\u00f1a tambi\u00e9n reportaron lluvias fuertes y episodios de granizo que llegaron de forma repentina, modificando las actividades de la tarde y sorprendiendo a la poblaci\u00f3n.<\/p>\n\n\n\n<p>La transmisi\u00f3n en vivo realizada por la Presidenta del DIF se convirti\u00f3 en un testimonio del fen\u00f3meno at\u00edpico, recordando que, aunque diciembre suele traer lluvias ligeras en la regi\u00f3n, la Monta\u00f1a es un territorio donde el clima puede variar en cuesti\u00f3n de minutos.<\/p>\n","protected":false},"excerpt":{"rendered":"<p>&#8212; El suceso lo transmite en vivo de la presidenta del DIF, no hay afectaciones Cristina Serrano Malinaltepec, Gro., 9 de diciembre de 2025.\u2014 La tarde del martes se registr\u00f3&hellip; <\/p>\n","protected":false},"author":34,"featured_media":99194,"comment_status":"open","ping_status":"open","sticky":false,"template":"","format":"standard","meta":{"fifu_image_url":"https:\/\/www.interaccionnoticias.com.mx\/wp-content\/uploads\/2025\/12\/251209-Malinaltepec.jpg","fifu_image_alt":"","footnotes":""},"categories":[9],"tags":[],"class_list":["post-99191","post","type-post","status-publish","format-standard","has-post-thumbnail","hentry","category-fenomenos-naturales"],"_links":{"self":[{"href":"https:\/\/www.interaccionnoticias.com.mx\/index.php?rest_route=\/wp\/v2\/posts\/99191","targetHints":{"allow":["GET"]}}],"collection":[{"href":"https:\/\/www.interaccionnoticias.com.mx\/index.php?rest_route=\/wp\/v2\/posts"}],"about":[{"href":"https:\/\/www.interaccionnoticias.com.mx\/index.php?rest_route=\/wp\/v2\/types\/post"}],"author":[{"embeddable":true,"href":"https:\/\/www.interaccionnoticias.com.mx\/index.php?rest_route=\/wp\/v2\/users\/34"}],"replies":[{"embeddable":true,"href":"https:\/\/www.interaccionnoticias.com.mx\/index.php?rest_route=%2Fwp%2Fv2%2Fcomments&post=99191"}],"version-history":[{"count":1,"href":"https:\/\/www.interaccionnoticias.com.mx\/index.php?rest_route=\/wp\/v2\/posts\/99191\/revisions"}],"predecessor-version":[{"id":99193,"href":"https:\/\/www.interaccionnoticias.com.mx\/index.php?rest_route=\/wp\/v2\/posts\/99191\/revisions\/99193"}],"wp:featuredmedia":[{"embeddable":true,"href":"https:\/\/www.interaccionnoticias.com.mx\/index.php?rest_route=\/wp\/v2\/media\/99194"}],"wp:attachment":[{"href":"https:\/\/www.interaccionnoticias.com.mx\/index.php?rest_route=%2Fwp%2Fv2%2Fmedia&parent=99191"}],"wp:term":[{"taxonomy":"category","embeddable":true,"href":"https:\/\/www.interaccionnoticias.com.mx\/index.php?rest_route=%2Fwp%2Fv2%2Fcategories&post=99191"},{"taxonomy":"post_tag","embeddable":true,"href":"https:\/\/www.interaccionnoticias.com.mx\/index.php?rest_route=%2Fwp%2Fv2%2Ftags&post=99191"}],"curies":[{"name":"wp","href":"https:\/\/api.w.org\/{rel}","templated":true}]}}