{"id":99155,"date":"2025-12-09T10:21:23","date_gmt":"2025-12-09T17:21:23","guid":{"rendered":"https:\/\/www.interaccionnoticias.com.mx\/?p=99155"},"modified":"2025-12-09T10:21:24","modified_gmt":"2025-12-09T17:21:24","slug":"aumentan-casos-de-sarampion-en-guerrero","status":"publish","type":"post","link":"https:\/\/www.interaccionnoticias.com.mx\/?p=99155","title":{"rendered":"Aumentan casos de sarampi\u00f3n en Guerrero"},"content":{"rendered":"\n<p><strong><em>Adultos contagian a ni\u00f1as y ni\u00f1os en zonas m\u00e1s vulnerables se\u00f1alan autoridades sanitarias<\/em><\/strong><\/p>\n\n\n\n<p><strong>Jes\u00fas Dorantes<\/strong><\/p>\n\n\n\n<p>La Secretar\u00eda de Salud alert\u00f3 sobre la poblaci\u00f3n en Guerrero ante el repunte de casos de sarampi\u00f3n en distintas regiones del estado, un brote que ya suma 191 contagios y que de acuerdo con la titular Alondra Garc\u00eda Carbajal, est\u00e1 siendo impulsado principalmente por personas adultas sin vacuna, quienes est\u00e1n transmitiendo la enfermedad a ni\u00f1as y ni\u00f1os en comunidades donde las complicaciones pueden ser graves.<\/p>\n\n\n\n<p>En una transmisi\u00f3n informativa, este martes la funcionaria lanz\u00f3 un llamado urgente a quienes no han completado su esquema de vacunaci\u00f3n, al advertir que la falta de inmunizaci\u00f3n est\u00e1 facilitando la circulaci\u00f3n del virus en zonas donde hist\u00f3ricamente se registran brechas de acceso a servicios de salud.<\/p>\n\n\n\n<p>Asimismo destac\u00f3 que la Monta\u00f1a se mantiene como el epicentro del brote, Cochoapa el Grande concentra 83 casos, seguido de Metlat\u00f3noc con 24, Tlapa con 22, Alpoyeca con 6, Malinaltepec con 3 y Atlamajalcingo del Monte con 1. En la regi\u00f3n Norte, Taxco suma 21 contagios, mientras que en la Costa Chica se reportan 18 en Ometepec.<\/p>\n\n\n\n<p>Tambi\u00e9n se confirmaron casos en Acapulco 2, Arcelia 1, Tixtla 1 y Zitlala 1 hasta este lunes, la dependencia estatal no tiene registro de defunciones.<\/p>\n\n\n\n<p>Sobre la situaci\u00f3n particular de Taxco, Garc\u00eda Carbajal precis\u00f3 que el incremento ocurri\u00f3 tras una celebraci\u00f3n reciente, ante ese escenario, pidi\u00f3 a la poblaci\u00f3n evitar aglomeraciones mientras contin\u00faa el brote.<\/p>\n\n\n\n<p>Adem\u00e1s, la secretaria record\u00f3 que el estado enfrenta un incremento paralelo de enfermedades transmitidas por vector, por lo que llam\u00f3 a reforzar las medidas contra dengue y chikungunya, especialmente en municipios que ya han reportado aumento de casos.<\/p>\n","protected":false},"excerpt":{"rendered":"<p>Adultos contagian a ni\u00f1as y ni\u00f1os en zonas m\u00e1s vulnerables se\u00f1alan autoridades sanitarias Jes\u00fas Dorantes La Secretar\u00eda de Salud alert\u00f3 sobre la poblaci\u00f3n en Guerrero ante el repunte de casos&hellip; <\/p>\n","protected":false},"author":8,"featured_media":99158,"comment_status":"open","ping_status":"open","sticky":false,"template":"","format":"standard","meta":{"fifu_image_url":"https:\/\/www.interaccionnoticias.com.mx\/wp-content\/uploads\/2025\/12\/251208-Alondra-Garcia-Carbajal.jpg","fifu_image_alt":"","footnotes":""},"categories":[26],"tags":[],"class_list":["post-99155","post","type-post","status-publish","format-standard","has-post-thumbnail","hentry","category-salud"],"_links":{"self":[{"href":"https:\/\/www.interaccionnoticias.com.mx\/index.php?rest_route=\/wp\/v2\/posts\/99155","targetHints":{"allow":["GET"]}}],"collection":[{"href":"https:\/\/www.interaccionnoticias.com.mx\/index.php?rest_route=\/wp\/v2\/posts"}],"about":[{"href":"https:\/\/www.interaccionnoticias.com.mx\/index.php?rest_route=\/wp\/v2\/types\/post"}],"author":[{"embeddable":true,"href":"https:\/\/www.interaccionnoticias.com.mx\/index.php?rest_route=\/wp\/v2\/users\/8"}],"replies":[{"embeddable":true,"href":"https:\/\/www.interaccionnoticias.com.mx\/index.php?rest_route=%2Fwp%2Fv2%2Fcomments&post=99155"}],"version-history":[{"count":1,"href":"https:\/\/www.interaccionnoticias.com.mx\/index.php?rest_route=\/wp\/v2\/posts\/99155\/revisions"}],"predecessor-version":[{"id":99157,"href":"https:\/\/www.interaccionnoticias.com.mx\/index.php?rest_route=\/wp\/v2\/posts\/99155\/revisions\/99157"}],"wp:featuredmedia":[{"embeddable":true,"href":"https:\/\/www.interaccionnoticias.com.mx\/index.php?rest_route=\/wp\/v2\/media\/99158"}],"wp:attachment":[{"href":"https:\/\/www.interaccionnoticias.com.mx\/index.php?rest_route=%2Fwp%2Fv2%2Fmedia&parent=99155"}],"wp:term":[{"taxonomy":"category","embeddable":true,"href":"https:\/\/www.interaccionnoticias.com.mx\/index.php?rest_route=%2Fwp%2Fv2%2Fcategories&post=99155"},{"taxonomy":"post_tag","embeddable":true,"href":"https:\/\/www.interaccionnoticias.com.mx\/index.php?rest_route=%2Fwp%2Fv2%2Ftags&post=99155"}],"curies":[{"name":"wp","href":"https:\/\/api.w.org\/{rel}","templated":true}]}}