{"id":99129,"date":"2025-12-08T13:21:00","date_gmt":"2025-12-08T20:21:00","guid":{"rendered":"https:\/\/www.interaccionnoticias.com.mx\/?p=99129"},"modified":"2025-12-08T13:21:01","modified_gmt":"2025-12-08T20:21:01","slug":"chef-acapulqueno-desaparece-rumbo-a-su-trabajo","status":"publish","type":"post","link":"https:\/\/www.interaccionnoticias.com.mx\/?p=99129","title":{"rendered":"Chef acapulque\u00f1o desaparece rumbo a su trabajo"},"content":{"rendered":"\n<p><strong><em>&#8212; Familiares activan la ficha de b\u00fasqueda<\/em><\/strong><\/p>\n\n\n\n<p><strong>Javier Trujillo<\/strong><\/p>\n\n\n\n<p><strong>Acapulco, Gro. &#8211; <\/strong>Desde el pasado seis de diciembre, Eliel Abner Cisneros V\u00e1zquez, chef de profesi\u00f3n, se encuentra en calidad de desaparecido, pues desde que iba a su trabajo ya no supieron nada de \u00e9l y pide el apoyo de la ciudadan\u00eda.<\/p>\n\n\n\n<p>El profesional de la cocina del restaurante con raz\u00f3n social \u00abAl ajo y Al Chile\u00bb, ubicado en la zona del poblado de Tres Palos, \u00e1rea rural del municipio de Acapulco, se dirig\u00eda a trabajar, pero nunca lleg\u00f3, de acuerdo con la informaci\u00f3n proporcionada por sus familiares.<\/p>\n\n\n\n<p>La fotograf\u00eda de Eliel Abner, desde entonces ha sido colocada en redes sociales y sitios p\u00fablicos con la finalidad de ampliar su localizaci\u00f3n, sin que hasta el momento haya resultados favorables en su b\u00fasqueda.<\/p>\n\n\n\n<p>A trav\u00e9s de Locatel, se emiti\u00f3 la ficha de b\u00fasqueda, en la que se indica que el chef Cisneros V\u00e1zquez, mide 1.67 metros de altura, es de tez morena clara, tiene un lunar en el labio superior derecho y fue visto por \u00faltima vez en la Autopista del viaducto Metlapil.<\/p>\n\n\n\n<p>Sus familiares hacen un llamado a la ciudadan\u00eda para que cualquier informaci\u00f3n relacionada con el paradero Eliel Abner, sea reportada an\u00f3nimamente a las autoridades estatales, federales y municipales.<\/p>\n\n\n\n<p>Incluso, refieren qu\u00e9 cualquier detalle o indicios, por m\u00ednimo que parezca, puede ser clave para avanzar en las investigaciones del caso para dar con el paradero de Eliel Cisneros.<\/p>\n\n\n\n<p>En tanto, se indica que las autoridades contin\u00faan con las labores de b\u00fasqueda y verificaci\u00f3n de reportes ciudadanos.<\/p>\n\n\n\n<p>Por su parte, la familia de Eliel reitera su petici\u00f3n de apoyo y se mantiene a la espera de resultados que permitan dar con su ubicaci\u00f3n.<\/p>\n\n\n\n<figure class=\"wp-block-image size-full\"><img decoding=\"async\" src=\"data:image\/gif;base64,R0lGODlhAQABAIAAAAAAAP\/\/\/ywAAAAAAQABAAACAUwAOw==\" fifu-lazy=\"1\" fifu-data-sizes=\"auto\" fifu-data-srcset=\"https:\/\/i0.wp.com\/www.interaccionnoticias.com.mx\/wp-content\/uploads\/2025\/12\/251208-Chef-acapulqueno-1.jpg?ssl=1&w=75&resize=75&ssl=1 75w, https:\/\/i0.wp.com\/www.interaccionnoticias.com.mx\/wp-content\/uploads\/2025\/12\/251208-Chef-acapulqueno-1.jpg?ssl=1&w=100&resize=100&ssl=1 100w, https:\/\/i0.wp.com\/www.interaccionnoticias.com.mx\/wp-content\/uploads\/2025\/12\/251208-Chef-acapulqueno-1.jpg?ssl=1&w=150&resize=150&ssl=1 150w, https:\/\/i0.wp.com\/www.interaccionnoticias.com.mx\/wp-content\/uploads\/2025\/12\/251208-Chef-acapulqueno-1.jpg?ssl=1&w=240&resize=240&ssl=1 240w, https:\/\/i0.wp.com\/www.interaccionnoticias.com.mx\/wp-content\/uploads\/2025\/12\/251208-Chef-acapulqueno-1.jpg?ssl=1&w=320&resize=320&ssl=1 320w, https:\/\/i0.wp.com\/www.interaccionnoticias.com.mx\/wp-content\/uploads\/2025\/12\/251208-Chef-acapulqueno-1.jpg?ssl=1&w=500&resize=500&ssl=1 500w, https:\/\/i0.wp.com\/www.interaccionnoticias.com.mx\/wp-content\/uploads\/2025\/12\/251208-Chef-acapulqueno-1.jpg?ssl=1&w=640&resize=640&ssl=1 640w, https:\/\/i0.wp.com\/www.interaccionnoticias.com.mx\/wp-content\/uploads\/2025\/12\/251208-Chef-acapulqueno-1.jpg?ssl=1&w=800&resize=800&ssl=1 800w, https:\/\/i0.wp.com\/www.interaccionnoticias.com.mx\/wp-content\/uploads\/2025\/12\/251208-Chef-acapulqueno-1.jpg?ssl=1&w=1024&resize=1024&ssl=1 1024w, https:\/\/i0.wp.com\/www.interaccionnoticias.com.mx\/wp-content\/uploads\/2025\/12\/251208-Chef-acapulqueno-1.jpg?ssl=1&w=1280&resize=1280&ssl=1 1280w, https:\/\/i0.wp.com\/www.interaccionnoticias.com.mx\/wp-content\/uploads\/2025\/12\/251208-Chef-acapulqueno-1.jpg?ssl=1&w=1600&resize=1600&ssl=1 1600w\" fifu-data-src=\"https:\/\/i0.wp.com\/www.interaccionnoticias.com.mx\/wp-content\/uploads\/2025\/12\/251208-Chef-acapulqueno-1.jpg?ssl=1\" alt=\"\" class=\"wp-image-99130\"\/><\/figure>\n","protected":false},"excerpt":{"rendered":"<p>&#8212; Familiares activan la ficha de b\u00fasqueda Javier Trujillo Acapulco, Gro. &#8211; Desde el pasado seis de diciembre, Eliel Abner Cisneros V\u00e1zquez, chef de profesi\u00f3n, se encuentra en calidad de&hellip; <\/p>\n","protected":false},"author":3,"featured_media":99133,"comment_status":"open","ping_status":"open","sticky":false,"template":"","format":"standard","meta":{"fifu_image_url":"https:\/\/www.interaccionnoticias.com.mx\/wp-content\/uploads\/2025\/12\/251208-Chef-acapulqueno-2.jpg","fifu_image_alt":"","footnotes":""},"categories":[247],"tags":[],"class_list":["post-99129","post","type-post","status-publish","format-standard","has-post-thumbnail","hentry","category-lo-has-visto"],"_links":{"self":[{"href":"https:\/\/www.interaccionnoticias.com.mx\/index.php?rest_route=\/wp\/v2\/posts\/99129","targetHints":{"allow":["GET"]}}],"collection":[{"href":"https:\/\/www.interaccionnoticias.com.mx\/index.php?rest_route=\/wp\/v2\/posts"}],"about":[{"href":"https:\/\/www.interaccionnoticias.com.mx\/index.php?rest_route=\/wp\/v2\/types\/post"}],"author":[{"embeddable":true,"href":"https:\/\/www.interaccionnoticias.com.mx\/index.php?rest_route=\/wp\/v2\/users\/3"}],"replies":[{"embeddable":true,"href":"https:\/\/www.interaccionnoticias.com.mx\/index.php?rest_route=%2Fwp%2Fv2%2Fcomments&post=99129"}],"version-history":[{"count":1,"href":"https:\/\/www.interaccionnoticias.com.mx\/index.php?rest_route=\/wp\/v2\/posts\/99129\/revisions"}],"predecessor-version":[{"id":99132,"href":"https:\/\/www.interaccionnoticias.com.mx\/index.php?rest_route=\/wp\/v2\/posts\/99129\/revisions\/99132"}],"wp:featuredmedia":[{"embeddable":true,"href":"https:\/\/www.interaccionnoticias.com.mx\/index.php?rest_route=\/wp\/v2\/media\/99133"}],"wp:attachment":[{"href":"https:\/\/www.interaccionnoticias.com.mx\/index.php?rest_route=%2Fwp%2Fv2%2Fmedia&parent=99129"}],"wp:term":[{"taxonomy":"category","embeddable":true,"href":"https:\/\/www.interaccionnoticias.com.mx\/index.php?rest_route=%2Fwp%2Fv2%2Fcategories&post=99129"},{"taxonomy":"post_tag","embeddable":true,"href":"https:\/\/www.interaccionnoticias.com.mx\/index.php?rest_route=%2Fwp%2Fv2%2Ftags&post=99129"}],"curies":[{"name":"wp","href":"https:\/\/api.w.org\/{rel}","templated":true}]}}