{"id":99101,"date":"2025-12-08T11:17:02","date_gmt":"2025-12-08T18:17:02","guid":{"rendered":"https:\/\/www.interaccionnoticias.com.mx\/?p=99101"},"modified":"2025-12-08T11:17:03","modified_gmt":"2025-12-08T18:17:03","slug":"jubilados-se-manifiestan-en-palacio-de-gobierno-por-pagos-atrasados","status":"publish","type":"post","link":"https:\/\/www.interaccionnoticias.com.mx\/?p=99101","title":{"rendered":"Jubilados se manifiestan en Palacio de Gobierno por pagos atrasados"},"content":{"rendered":"\n<p><em><strong>&#8212; Exigen que les liberen antes del cierre de 2025<\/strong><\/em><\/p>\n\n\n\n<p><strong>Jes\u00fas Dorantes \/ Chilpancingo<\/strong><\/p>\n\n\n\n<p>Jubilados y pensionados integrantes de la Asociaci\u00f3n N\u00famero 8 se manifestaron este lunes en el exterior del palacio de gobierno para denunciar que durante todo el 2025 han enfrentado retrasos constantes en el pago de sus mensualidades y prestaciones.<\/p>\n\n\n\n<p>La movilizaci\u00f3n comenz\u00f3 a las 10:00 horas sobre el bulevar Ren\u00e9 Ju\u00e1rez Cisneros, en el acceso principal del recinto del Poder Ejecutivo, Ah\u00ed, los inconformes reprocharon que, pese a la claridad de la Ley 912 que establece que el aguinaldo debe entregarse a m\u00e1s tardar el 15 de diciembre, las autoridades pretenden posponerlo hasta el d\u00eda 20.<\/p>\n\n\n\n<p>Dolores Sol\u00eds Mora, representante de la agrupaci\u00f3n, se\u00f1al\u00f3 que este incumplimiento se vuelve un patr\u00f3n cada fin de a\u00f1o y record\u00f3 que la segunda parte del aguinaldo tambi\u00e9n tiene fecha l\u00edmite el 15 de enero. \u201cLo que pedimos no es negociaci\u00f3n, es respeto a la ley\u201d, sostuvo.<\/p>\n\n\n\n<p>Los manifestantes acusaron que la problem\u00e1tica se extiende m\u00e1s all\u00e1 del aguinaldo, pues aseguraron que sus pagos mensuales se cubren \u201cmes ca\u00eddo\u201d y con demoras que alcanzan hasta dos semanas.<\/p>\n\n\n\n<p>\u201cHay compa\u00f1eros que reciben su dinero hasta el 15 del mes siguiente. Despu\u00e9s de d\u00e9cadas de servicio, nos tratan como si fu\u00e9ramos una carga\u201d, lament\u00f3 Sol\u00eds.<\/p>\n\n\n\n<p>A esto se suman pasivos hist\u00f3ricos que, afirman, el gobierno mantiene sin resolver desde 2014 y 2016, incluyendo sueldos retenidos a trabajadores que reci\u00e9n se jubilan y que pueden acumular hasta un a\u00f1o sin recibir ingresos.<\/p>\n\n\n\n<p>Aunque las autoridades estatales han reiterado que los pagos de diciembre est\u00e1n garantizados, los jubilados rechazan esa promesa y aseguran que cada a\u00f1o ocurre lo mismo con compromisos que no se cumplen y prestaciones que llegan tarde. \u201cYa estamos cansados de escuchar lo de siempre\u201d, reclamaron.<\/p>\n\n\n\n<p>El grupo anunci\u00f3 que permanecer\u00e1 en el lugar hasta obtener una reuni\u00f3n directa con los titulares de Finanzas y Planeaci\u00f3n. Si no son atendidos, advirtieron, llevar\u00e1n su protesta a otras dependencias del gobierno estatal como medida de presi\u00f3n.<\/p>\n\n\n\n<figure class=\"wp-block-gallery has-nested-images columns-default is-cropped wp-block-gallery-1 is-layout-flex wp-block-gallery-is-layout-flex\">\n<figure class=\"wp-block-image size-large\"><img decoding=\"async\" src=\"data:image\/gif;base64,R0lGODlhAQABAIAAAAAAAP\/\/\/ywAAAAAAQABAAACAUwAOw==\" fifu-lazy=\"1\" fifu-data-sizes=\"auto\" fifu-data-srcset=\"https:\/\/i0.wp.com\/www.interaccionnoticias.com.mx\/wp-content\/uploads\/2025\/12\/251208-Jubilados-se-manifiestan-3-1024x683.jpg?ssl=1&w=75&resize=75&ssl=1 75w, https:\/\/i0.wp.com\/www.interaccionnoticias.com.mx\/wp-content\/uploads\/2025\/12\/251208-Jubilados-se-manifiestan-3-1024x683.jpg?ssl=1&w=100&resize=100&ssl=1 100w, https:\/\/i0.wp.com\/www.interaccionnoticias.com.mx\/wp-content\/uploads\/2025\/12\/251208-Jubilados-se-manifiestan-3-1024x683.jpg?ssl=1&w=150&resize=150&ssl=1 150w, https:\/\/i0.wp.com\/www.interaccionnoticias.com.mx\/wp-content\/uploads\/2025\/12\/251208-Jubilados-se-manifiestan-3-1024x683.jpg?ssl=1&w=240&resize=240&ssl=1 240w, https:\/\/i0.wp.com\/www.interaccionnoticias.com.mx\/wp-content\/uploads\/2025\/12\/251208-Jubilados-se-manifiestan-3-1024x683.jpg?ssl=1&w=320&resize=320&ssl=1 320w, https:\/\/i0.wp.com\/www.interaccionnoticias.com.mx\/wp-content\/uploads\/2025\/12\/251208-Jubilados-se-manifiestan-3-1024x683.jpg?ssl=1&w=500&resize=500&ssl=1 500w, https:\/\/i0.wp.com\/www.interaccionnoticias.com.mx\/wp-content\/uploads\/2025\/12\/251208-Jubilados-se-manifiestan-3-1024x683.jpg?ssl=1&w=640&resize=640&ssl=1 640w, https:\/\/i0.wp.com\/www.interaccionnoticias.com.mx\/wp-content\/uploads\/2025\/12\/251208-Jubilados-se-manifiestan-3-1024x683.jpg?ssl=1&w=800&resize=800&ssl=1 800w, https:\/\/i0.wp.com\/www.interaccionnoticias.com.mx\/wp-content\/uploads\/2025\/12\/251208-Jubilados-se-manifiestan-3-1024x683.jpg?ssl=1&w=1024&resize=1024&ssl=1 1024w, https:\/\/i0.wp.com\/www.interaccionnoticias.com.mx\/wp-content\/uploads\/2025\/12\/251208-Jubilados-se-manifiestan-3-1024x683.jpg?ssl=1&w=1280&resize=1280&ssl=1 1280w, https:\/\/i0.wp.com\/www.interaccionnoticias.com.mx\/wp-content\/uploads\/2025\/12\/251208-Jubilados-se-manifiestan-3-1024x683.jpg?ssl=1&w=1600&resize=1600&ssl=1 1600w\" data-id=\"99102\" fifu-data-src=\"https:\/\/i0.wp.com\/www.interaccionnoticias.com.mx\/wp-content\/uploads\/2025\/12\/251208-Jubilados-se-manifiestan-3-1024x683.jpg?ssl=1\" alt=\"\" class=\"wp-image-99102\"\/><\/figure>\n\n\n\n<figure class=\"wp-block-image size-large\"><img decoding=\"async\" src=\"data:image\/gif;base64,R0lGODlhAQABAIAAAAAAAP\/\/\/ywAAAAAAQABAAACAUwAOw==\" fifu-lazy=\"1\" fifu-data-sizes=\"auto\" fifu-data-srcset=\"https:\/\/i1.wp.com\/www.interaccionnoticias.com.mx\/wp-content\/uploads\/2025\/12\/251208-Jubilados-se-manifiestan-1-1024x683.jpg?ssl=1&w=75&resize=75&ssl=1 75w, https:\/\/i1.wp.com\/www.interaccionnoticias.com.mx\/wp-content\/uploads\/2025\/12\/251208-Jubilados-se-manifiestan-1-1024x683.jpg?ssl=1&w=100&resize=100&ssl=1 100w, https:\/\/i1.wp.com\/www.interaccionnoticias.com.mx\/wp-content\/uploads\/2025\/12\/251208-Jubilados-se-manifiestan-1-1024x683.jpg?ssl=1&w=150&resize=150&ssl=1 150w, https:\/\/i1.wp.com\/www.interaccionnoticias.com.mx\/wp-content\/uploads\/2025\/12\/251208-Jubilados-se-manifiestan-1-1024x683.jpg?ssl=1&w=240&resize=240&ssl=1 240w, https:\/\/i1.wp.com\/www.interaccionnoticias.com.mx\/wp-content\/uploads\/2025\/12\/251208-Jubilados-se-manifiestan-1-1024x683.jpg?ssl=1&w=320&resize=320&ssl=1 320w, https:\/\/i1.wp.com\/www.interaccionnoticias.com.mx\/wp-content\/uploads\/2025\/12\/251208-Jubilados-se-manifiestan-1-1024x683.jpg?ssl=1&w=500&resize=500&ssl=1 500w, https:\/\/i1.wp.com\/www.interaccionnoticias.com.mx\/wp-content\/uploads\/2025\/12\/251208-Jubilados-se-manifiestan-1-1024x683.jpg?ssl=1&w=640&resize=640&ssl=1 640w, https:\/\/i1.wp.com\/www.interaccionnoticias.com.mx\/wp-content\/uploads\/2025\/12\/251208-Jubilados-se-manifiestan-1-1024x683.jpg?ssl=1&w=800&resize=800&ssl=1 800w, https:\/\/i1.wp.com\/www.interaccionnoticias.com.mx\/wp-content\/uploads\/2025\/12\/251208-Jubilados-se-manifiestan-1-1024x683.jpg?ssl=1&w=1024&resize=1024&ssl=1 1024w, https:\/\/i1.wp.com\/www.interaccionnoticias.com.mx\/wp-content\/uploads\/2025\/12\/251208-Jubilados-se-manifiestan-1-1024x683.jpg?ssl=1&w=1280&resize=1280&ssl=1 1280w, https:\/\/i1.wp.com\/www.interaccionnoticias.com.mx\/wp-content\/uploads\/2025\/12\/251208-Jubilados-se-manifiestan-1-1024x683.jpg?ssl=1&w=1600&resize=1600&ssl=1 1600w\" data-id=\"99103\" fifu-data-src=\"https:\/\/i1.wp.com\/www.interaccionnoticias.com.mx\/wp-content\/uploads\/2025\/12\/251208-Jubilados-se-manifiestan-1-1024x683.jpg?ssl=1\" alt=\"\" class=\"wp-image-99103\"\/><\/figure>\n\n\n\n<figure class=\"wp-block-image size-large\"><img decoding=\"async\" src=\"data:image\/gif;base64,R0lGODlhAQABAIAAAAAAAP\/\/\/ywAAAAAAQABAAACAUwAOw==\" fifu-lazy=\"1\" fifu-data-sizes=\"auto\" fifu-data-srcset=\"https:\/\/i2.wp.com\/www.interaccionnoticias.com.mx\/wp-content\/uploads\/2025\/12\/251208-Jubilados-se-manifiestan-2-1024x683.jpg?ssl=1&w=75&resize=75&ssl=1 75w, https:\/\/i2.wp.com\/www.interaccionnoticias.com.mx\/wp-content\/uploads\/2025\/12\/251208-Jubilados-se-manifiestan-2-1024x683.jpg?ssl=1&w=100&resize=100&ssl=1 100w, https:\/\/i2.wp.com\/www.interaccionnoticias.com.mx\/wp-content\/uploads\/2025\/12\/251208-Jubilados-se-manifiestan-2-1024x683.jpg?ssl=1&w=150&resize=150&ssl=1 150w, https:\/\/i2.wp.com\/www.interaccionnoticias.com.mx\/wp-content\/uploads\/2025\/12\/251208-Jubilados-se-manifiestan-2-1024x683.jpg?ssl=1&w=240&resize=240&ssl=1 240w, https:\/\/i2.wp.com\/www.interaccionnoticias.com.mx\/wp-content\/uploads\/2025\/12\/251208-Jubilados-se-manifiestan-2-1024x683.jpg?ssl=1&w=320&resize=320&ssl=1 320w, https:\/\/i2.wp.com\/www.interaccionnoticias.com.mx\/wp-content\/uploads\/2025\/12\/251208-Jubilados-se-manifiestan-2-1024x683.jpg?ssl=1&w=500&resize=500&ssl=1 500w, https:\/\/i2.wp.com\/www.interaccionnoticias.com.mx\/wp-content\/uploads\/2025\/12\/251208-Jubilados-se-manifiestan-2-1024x683.jpg?ssl=1&w=640&resize=640&ssl=1 640w, https:\/\/i2.wp.com\/www.interaccionnoticias.com.mx\/wp-content\/uploads\/2025\/12\/251208-Jubilados-se-manifiestan-2-1024x683.jpg?ssl=1&w=800&resize=800&ssl=1 800w, https:\/\/i2.wp.com\/www.interaccionnoticias.com.mx\/wp-content\/uploads\/2025\/12\/251208-Jubilados-se-manifiestan-2-1024x683.jpg?ssl=1&w=1024&resize=1024&ssl=1 1024w, https:\/\/i2.wp.com\/www.interaccionnoticias.com.mx\/wp-content\/uploads\/2025\/12\/251208-Jubilados-se-manifiestan-2-1024x683.jpg?ssl=1&w=1280&resize=1280&ssl=1 1280w, https:\/\/i2.wp.com\/www.interaccionnoticias.com.mx\/wp-content\/uploads\/2025\/12\/251208-Jubilados-se-manifiestan-2-1024x683.jpg?ssl=1&w=1600&resize=1600&ssl=1 1600w\" data-id=\"99104\" fifu-data-src=\"https:\/\/i2.wp.com\/www.interaccionnoticias.com.mx\/wp-content\/uploads\/2025\/12\/251208-Jubilados-se-manifiestan-2-1024x683.jpg?ssl=1\" alt=\"\" class=\"wp-image-99104\"\/><\/figure>\n<\/figure>\n","protected":false},"excerpt":{"rendered":"<p>&#8212; Exigen que les liberen antes del cierre de 2025 Jes\u00fas Dorantes \/ Chilpancingo Jubilados y pensionados integrantes de la Asociaci\u00f3n N\u00famero 8 se manifestaron este lunes en el exterior&hellip; <\/p>\n","protected":false},"author":8,"featured_media":99106,"comment_status":"open","ping_status":"open","sticky":false,"template":"","format":"standard","meta":{"fifu_image_url":"https:\/\/www.interaccionnoticias.com.mx\/wp-content\/uploads\/2025\/12\/251208-Jubilados-se-manifiestan-2.jpg","fifu_image_alt":"","footnotes":""},"categories":[11],"tags":[],"class_list":["post-99101","post","type-post","status-publish","format-standard","has-post-thumbnail","hentry","category-guerrero"],"_links":{"self":[{"href":"https:\/\/www.interaccionnoticias.com.mx\/index.php?rest_route=\/wp\/v2\/posts\/99101","targetHints":{"allow":["GET"]}}],"collection":[{"href":"https:\/\/www.interaccionnoticias.com.mx\/index.php?rest_route=\/wp\/v2\/posts"}],"about":[{"href":"https:\/\/www.interaccionnoticias.com.mx\/index.php?rest_route=\/wp\/v2\/types\/post"}],"author":[{"embeddable":true,"href":"https:\/\/www.interaccionnoticias.com.mx\/index.php?rest_route=\/wp\/v2\/users\/8"}],"replies":[{"embeddable":true,"href":"https:\/\/www.interaccionnoticias.com.mx\/index.php?rest_route=%2Fwp%2Fv2%2Fcomments&post=99101"}],"version-history":[{"count":1,"href":"https:\/\/www.interaccionnoticias.com.mx\/index.php?rest_route=\/wp\/v2\/posts\/99101\/revisions"}],"predecessor-version":[{"id":99105,"href":"https:\/\/www.interaccionnoticias.com.mx\/index.php?rest_route=\/wp\/v2\/posts\/99101\/revisions\/99105"}],"wp:featuredmedia":[{"embeddable":true,"href":"https:\/\/www.interaccionnoticias.com.mx\/index.php?rest_route=\/wp\/v2\/media\/99106"}],"wp:attachment":[{"href":"https:\/\/www.interaccionnoticias.com.mx\/index.php?rest_route=%2Fwp%2Fv2%2Fmedia&parent=99101"}],"wp:term":[{"taxonomy":"category","embeddable":true,"href":"https:\/\/www.interaccionnoticias.com.mx\/index.php?rest_route=%2Fwp%2Fv2%2Fcategories&post=99101"},{"taxonomy":"post_tag","embeddable":true,"href":"https:\/\/www.interaccionnoticias.com.mx\/index.php?rest_route=%2Fwp%2Fv2%2Ftags&post=99101"}],"curies":[{"name":"wp","href":"https:\/\/api.w.org\/{rel}","templated":true}]}}