{"id":99062,"date":"2025-12-05T06:09:50","date_gmt":"2025-12-05T13:09:50","guid":{"rendered":"https:\/\/www.interaccionnoticias.com.mx\/?p=99062"},"modified":"2025-12-05T08:41:51","modified_gmt":"2025-12-05T15:41:51","slug":"entre-lineas-y-votos-10","status":"publish","type":"post","link":"https:\/\/www.interaccionnoticias.com.mx\/?p=99062","title":{"rendered":"Entre L\u00edneas y votos"},"content":{"rendered":"\n<p><strong>Ernestina Godoy: la nueva fiscal carnal de Morena<\/strong><\/p>\n\n\n\n<p><strong>Alberto Catal\u00e1n Bastida<\/strong><br>5 de diciembre.<\/p>\n\n\n\n<p>La renuncia de Alejandro Gertz Manero abri\u00f3 una oportunidad hist\u00f3rica para recomponer el rumbo de la Fiscal\u00eda General de la Rep\u00fablica. Pero en lugar de fortalecer la autonom\u00eda y la credibilidad institucional, la Cuarta Transformaci\u00f3n opt\u00f3 por lo que mejor sabe hacer: colocar a una incondicional en el puesto clave. La designaci\u00f3n de Ernestina Godoy como fiscal general confirma que Morena y Claudia Sheinbaum han decidido apostar por el control pol\u00edtico antes que por la justicia.<\/p>\n\n\n\n<p>No hay que tener memoria selectiva. Cuando Ernestina Godoy era diputada federal, fustigaba con dureza al gobierno en turno por designar a un procurador cercano al partido en el poder. Advert\u00eda sobre los riesgos de tener un fiscal \u201ccarnal\u201d, denunciaba la subordinaci\u00f3n institucional y se escandalizaba ante la influencia pol\u00edtica en la procuraci\u00f3n de justicia.<\/p>\n\n\n\n<p>Hoy, esa misma Ernestina Godoy se convierte exactamente en lo que tanto critic\u00f3: la fiscal carnal, pero no de un presidente en abstracto, sino de Morena y de Claudia Sheinbaum, la figura pol\u00edtica que m\u00e1s ha impulsado su carrera en los \u00faltimos a\u00f1os. La coherencia se derrumba y la doble moral vuelve a asomar su rostro.<\/p>\n\n\n\n<p>La narrativa oficial intenta vendernos la idea de que se trat\u00f3 de un proceso limpio y democr\u00e1tico. Pero el guion estaba escrito desde antes. Morena mont\u00f3 una farsa legislativa para justificar la designaci\u00f3n de una senadora con licencia, militante leal, y operadora pol\u00edtica con trayectoria dentro del movimiento. Lo que antes denunciaban con rabia, hoy lo practican sin verg\u00fcenza. Lo que antes llamaban corrupci\u00f3n institucional, hoy lo llaman transformaci\u00f3n.<\/p>\n\n\n\n<p>La llegada de Godoy a la Fiscal\u00eda no es un movimiento t\u00e9cnico ni una apuesta por la justicia: es un blindaje pol\u00edtico. Su papel ser\u00e1 clave para proteger al r\u00e9gimen, cubrir el cochinero acumulado en estos a\u00f1os y garantizar que ninguna investigaci\u00f3n avance si puede salpicar a la \u00e9lite morenista. La Fiscal\u00eda, que deber\u00eda ser un contrapeso, se convierte nuevamente en un instrumento de control y de impunidad.<\/p>\n\n\n\n<p>Y en este escenario, la presencia de Claudia Sheinbaum como impulsora directa de la designaci\u00f3n no es un detalle menor. La presidenta ha optado por rodearse de personas que le garantizan obediencia absoluta, incluso en \u00e1reas donde deber\u00eda privilegiarse la autonom\u00eda. La fiscal\u00eda \u2014como la seguridad, los programas sociales y la comunicaci\u00f3n oficial\u2014 se integra ahora plenamente a la estructura de control pol\u00edtico del nuevo gobierno.<\/p>\n\n\n\n<p>Tenemos, en los hechos, una fiscal carnal de Morena y de Claudia Sheinbaum, colocada para asegurar continuidad, protecci\u00f3n y silencio. Nada m\u00e1s alejado de la promesa de un cambio verdadero.<\/p>\n\n\n\n<p>La justicia en M\u00e9xico queda, otra vez, atrapada en la telara\u00f1a del poder. Y mientras la 4T celebra su designaci\u00f3n como triunfo democr\u00e1tico, en realidad celebran la consolidaci\u00f3n de un aparato que prometi\u00f3 ser diferente, pero hoy demuestra que repite, con mayor cinismo, lo que tanto critic\u00f3.<\/p>\n\n\n\n<p>\u201cCuando el poder se une a la injusticia, nace la opresi\u00f3n.\u201d Arist\u00f3teles<\/p>\n","protected":false},"excerpt":{"rendered":"<p>Ernestina Godoy: la nueva fiscal carnal de Morena Alberto Catal\u00e1n Bastida5 de diciembre. La renuncia de Alejandro Gertz Manero abri\u00f3 una oportunidad hist\u00f3rica para recomponer el rumbo de la Fiscal\u00eda&hellip; <\/p>\n","protected":false},"author":37,"featured_media":99069,"comment_status":"open","ping_status":"open","sticky":false,"template":"","format":"standard","meta":{"fifu_image_url":"https:\/\/www.interaccionnoticias.com.mx\/wp-content\/uploads\/2025\/09\/Entre-Lineas-y-votos.jpg","fifu_image_alt":"","footnotes":""},"categories":[16],"tags":[],"class_list":["post-99062","post","type-post","status-publish","format-standard","has-post-thumbnail","hentry","category-opinion"],"_links":{"self":[{"href":"https:\/\/www.interaccionnoticias.com.mx\/index.php?rest_route=\/wp\/v2\/posts\/99062","targetHints":{"allow":["GET"]}}],"collection":[{"href":"https:\/\/www.interaccionnoticias.com.mx\/index.php?rest_route=\/wp\/v2\/posts"}],"about":[{"href":"https:\/\/www.interaccionnoticias.com.mx\/index.php?rest_route=\/wp\/v2\/types\/post"}],"author":[{"embeddable":true,"href":"https:\/\/www.interaccionnoticias.com.mx\/index.php?rest_route=\/wp\/v2\/users\/37"}],"replies":[{"embeddable":true,"href":"https:\/\/www.interaccionnoticias.com.mx\/index.php?rest_route=%2Fwp%2Fv2%2Fcomments&post=99062"}],"version-history":[{"count":1,"href":"https:\/\/www.interaccionnoticias.com.mx\/index.php?rest_route=\/wp\/v2\/posts\/99062\/revisions"}],"predecessor-version":[{"id":99063,"href":"https:\/\/www.interaccionnoticias.com.mx\/index.php?rest_route=\/wp\/v2\/posts\/99062\/revisions\/99063"}],"wp:featuredmedia":[{"embeddable":true,"href":"https:\/\/www.interaccionnoticias.com.mx\/index.php?rest_route=\/wp\/v2\/media\/99069"}],"wp:attachment":[{"href":"https:\/\/www.interaccionnoticias.com.mx\/index.php?rest_route=%2Fwp%2Fv2%2Fmedia&parent=99062"}],"wp:term":[{"taxonomy":"category","embeddable":true,"href":"https:\/\/www.interaccionnoticias.com.mx\/index.php?rest_route=%2Fwp%2Fv2%2Fcategories&post=99062"},{"taxonomy":"post_tag","embeddable":true,"href":"https:\/\/www.interaccionnoticias.com.mx\/index.php?rest_route=%2Fwp%2Fv2%2Ftags&post=99062"}],"curies":[{"name":"wp","href":"https:\/\/api.w.org\/{rel}","templated":true}]}}