{"id":99050,"date":"2025-12-04T15:21:12","date_gmt":"2025-12-04T22:21:12","guid":{"rendered":"https:\/\/www.interaccionnoticias.com.mx\/?p=99050"},"modified":"2025-12-04T15:21:13","modified_gmt":"2025-12-04T22:21:13","slug":"en-pueblos-de-la-sierra-y-montana-las-temperaturas-mas-bajas-del-fin-de-ano","status":"publish","type":"post","link":"https:\/\/www.interaccionnoticias.com.mx\/?p=99050","title":{"rendered":"En pueblos de la Sierra y Monta\u00f1a, las temperaturas m\u00e1s bajas del fin de a\u00f1o"},"content":{"rendered":"\n<p><em><strong>&#8212; Pide Protecci\u00f3n Civil estar alertas y proteger a los sectores vulnerables; adultos mayores y ni\u00f1os<\/strong><\/em><\/p>\n\n\n\n<p><strong>Rogelio Agust\u00edn<\/strong><\/p>\n\n\n\n<p>El titular de la Secretar\u00eda de Gesti\u00f3n Integral de Riesgos y Protecci\u00f3n Civil, Roberto Arroyo Matus advirti\u00f3 que en las partes altas de la Monta\u00f1a y Sierra, este a\u00f1o se pueden registrar temperaturas de 4 grados hasta menos 2, por lo que pidi\u00f3 a la poblaci\u00f3n prevenirse para evitar complicaciones por enfermedades respiratorias, particularmente en los casos de adultos mayores y ni\u00f1os.<\/p>\n\n\n\n<p>Arroyo Matus destac\u00f3 que para el mes de diciembre se tienen proyectados hasta siete frentes fr\u00edos y hasta siete m\u00e1s en el mes de enero 2026, por lo que es importante tomar medidas preventivas para evitar enfermedades.<\/p>\n\n\n\n<p>En las comunidades que se encuentran en las partes altas, aproximadamente a 2 mil metros sobre el nivel del mar, dijo que se tendr\u00e1n temperaturas de hasta 4 gradas y en algunos casos, sensaciones t\u00e9rmicas de hasta dos grados menos.<\/p>\n\n\n\n<p>Por esa raz\u00f3n, tomando en cuenta que las zonas altas son tambi\u00e9n de una marcada marginaci\u00f3n, Protecci\u00f3n Civil ha instalado en sus bases regionales centros de acopio para recibir ropa de abrigo y cobijas, para aproximadamente en la tercera semana de diciembre hacer una primera entrega.<\/p>\n\n\n\n<p>Entre los municipios con temperaturas m\u00e1s bajas se ubica Heliodoro Castillo, en el lado de la Sierra, en tanto que en la Monta\u00f1a se menciona a Metlat\u00f3noc y Cochoapa el Grande, que son de los m\u00e1s pobres del pa\u00eds.<\/p>\n\n\n\n<p>\u201cHay zonas donde el roc\u00edo se vuelve hielo, hay mucha escarcha\u201d, indic\u00f3 el funcionario.<\/p>\n","protected":false},"excerpt":{"rendered":"<p>&#8212; Pide Protecci\u00f3n Civil estar alertas y proteger a los sectores vulnerables; adultos mayores y ni\u00f1os Rogelio Agust\u00edn El titular de la Secretar\u00eda de Gesti\u00f3n Integral de Riesgos y Protecci\u00f3n&hellip; <\/p>\n","protected":false},"author":21,"featured_media":99053,"comment_status":"open","ping_status":"open","sticky":false,"template":"","format":"standard","meta":{"fifu_image_url":"https:\/\/www.interaccionnoticias.com.mx\/wp-content\/uploads\/2025\/12\/251204-Sierra-y-Montana.jpg","fifu_image_alt":"","footnotes":""},"categories":[23],"tags":[],"class_list":["post-99050","post","type-post","status-publish","format-standard","has-post-thumbnail","hentry","category-regionales"],"_links":{"self":[{"href":"https:\/\/www.interaccionnoticias.com.mx\/index.php?rest_route=\/wp\/v2\/posts\/99050","targetHints":{"allow":["GET"]}}],"collection":[{"href":"https:\/\/www.interaccionnoticias.com.mx\/index.php?rest_route=\/wp\/v2\/posts"}],"about":[{"href":"https:\/\/www.interaccionnoticias.com.mx\/index.php?rest_route=\/wp\/v2\/types\/post"}],"author":[{"embeddable":true,"href":"https:\/\/www.interaccionnoticias.com.mx\/index.php?rest_route=\/wp\/v2\/users\/21"}],"replies":[{"embeddable":true,"href":"https:\/\/www.interaccionnoticias.com.mx\/index.php?rest_route=%2Fwp%2Fv2%2Fcomments&post=99050"}],"version-history":[{"count":1,"href":"https:\/\/www.interaccionnoticias.com.mx\/index.php?rest_route=\/wp\/v2\/posts\/99050\/revisions"}],"predecessor-version":[{"id":99052,"href":"https:\/\/www.interaccionnoticias.com.mx\/index.php?rest_route=\/wp\/v2\/posts\/99050\/revisions\/99052"}],"wp:featuredmedia":[{"embeddable":true,"href":"https:\/\/www.interaccionnoticias.com.mx\/index.php?rest_route=\/wp\/v2\/media\/99053"}],"wp:attachment":[{"href":"https:\/\/www.interaccionnoticias.com.mx\/index.php?rest_route=%2Fwp%2Fv2%2Fmedia&parent=99050"}],"wp:term":[{"taxonomy":"category","embeddable":true,"href":"https:\/\/www.interaccionnoticias.com.mx\/index.php?rest_route=%2Fwp%2Fv2%2Fcategories&post=99050"},{"taxonomy":"post_tag","embeddable":true,"href":"https:\/\/www.interaccionnoticias.com.mx\/index.php?rest_route=%2Fwp%2Fv2%2Ftags&post=99050"}],"curies":[{"name":"wp","href":"https:\/\/api.w.org\/{rel}","templated":true}]}}