{"id":99040,"date":"2025-12-04T14:07:37","date_gmt":"2025-12-04T21:07:37","guid":{"rendered":"https:\/\/www.interaccionnoticias.com.mx\/?p=99040"},"modified":"2025-12-04T14:07:38","modified_gmt":"2025-12-04T21:07:38","slug":"estado-y-federacion-ratifican-su-respaldo-a-chilpancingo-el-desarrollo-de-la-feria-es-decision-del-municipio","status":"publish","type":"post","link":"https:\/\/www.interaccionnoticias.com.mx\/?p=99040","title":{"rendered":"Estado y federaci\u00f3n ratifican su respaldo a Chilpancingo; el desarrollo de la Feria es decisi\u00f3n del municipio"},"content":{"rendered":"\n<p><strong><em>&#8212; La sesi\u00f3n de la Mesa de Coordinaci\u00f3n para la Construcci\u00f3n de la Paz estuvo encabezada por la gobernadora Evelyn Salgado Pineda<br>&#8212; Tambi\u00e9n particip\u00f3 el representante de SEGOB, Juan Carlos Barrios Curti<br>&#8212; El alcalde Gustavo Alarc\u00f3n Herrera se retir\u00f3 sin emitir comentarios<\/em><\/strong><\/p>\n\n\n\n<p><strong>Rogelio Agust\u00edn<\/strong><\/p>\n\n\n\n<p>La gobernadora Evelyn Salgado Pineda encabez\u00f3 los trabajos de la Mesa de Coordinaci\u00f3n para la Construcci\u00f3n de la Paz, en la que participaron el alcalde de Chilpancingo, Gustavo Alarc\u00f3n Herrera y el representante de la Secretar\u00eda de Gobernaci\u00f3n federal Juan Carlos Barrios Curti, en el encuentro, se acord\u00f3 reforzar el trabajo en materia de seguridad para acompa\u00f1ar las actividades que decida realizar la administraci\u00f3n capitalina.<\/p>\n\n\n\n<p>La sesi\u00f3n de la Mesa de Coordinaci\u00f3n se desarroll\u00f3 en la residencia oficial Casa Guerrero y se prolong\u00f3 por espacio de tres horas, al t\u00e9rmino, el presidente Gustavo Alarc\u00f3n se retir\u00f3 sin emitir comentarios a los medios de comunicaci\u00f3n.<\/p>\n\n\n\n<p>De hecho, el jefe de cabildo sali\u00f3 por la puerta 1, ubicada sobre la avenida de la Juventud, lejos de las puertas 2 y 3, sobre avenida de Los Gobernadores, que es donde trabajadores de diferentes medios aguardaban la conclusi\u00f3n de los trabajos.<\/p>\n\n\n\n<p>El comunicado de la Mesa de Coordinaci\u00f3n consta de apenas tres p\u00e1rrafos, en la parte final, se anota que la gobernadora Salgado Pineda reiter\u00f3 la disposici\u00f3n de todas las instituciones de seguridad para mantener una coordinaci\u00f3n plena, que garantice la tranquilidad y el estado de derecho en la capital de Guerrero.<\/p>\n\n\n\n<p>Se se\u00f1ala, que en la ciudad sede de los tres poderes se van a mantener los esfuerzos conjuntos, con respeto y colaboraci\u00f3n, priorizando siempre el bienestar de las familias.<\/p>\n\n\n\n<p>El martes 2 de diciembre, el presidente municipal manifest\u00f3 que este jueves 4, tras la sesi\u00f3n de la Mesa de Coordinaci\u00f3n, habr\u00eda elementos para determinar si la Feria de San Mateo, Navidad y A\u00f1o Nuevo se realiza.<\/p>\n\n\n\n<p>Ese d\u00eda se realiz\u00f3 una reuni\u00f3n en la que participaron integrantes del Consejo Consultivo, el subsecretario de Desarrollo Pol\u00edtico, Francisco Rodr\u00edguez Cisneros y la titular de la Secretar\u00eda de Cultura, Aida Melina Rebolledo.<\/p>\n\n\n\n<p>La determinaci\u00f3n de si habr\u00e1 edici\u00f3n de Bicentenario de la Feria de Navidad, as\u00ed como su tradicional Paseo del Pend\u00f3n, es una decisi\u00f3n que habr\u00e1 de tomar el municipio de Chilpancingo.<\/p>\n\n\n\n<p>El martes 2 de diciembre, el Consejo Consultivo inform\u00f3 que de 60 integrantes solo 35 permanecen activos, ya renunci\u00f3 el coordinador del Paseo del Pend\u00f3n, est\u00e1 en duda la participaci\u00f3n de los contingentes de los cinco barrios tradicionales, adem\u00e1s de que grupos de danzas y colectivos culturales han manifestado que no est\u00e1n en condiciones de participar.<\/p>\n\n\n\n<p>Se espera que en las pr\u00f3ximas horas haya un anuncio oficial.<\/p>\n\n\n\n<figure class=\"wp-block-gallery has-nested-images columns-default is-cropped wp-block-gallery-1 is-layout-flex wp-block-gallery-is-layout-flex\">\n<figure class=\"wp-block-image size-large\"><img decoding=\"async\" src=\"data:image\/gif;base64,R0lGODlhAQABAIAAAAAAAP\/\/\/ywAAAAAAQABAAACAUwAOw==\" fifu-lazy=\"1\" fifu-data-sizes=\"auto\" fifu-data-srcset=\"https:\/\/i1.wp.com\/www.interaccionnoticias.com.mx\/wp-content\/uploads\/2025\/12\/251204-Estado-y-federacion-2-1024x683.jpg?ssl=1&w=75&resize=75&ssl=1 75w, https:\/\/i1.wp.com\/www.interaccionnoticias.com.mx\/wp-content\/uploads\/2025\/12\/251204-Estado-y-federacion-2-1024x683.jpg?ssl=1&w=100&resize=100&ssl=1 100w, https:\/\/i1.wp.com\/www.interaccionnoticias.com.mx\/wp-content\/uploads\/2025\/12\/251204-Estado-y-federacion-2-1024x683.jpg?ssl=1&w=150&resize=150&ssl=1 150w, https:\/\/i1.wp.com\/www.interaccionnoticias.com.mx\/wp-content\/uploads\/2025\/12\/251204-Estado-y-federacion-2-1024x683.jpg?ssl=1&w=240&resize=240&ssl=1 240w, https:\/\/i1.wp.com\/www.interaccionnoticias.com.mx\/wp-content\/uploads\/2025\/12\/251204-Estado-y-federacion-2-1024x683.jpg?ssl=1&w=320&resize=320&ssl=1 320w, https:\/\/i1.wp.com\/www.interaccionnoticias.com.mx\/wp-content\/uploads\/2025\/12\/251204-Estado-y-federacion-2-1024x683.jpg?ssl=1&w=500&resize=500&ssl=1 500w, https:\/\/i1.wp.com\/www.interaccionnoticias.com.mx\/wp-content\/uploads\/2025\/12\/251204-Estado-y-federacion-2-1024x683.jpg?ssl=1&w=640&resize=640&ssl=1 640w, https:\/\/i1.wp.com\/www.interaccionnoticias.com.mx\/wp-content\/uploads\/2025\/12\/251204-Estado-y-federacion-2-1024x683.jpg?ssl=1&w=800&resize=800&ssl=1 800w, https:\/\/i1.wp.com\/www.interaccionnoticias.com.mx\/wp-content\/uploads\/2025\/12\/251204-Estado-y-federacion-2-1024x683.jpg?ssl=1&w=1024&resize=1024&ssl=1 1024w, https:\/\/i1.wp.com\/www.interaccionnoticias.com.mx\/wp-content\/uploads\/2025\/12\/251204-Estado-y-federacion-2-1024x683.jpg?ssl=1&w=1280&resize=1280&ssl=1 1280w, https:\/\/i1.wp.com\/www.interaccionnoticias.com.mx\/wp-content\/uploads\/2025\/12\/251204-Estado-y-federacion-2-1024x683.jpg?ssl=1&w=1600&resize=1600&ssl=1 1600w\" data-id=\"99043\" fifu-data-src=\"https:\/\/i1.wp.com\/www.interaccionnoticias.com.mx\/wp-content\/uploads\/2025\/12\/251204-Estado-y-federacion-2-1024x683.jpg?ssl=1\" alt=\"\" class=\"wp-image-99043\"\/><\/figure>\n\n\n\n<figure class=\"wp-block-image size-large\"><img decoding=\"async\" src=\"data:image\/gif;base64,R0lGODlhAQABAIAAAAAAAP\/\/\/ywAAAAAAQABAAACAUwAOw==\" fifu-lazy=\"1\" fifu-data-sizes=\"auto\" fifu-data-srcset=\"https:\/\/i2.wp.com\/www.interaccionnoticias.com.mx\/wp-content\/uploads\/2025\/12\/251204-Estado-y-federacion-1-1024x683.jpg?ssl=1&w=75&resize=75&ssl=1 75w, https:\/\/i2.wp.com\/www.interaccionnoticias.com.mx\/wp-content\/uploads\/2025\/12\/251204-Estado-y-federacion-1-1024x683.jpg?ssl=1&w=100&resize=100&ssl=1 100w, https:\/\/i2.wp.com\/www.interaccionnoticias.com.mx\/wp-content\/uploads\/2025\/12\/251204-Estado-y-federacion-1-1024x683.jpg?ssl=1&w=150&resize=150&ssl=1 150w, https:\/\/i2.wp.com\/www.interaccionnoticias.com.mx\/wp-content\/uploads\/2025\/12\/251204-Estado-y-federacion-1-1024x683.jpg?ssl=1&w=240&resize=240&ssl=1 240w, https:\/\/i2.wp.com\/www.interaccionnoticias.com.mx\/wp-content\/uploads\/2025\/12\/251204-Estado-y-federacion-1-1024x683.jpg?ssl=1&w=320&resize=320&ssl=1 320w, https:\/\/i2.wp.com\/www.interaccionnoticias.com.mx\/wp-content\/uploads\/2025\/12\/251204-Estado-y-federacion-1-1024x683.jpg?ssl=1&w=500&resize=500&ssl=1 500w, https:\/\/i2.wp.com\/www.interaccionnoticias.com.mx\/wp-content\/uploads\/2025\/12\/251204-Estado-y-federacion-1-1024x683.jpg?ssl=1&w=640&resize=640&ssl=1 640w, https:\/\/i2.wp.com\/www.interaccionnoticias.com.mx\/wp-content\/uploads\/2025\/12\/251204-Estado-y-federacion-1-1024x683.jpg?ssl=1&w=800&resize=800&ssl=1 800w, https:\/\/i2.wp.com\/www.interaccionnoticias.com.mx\/wp-content\/uploads\/2025\/12\/251204-Estado-y-federacion-1-1024x683.jpg?ssl=1&w=1024&resize=1024&ssl=1 1024w, https:\/\/i2.wp.com\/www.interaccionnoticias.com.mx\/wp-content\/uploads\/2025\/12\/251204-Estado-y-federacion-1-1024x683.jpg?ssl=1&w=1280&resize=1280&ssl=1 1280w, https:\/\/i2.wp.com\/www.interaccionnoticias.com.mx\/wp-content\/uploads\/2025\/12\/251204-Estado-y-federacion-1-1024x683.jpg?ssl=1&w=1600&resize=1600&ssl=1 1600w\" data-id=\"99042\" fifu-data-src=\"https:\/\/i2.wp.com\/www.interaccionnoticias.com.mx\/wp-content\/uploads\/2025\/12\/251204-Estado-y-federacion-1-1024x683.jpg?ssl=1\" alt=\"\" class=\"wp-image-99042\"\/><\/figure>\n\n\n\n<figure class=\"wp-block-image size-large\"><img decoding=\"async\" src=\"data:image\/gif;base64,R0lGODlhAQABAIAAAAAAAP\/\/\/ywAAAAAAQABAAACAUwAOw==\" fifu-lazy=\"1\" fifu-data-sizes=\"auto\" fifu-data-srcset=\"https:\/\/i3.wp.com\/www.interaccionnoticias.com.mx\/wp-content\/uploads\/2025\/12\/251204-Estado-y-federacion-3-1024x683.jpg?ssl=1&w=75&resize=75&ssl=1 75w, https:\/\/i3.wp.com\/www.interaccionnoticias.com.mx\/wp-content\/uploads\/2025\/12\/251204-Estado-y-federacion-3-1024x683.jpg?ssl=1&w=100&resize=100&ssl=1 100w, https:\/\/i3.wp.com\/www.interaccionnoticias.com.mx\/wp-content\/uploads\/2025\/12\/251204-Estado-y-federacion-3-1024x683.jpg?ssl=1&w=150&resize=150&ssl=1 150w, https:\/\/i3.wp.com\/www.interaccionnoticias.com.mx\/wp-content\/uploads\/2025\/12\/251204-Estado-y-federacion-3-1024x683.jpg?ssl=1&w=240&resize=240&ssl=1 240w, https:\/\/i3.wp.com\/www.interaccionnoticias.com.mx\/wp-content\/uploads\/2025\/12\/251204-Estado-y-federacion-3-1024x683.jpg?ssl=1&w=320&resize=320&ssl=1 320w, https:\/\/i3.wp.com\/www.interaccionnoticias.com.mx\/wp-content\/uploads\/2025\/12\/251204-Estado-y-federacion-3-1024x683.jpg?ssl=1&w=500&resize=500&ssl=1 500w, https:\/\/i3.wp.com\/www.interaccionnoticias.com.mx\/wp-content\/uploads\/2025\/12\/251204-Estado-y-federacion-3-1024x683.jpg?ssl=1&w=640&resize=640&ssl=1 640w, https:\/\/i3.wp.com\/www.interaccionnoticias.com.mx\/wp-content\/uploads\/2025\/12\/251204-Estado-y-federacion-3-1024x683.jpg?ssl=1&w=800&resize=800&ssl=1 800w, https:\/\/i3.wp.com\/www.interaccionnoticias.com.mx\/wp-content\/uploads\/2025\/12\/251204-Estado-y-federacion-3-1024x683.jpg?ssl=1&w=1024&resize=1024&ssl=1 1024w, https:\/\/i3.wp.com\/www.interaccionnoticias.com.mx\/wp-content\/uploads\/2025\/12\/251204-Estado-y-federacion-3-1024x683.jpg?ssl=1&w=1280&resize=1280&ssl=1 1280w, https:\/\/i3.wp.com\/www.interaccionnoticias.com.mx\/wp-content\/uploads\/2025\/12\/251204-Estado-y-federacion-3-1024x683.jpg?ssl=1&w=1600&resize=1600&ssl=1 1600w\" data-id=\"99041\" fifu-data-src=\"https:\/\/i3.wp.com\/www.interaccionnoticias.com.mx\/wp-content\/uploads\/2025\/12\/251204-Estado-y-federacion-3-1024x683.jpg?ssl=1\" alt=\"\" class=\"wp-image-99041\"\/><\/figure>\n<\/figure>\n","protected":false},"excerpt":{"rendered":"<p>&#8212; La sesi\u00f3n de la Mesa de Coordinaci\u00f3n para la Construcci\u00f3n de la Paz estuvo encabezada por la gobernadora Evelyn Salgado Pineda&#8212; Tambi\u00e9n particip\u00f3 el representante de SEGOB, Juan Carlos&hellip; <\/p>\n","protected":false},"author":21,"featured_media":99045,"comment_status":"open","ping_status":"open","sticky":false,"template":"","format":"standard","meta":{"fifu_image_url":"https:\/\/www.interaccionnoticias.com.mx\/wp-content\/uploads\/2025\/12\/251204-Estado-y-federacion-3.jpg","fifu_image_alt":"","footnotes":""},"categories":[11],"tags":[],"class_list":["post-99040","post","type-post","status-publish","format-standard","has-post-thumbnail","hentry","category-guerrero"],"_links":{"self":[{"href":"https:\/\/www.interaccionnoticias.com.mx\/index.php?rest_route=\/wp\/v2\/posts\/99040","targetHints":{"allow":["GET"]}}],"collection":[{"href":"https:\/\/www.interaccionnoticias.com.mx\/index.php?rest_route=\/wp\/v2\/posts"}],"about":[{"href":"https:\/\/www.interaccionnoticias.com.mx\/index.php?rest_route=\/wp\/v2\/types\/post"}],"author":[{"embeddable":true,"href":"https:\/\/www.interaccionnoticias.com.mx\/index.php?rest_route=\/wp\/v2\/users\/21"}],"replies":[{"embeddable":true,"href":"https:\/\/www.interaccionnoticias.com.mx\/index.php?rest_route=%2Fwp%2Fv2%2Fcomments&post=99040"}],"version-history":[{"count":1,"href":"https:\/\/www.interaccionnoticias.com.mx\/index.php?rest_route=\/wp\/v2\/posts\/99040\/revisions"}],"predecessor-version":[{"id":99044,"href":"https:\/\/www.interaccionnoticias.com.mx\/index.php?rest_route=\/wp\/v2\/posts\/99040\/revisions\/99044"}],"wp:featuredmedia":[{"embeddable":true,"href":"https:\/\/www.interaccionnoticias.com.mx\/index.php?rest_route=\/wp\/v2\/media\/99045"}],"wp:attachment":[{"href":"https:\/\/www.interaccionnoticias.com.mx\/index.php?rest_route=%2Fwp%2Fv2%2Fmedia&parent=99040"}],"wp:term":[{"taxonomy":"category","embeddable":true,"href":"https:\/\/www.interaccionnoticias.com.mx\/index.php?rest_route=%2Fwp%2Fv2%2Fcategories&post=99040"},{"taxonomy":"post_tag","embeddable":true,"href":"https:\/\/www.interaccionnoticias.com.mx\/index.php?rest_route=%2Fwp%2Fv2%2Ftags&post=99040"}],"curies":[{"name":"wp","href":"https:\/\/api.w.org\/{rel}","templated":true}]}}