{"id":99000,"date":"2025-12-04T13:02:01","date_gmt":"2025-12-04T20:02:01","guid":{"rendered":"https:\/\/www.interaccionnoticias.com.mx\/?p=99000"},"modified":"2025-12-04T13:02:02","modified_gmt":"2025-12-04T20:02:02","slug":"detienen-a-cuatro-por-el-homicidio-del-lider-de-tablajeros-en-chilpancingo","status":"publish","type":"post","link":"https:\/\/www.interaccionnoticias.com.mx\/?p=99000","title":{"rendered":"Detienen a cuatro por el homicidio del l\u00edder de tablajeros en Chilpancingo"},"content":{"rendered":"\n<p><em><strong>&#8212; De acuerdo con las investigaciones ministeriales, los hechos ocurrieron el 21 de marzo de 2025, al interior de una carnicer\u00eda ubicada en el Mercado Baltazar R. Leyva Mancilla<\/strong><\/em><\/p>\n\n\n\n<p><strong>Jes\u00fas Dorantes<\/strong><\/p>\n\n\n\n<p>En un operativo conjunto con el Ej\u00e9rcito, Guardia Nacional, Secretar\u00eda de Seguridad y Protecci\u00f3n Ciudadana y Polic\u00eda Estatal, la Fiscal\u00eda General del Estado ejecut\u00f3 una orden de aprehensi\u00f3n contra cuatro hombres se\u00f1alados por su presunta participaci\u00f3n en el homicidio de Daniel Lorenzo Campos Nava y de uno de sus trabajadores, ocurrido en marzo pasado dentro del mercado central Baltazar R. Leyva Mancilla.<\/p>\n\n\n\n<p>Los detenidos fueron identificados como Jos\u00e9 \u201cN\u201d, Adri\u00e1n \u201cN\u201d, Celso \u201cN\u201d y Rafael \u201cN\u201d. Todos quedaron a disposici\u00f3n del Juez de Control, quien definir\u00e1 su situaci\u00f3n jur\u00eddica en las pr\u00f3ximas horas.<\/p>\n\n\n\n<p>\u201cDe acuerdo con las investigaciones ministeriales, los hechos ocurrieron el 21 de marzo de 2025, al interior de una carnicer\u00eda ubicada en el Mercado Baltazar R. Leyva Mancilla en dicho municipio, donde los imputados habr\u00edan participado en la agresi\u00f3n armada que deriv\u00f3 en el fallecimiento de las v\u00edctimas\u201d, detalla el comunicado oficial.<\/p>\n\n\n\n<p>Las v\u00edctimas Campos Nava, eran el presidente de la Uni\u00f3n de Tablajeros y Comerciantes de Chilpancingo y el empleado Gadiel Trujillo Mor\u00e1n, de 20 a\u00f1os fueron agredidas a balazos mientras realizaban sus actividades. Un tercer trabajador result\u00f3 herido.<\/p>\n\n\n\n<p>Los detenidos fueron puestos a disposici\u00f3n del Juez de Control y Enjuiciamiento Penal del Estado, quien determinar\u00e1 su situaci\u00f3n jur\u00eddica conforme a derecho.<\/p>\n","protected":false},"excerpt":{"rendered":"<p>&#8212; De acuerdo con las investigaciones ministeriales, los hechos ocurrieron el 21 de marzo de 2025, al interior de una carnicer\u00eda ubicada en el Mercado Baltazar R. Leyva Mancilla Jes\u00fas&hellip; <\/p>\n","protected":false},"author":8,"featured_media":99003,"comment_status":"open","ping_status":"open","sticky":false,"template":"","format":"standard","meta":{"fifu_image_url":"https:\/\/www.interaccionnoticias.com.mx\/wp-content\/uploads\/2025\/12\/251204-Detienen-homicidio.jpg","fifu_image_alt":"","footnotes":""},"categories":[27],"tags":[],"class_list":["post-99000","post","type-post","status-publish","format-standard","has-post-thumbnail","hentry","category-seguridad-publica"],"_links":{"self":[{"href":"https:\/\/www.interaccionnoticias.com.mx\/index.php?rest_route=\/wp\/v2\/posts\/99000","targetHints":{"allow":["GET"]}}],"collection":[{"href":"https:\/\/www.interaccionnoticias.com.mx\/index.php?rest_route=\/wp\/v2\/posts"}],"about":[{"href":"https:\/\/www.interaccionnoticias.com.mx\/index.php?rest_route=\/wp\/v2\/types\/post"}],"author":[{"embeddable":true,"href":"https:\/\/www.interaccionnoticias.com.mx\/index.php?rest_route=\/wp\/v2\/users\/8"}],"replies":[{"embeddable":true,"href":"https:\/\/www.interaccionnoticias.com.mx\/index.php?rest_route=%2Fwp%2Fv2%2Fcomments&post=99000"}],"version-history":[{"count":1,"href":"https:\/\/www.interaccionnoticias.com.mx\/index.php?rest_route=\/wp\/v2\/posts\/99000\/revisions"}],"predecessor-version":[{"id":99002,"href":"https:\/\/www.interaccionnoticias.com.mx\/index.php?rest_route=\/wp\/v2\/posts\/99000\/revisions\/99002"}],"wp:featuredmedia":[{"embeddable":true,"href":"https:\/\/www.interaccionnoticias.com.mx\/index.php?rest_route=\/wp\/v2\/media\/99003"}],"wp:attachment":[{"href":"https:\/\/www.interaccionnoticias.com.mx\/index.php?rest_route=%2Fwp%2Fv2%2Fmedia&parent=99000"}],"wp:term":[{"taxonomy":"category","embeddable":true,"href":"https:\/\/www.interaccionnoticias.com.mx\/index.php?rest_route=%2Fwp%2Fv2%2Fcategories&post=99000"},{"taxonomy":"post_tag","embeddable":true,"href":"https:\/\/www.interaccionnoticias.com.mx\/index.php?rest_route=%2Fwp%2Fv2%2Ftags&post=99000"}],"curies":[{"name":"wp","href":"https:\/\/api.w.org\/{rel}","templated":true}]}}