{"id":98996,"date":"2025-12-04T12:14:39","date_gmt":"2025-12-04T19:14:39","guid":{"rendered":"https:\/\/www.interaccionnoticias.com.mx\/?p=98996"},"modified":"2025-12-04T12:14:39","modified_gmt":"2025-12-04T19:14:39","slug":"prevalece-la-indefinicion-respecto-a-la-feria-de-navidad-y-ano-nuevo","status":"publish","type":"post","link":"https:\/\/www.interaccionnoticias.com.mx\/?p=98996","title":{"rendered":"Prevalece la indefinici\u00f3n respecto a la Feria de Navidad y A\u00f1o Nuevo"},"content":{"rendered":"\n<p><strong><em>&#8212; Va el alcalde Gustavo Alarc\u00f3n Herrera a sesi\u00f3n de la Mesa de Coordinaci\u00f3n para la Construcci\u00f3n de la Paz, se retira sin emitir comentarios<\/em><\/strong><\/p>\n\n\n\n<p><strong>Rogelio Agust\u00edn \/ Jes\u00fas Dorantes<\/strong><\/p>\n\n\n\n<p>Tras participar en una reuni\u00f3n a puerta cerrada de la Mesa de Coordinaci\u00f3n para la Construcci\u00f3n de la Paz, las autoridades de Chilpancingo salieron de la residencia oficial Casa Guerrero sin emitir comentarios respecto a la realizaci\u00f3n de la Feria de San Mateo, Navidad y A\u00f1o Nuevo.<\/p>\n\n\n\n<p>El martes 2 de diciembre, el alcalde Gustavo Alarc\u00f3n Herrera confirm\u00f3 que este jueves 4, tras una sesi\u00f3n de la Mesa de Coordinaci\u00f3n se dar\u00eda a conocer si existen o no condiciones para realizar la Feria de Navidad y el tradicional Paseo del Pend\u00f3n.<\/p>\n\n\n\n<p>Los trabajos de la Mesa de Coordinaci\u00f3n -en la que Interact\u00faan corporaciones del Estado y la Federaci\u00f3n-, comenzaron alrededor de las 08:00 horas, en la residencia oficial Casa Guerrero.<\/p>\n\n\n\n<p>Se confirm\u00f3 la presencia del alcalde capitalino en la sesi\u00f3n, aunque no de los integrantes del Consejo Consultivo de la Feria, cuyo secretario t\u00e9cnico es Len\u00edn Carbajal.<\/p>\n\n\n\n<p>Despu\u00e9s de las 11:00 horas, mandos de la Guardia Nacional (GN) y del Ej\u00e9rcito Mexicano salieron de la residencia oficial por las puertas 2 y 3, sin embargo se abstuvieron de emitir declaraciones.<\/p>\n\n\n\n<p>El presidente Alarc\u00f3n Herrera sali\u00f3 por la puerta 1, lejos del alcance de los reporteros que aguardaron durante m\u00e1s de tres horas el desenlace del encuentro.<\/p>\n\n\n\n<p>De parte de la administraci\u00f3n estatal tampoco se ha emitido alguna comunicaci\u00f3n.<\/p>\n\n\n\n<p>El desarrollo de la Feria de San Mateo, Navidad y A\u00f1o Nuevo todav\u00eda se encuentra en suspensi\u00f3n.<\/p>\n","protected":false},"excerpt":{"rendered":"<p>&#8212; Va el alcalde Gustavo Alarc\u00f3n Herrera a sesi\u00f3n de la Mesa de Coordinaci\u00f3n para la Construcci\u00f3n de la Paz, se retira sin emitir comentarios Rogelio Agust\u00edn \/ Jes\u00fas Dorantes&hellip; <\/p>\n","protected":false},"author":19,"featured_media":98999,"comment_status":"open","ping_status":"open","sticky":false,"template":"","format":"standard","meta":{"fifu_image_url":"https:\/\/www.interaccionnoticias.com.mx\/wp-content\/uploads\/2025\/12\/251204-Prevalece-la-indefinicion.jpg","fifu_image_alt":"","footnotes":""},"categories":[11],"tags":[],"class_list":["post-98996","post","type-post","status-publish","format-standard","has-post-thumbnail","hentry","category-guerrero"],"_links":{"self":[{"href":"https:\/\/www.interaccionnoticias.com.mx\/index.php?rest_route=\/wp\/v2\/posts\/98996","targetHints":{"allow":["GET"]}}],"collection":[{"href":"https:\/\/www.interaccionnoticias.com.mx\/index.php?rest_route=\/wp\/v2\/posts"}],"about":[{"href":"https:\/\/www.interaccionnoticias.com.mx\/index.php?rest_route=\/wp\/v2\/types\/post"}],"author":[{"embeddable":true,"href":"https:\/\/www.interaccionnoticias.com.mx\/index.php?rest_route=\/wp\/v2\/users\/19"}],"replies":[{"embeddable":true,"href":"https:\/\/www.interaccionnoticias.com.mx\/index.php?rest_route=%2Fwp%2Fv2%2Fcomments&post=98996"}],"version-history":[{"count":1,"href":"https:\/\/www.interaccionnoticias.com.mx\/index.php?rest_route=\/wp\/v2\/posts\/98996\/revisions"}],"predecessor-version":[{"id":98998,"href":"https:\/\/www.interaccionnoticias.com.mx\/index.php?rest_route=\/wp\/v2\/posts\/98996\/revisions\/98998"}],"wp:featuredmedia":[{"embeddable":true,"href":"https:\/\/www.interaccionnoticias.com.mx\/index.php?rest_route=\/wp\/v2\/media\/98999"}],"wp:attachment":[{"href":"https:\/\/www.interaccionnoticias.com.mx\/index.php?rest_route=%2Fwp%2Fv2%2Fmedia&parent=98996"}],"wp:term":[{"taxonomy":"category","embeddable":true,"href":"https:\/\/www.interaccionnoticias.com.mx\/index.php?rest_route=%2Fwp%2Fv2%2Fcategories&post=98996"},{"taxonomy":"post_tag","embeddable":true,"href":"https:\/\/www.interaccionnoticias.com.mx\/index.php?rest_route=%2Fwp%2Fv2%2Ftags&post=98996"}],"curies":[{"name":"wp","href":"https:\/\/api.w.org\/{rel}","templated":true}]}}