{"id":98970,"date":"2025-12-03T16:45:00","date_gmt":"2025-12-03T23:45:00","guid":{"rendered":"https:\/\/www.interaccionnoticias.com.mx\/?p=98970"},"modified":"2025-12-03T23:19:01","modified_gmt":"2025-12-04T06:19:01","slug":"claridad-y-compromisos-reales-pide-el-ayuntamiento-de-chilpancingo-a-la-mesa-de-coordinacion-respecto-a-la-seguridad-en-la-feria","status":"publish","type":"post","link":"https:\/\/www.interaccionnoticias.com.mx\/?p=98970","title":{"rendered":"Claridad y compromisos reales, pide el Ayuntamiento de Chilpancingo a la Mesa de Coordinaci\u00f3n, respecto a la seguridad en la Feria"},"content":{"rendered":"\n<p><em><strong>&#8212; El gobierno capitalino insisti\u00f3 en que cualquier determinaci\u00f3n sobre el Paseo del Pend\u00f3n y la Feria Bicentenaria debe ir acompa\u00f1ada de un plan operativo p\u00fablico, medible y claro para toda la poblaci\u00f3n<\/strong><\/em><\/p>\n\n\n\n<p><strong>Cristina Serrano\/ Jes\u00fas Dorantes<\/strong><\/p>\n\n\n\n<p>El Gobierno de Chilpancingo demand\u00f3 compromisos claros a la Mesa de Coordinaci\u00f3n para la Construcci\u00f3n de la Paz en torno a la seguridad en el Paseo del Pend\u00f3n y la Feria de Navidad y A\u00f1o Nuevo.<\/p>\n\n\n\n<p>Tras un primer comunicado de la Mesa de Coordinaci\u00f3n, el cabildo de Chilpancingo respondi\u00f3 demandado acciones concretas.<\/p>\n\n\n\n<p>La administraci\u00f3n municipal record\u00f3 que la seguridad no puede recaer en un solo nivel de gobierno y subray\u00f3 que el titular de la Secretar\u00eda de Seguridad P\u00fablica Municipal forma parte de la estructura estatal, asimismo, el municipio sostuvo que el comunicado de la Mesa no define compromisos tangibles y deja sin responder cuestiones b\u00e1sicas como cu\u00e1ntos elementos operar\u00e1n, en qu\u00e9 zonas, por cu\u00e1nto tiempo y con qu\u00e9 objetivos.<\/p>\n\n\n\n<p>El gobierno capitalino insisti\u00f3 en que cualquier determinaci\u00f3n sobre el Paseo del Pend\u00f3n y la Feria Bicentenaria debe ir acompa\u00f1ada de un plan operativo p\u00fablico, medible y claro para toda la poblaci\u00f3n.<\/p>\n\n\n\n<p>Sobre el argumento de que el municipio es responsable de la organizaci\u00f3n de la feria, el Ayuntamiento destall\u00f3 que esa tarea no sustituye la obligaci\u00f3n del Estado y la Federaci\u00f3n de garantizar la seguridad frente a amenazas que rebasan la capacidad municipal. Recalc\u00f3 que no se pueden simular condiciones que a\u00fan no existen y que Chilpancingo vive una realidad que exige transparencia y corresponsabilidad.<\/p>\n\n\n\n<p>Tambi\u00e9n cuestion\u00f3 que la Mesa de Coordinaci\u00f3n aparezca como una figura \u201cabstracta\u201d ante la opini\u00f3n p\u00fablica, mientras autoridades municipales y consejeros de la feria asumen las decisiones de forma directa. Pidi\u00f3 que los integrantes de la Mesa expliquen con nombre y cargo qu\u00e9 se est\u00e1 proponiendo, acordando y ejecutando.<\/p>\n\n\n\n<p>El Ayuntamiento reiter\u00f3 que existen acuerdos previos con el Gobierno del Estado y la Secretar\u00eda de Cultura que deben retomarse, como lo son apoyo log\u00edstico y cultural para el Paseo del Pend\u00f3n, programaci\u00f3n art\u00edstica para el Teatro del Pueblo y respaldo para acondicionar el recinto ferial en el marco de la Feria Bicentenaria. Se\u00f1al\u00f3 que estos compromisos representan avances significativos que pueden garantizar la realizaci\u00f3n del evento m\u00e1s antiguo del pa\u00eds.<\/p>\n\n\n\n<p>El Gobierno Municipal, el Consejo Consultivo y el Patronato aseguraron que han avanzado en organizaci\u00f3n y di\u00e1logo institucional, pero reiteraron que la feria depende de que los apoyos estatales y federales se concreten y se hagan visibles, adem\u00e1s de que existan condiciones de seguridad para todos los participantes.<\/p>\n\n\n\n<figure class=\"wp-block-gallery has-nested-images columns-default is-cropped wp-block-gallery-1 is-layout-flex wp-block-gallery-is-layout-flex\">\n<figure class=\"wp-block-image size-large\"><img decoding=\"async\" src=\"data:image\/gif;base64,R0lGODlhAQABAIAAAAAAAP\/\/\/ywAAAAAAQABAAACAUwAOw==\" fifu-lazy=\"1\" fifu-data-sizes=\"auto\" fifu-data-srcset=\"https:\/\/i1.wp.com\/www.interaccionnoticias.com.mx\/wp-content\/uploads\/2025\/12\/251203-Gobierno-de-Chilpancingo-4-790x1024.jpg?ssl=1&w=75&resize=75&ssl=1 75w, https:\/\/i1.wp.com\/www.interaccionnoticias.com.mx\/wp-content\/uploads\/2025\/12\/251203-Gobierno-de-Chilpancingo-4-790x1024.jpg?ssl=1&w=100&resize=100&ssl=1 100w, https:\/\/i1.wp.com\/www.interaccionnoticias.com.mx\/wp-content\/uploads\/2025\/12\/251203-Gobierno-de-Chilpancingo-4-790x1024.jpg?ssl=1&w=150&resize=150&ssl=1 150w, https:\/\/i1.wp.com\/www.interaccionnoticias.com.mx\/wp-content\/uploads\/2025\/12\/251203-Gobierno-de-Chilpancingo-4-790x1024.jpg?ssl=1&w=240&resize=240&ssl=1 240w, https:\/\/i1.wp.com\/www.interaccionnoticias.com.mx\/wp-content\/uploads\/2025\/12\/251203-Gobierno-de-Chilpancingo-4-790x1024.jpg?ssl=1&w=320&resize=320&ssl=1 320w, https:\/\/i1.wp.com\/www.interaccionnoticias.com.mx\/wp-content\/uploads\/2025\/12\/251203-Gobierno-de-Chilpancingo-4-790x1024.jpg?ssl=1&w=500&resize=500&ssl=1 500w, https:\/\/i1.wp.com\/www.interaccionnoticias.com.mx\/wp-content\/uploads\/2025\/12\/251203-Gobierno-de-Chilpancingo-4-790x1024.jpg?ssl=1&w=640&resize=640&ssl=1 640w, https:\/\/i1.wp.com\/www.interaccionnoticias.com.mx\/wp-content\/uploads\/2025\/12\/251203-Gobierno-de-Chilpancingo-4-790x1024.jpg?ssl=1&w=800&resize=800&ssl=1 800w, https:\/\/i1.wp.com\/www.interaccionnoticias.com.mx\/wp-content\/uploads\/2025\/12\/251203-Gobierno-de-Chilpancingo-4-790x1024.jpg?ssl=1&w=1024&resize=1024&ssl=1 1024w, https:\/\/i1.wp.com\/www.interaccionnoticias.com.mx\/wp-content\/uploads\/2025\/12\/251203-Gobierno-de-Chilpancingo-4-790x1024.jpg?ssl=1&w=1280&resize=1280&ssl=1 1280w, https:\/\/i1.wp.com\/www.interaccionnoticias.com.mx\/wp-content\/uploads\/2025\/12\/251203-Gobierno-de-Chilpancingo-4-790x1024.jpg?ssl=1&w=1600&resize=1600&ssl=1 1600w\" data-id=\"98974\" fifu-data-src=\"https:\/\/i1.wp.com\/www.interaccionnoticias.com.mx\/wp-content\/uploads\/2025\/12\/251203-Gobierno-de-Chilpancingo-4-790x1024.jpg?ssl=1\" alt=\"\" class=\"wp-image-98974\"\/><\/figure>\n\n\n\n<figure class=\"wp-block-image size-large\"><img decoding=\"async\" src=\"data:image\/gif;base64,R0lGODlhAQABAIAAAAAAAP\/\/\/ywAAAAAAQABAAACAUwAOw==\" fifu-lazy=\"1\" fifu-data-sizes=\"auto\" fifu-data-srcset=\"https:\/\/i3.wp.com\/www.interaccionnoticias.com.mx\/wp-content\/uploads\/2025\/12\/251203-Gobierno-de-Chilpancingo-2-790x1024.jpg?ssl=1&w=75&resize=75&ssl=1 75w, https:\/\/i3.wp.com\/www.interaccionnoticias.com.mx\/wp-content\/uploads\/2025\/12\/251203-Gobierno-de-Chilpancingo-2-790x1024.jpg?ssl=1&w=100&resize=100&ssl=1 100w, https:\/\/i3.wp.com\/www.interaccionnoticias.com.mx\/wp-content\/uploads\/2025\/12\/251203-Gobierno-de-Chilpancingo-2-790x1024.jpg?ssl=1&w=150&resize=150&ssl=1 150w, https:\/\/i3.wp.com\/www.interaccionnoticias.com.mx\/wp-content\/uploads\/2025\/12\/251203-Gobierno-de-Chilpancingo-2-790x1024.jpg?ssl=1&w=240&resize=240&ssl=1 240w, https:\/\/i3.wp.com\/www.interaccionnoticias.com.mx\/wp-content\/uploads\/2025\/12\/251203-Gobierno-de-Chilpancingo-2-790x1024.jpg?ssl=1&w=320&resize=320&ssl=1 320w, https:\/\/i3.wp.com\/www.interaccionnoticias.com.mx\/wp-content\/uploads\/2025\/12\/251203-Gobierno-de-Chilpancingo-2-790x1024.jpg?ssl=1&w=500&resize=500&ssl=1 500w, https:\/\/i3.wp.com\/www.interaccionnoticias.com.mx\/wp-content\/uploads\/2025\/12\/251203-Gobierno-de-Chilpancingo-2-790x1024.jpg?ssl=1&w=640&resize=640&ssl=1 640w, https:\/\/i3.wp.com\/www.interaccionnoticias.com.mx\/wp-content\/uploads\/2025\/12\/251203-Gobierno-de-Chilpancingo-2-790x1024.jpg?ssl=1&w=800&resize=800&ssl=1 800w, https:\/\/i3.wp.com\/www.interaccionnoticias.com.mx\/wp-content\/uploads\/2025\/12\/251203-Gobierno-de-Chilpancingo-2-790x1024.jpg?ssl=1&w=1024&resize=1024&ssl=1 1024w, https:\/\/i3.wp.com\/www.interaccionnoticias.com.mx\/wp-content\/uploads\/2025\/12\/251203-Gobierno-de-Chilpancingo-2-790x1024.jpg?ssl=1&w=1280&resize=1280&ssl=1 1280w, https:\/\/i3.wp.com\/www.interaccionnoticias.com.mx\/wp-content\/uploads\/2025\/12\/251203-Gobierno-de-Chilpancingo-2-790x1024.jpg?ssl=1&w=1600&resize=1600&ssl=1 1600w\" data-id=\"98972\" fifu-data-src=\"https:\/\/i3.wp.com\/www.interaccionnoticias.com.mx\/wp-content\/uploads\/2025\/12\/251203-Gobierno-de-Chilpancingo-2-790x1024.jpg?ssl=1\" alt=\"\" class=\"wp-image-98972\"\/><\/figure>\n\n\n\n<figure class=\"wp-block-image size-large\"><img decoding=\"async\" src=\"data:image\/gif;base64,R0lGODlhAQABAIAAAAAAAP\/\/\/ywAAAAAAQABAAACAUwAOw==\" fifu-lazy=\"1\" fifu-data-sizes=\"auto\" fifu-data-srcset=\"https:\/\/i1.wp.com\/www.interaccionnoticias.com.mx\/wp-content\/uploads\/2025\/12\/251203-Gobierno-de-Chilpancingo-3-790x1024.jpg?ssl=1&w=75&resize=75&ssl=1 75w, https:\/\/i1.wp.com\/www.interaccionnoticias.com.mx\/wp-content\/uploads\/2025\/12\/251203-Gobierno-de-Chilpancingo-3-790x1024.jpg?ssl=1&w=100&resize=100&ssl=1 100w, https:\/\/i1.wp.com\/www.interaccionnoticias.com.mx\/wp-content\/uploads\/2025\/12\/251203-Gobierno-de-Chilpancingo-3-790x1024.jpg?ssl=1&w=150&resize=150&ssl=1 150w, https:\/\/i1.wp.com\/www.interaccionnoticias.com.mx\/wp-content\/uploads\/2025\/12\/251203-Gobierno-de-Chilpancingo-3-790x1024.jpg?ssl=1&w=240&resize=240&ssl=1 240w, https:\/\/i1.wp.com\/www.interaccionnoticias.com.mx\/wp-content\/uploads\/2025\/12\/251203-Gobierno-de-Chilpancingo-3-790x1024.jpg?ssl=1&w=320&resize=320&ssl=1 320w, https:\/\/i1.wp.com\/www.interaccionnoticias.com.mx\/wp-content\/uploads\/2025\/12\/251203-Gobierno-de-Chilpancingo-3-790x1024.jpg?ssl=1&w=500&resize=500&ssl=1 500w, https:\/\/i1.wp.com\/www.interaccionnoticias.com.mx\/wp-content\/uploads\/2025\/12\/251203-Gobierno-de-Chilpancingo-3-790x1024.jpg?ssl=1&w=640&resize=640&ssl=1 640w, https:\/\/i1.wp.com\/www.interaccionnoticias.com.mx\/wp-content\/uploads\/2025\/12\/251203-Gobierno-de-Chilpancingo-3-790x1024.jpg?ssl=1&w=800&resize=800&ssl=1 800w, https:\/\/i1.wp.com\/www.interaccionnoticias.com.mx\/wp-content\/uploads\/2025\/12\/251203-Gobierno-de-Chilpancingo-3-790x1024.jpg?ssl=1&w=1024&resize=1024&ssl=1 1024w, https:\/\/i1.wp.com\/www.interaccionnoticias.com.mx\/wp-content\/uploads\/2025\/12\/251203-Gobierno-de-Chilpancingo-3-790x1024.jpg?ssl=1&w=1280&resize=1280&ssl=1 1280w, https:\/\/i1.wp.com\/www.interaccionnoticias.com.mx\/wp-content\/uploads\/2025\/12\/251203-Gobierno-de-Chilpancingo-3-790x1024.jpg?ssl=1&w=1600&resize=1600&ssl=1 1600w\" data-id=\"98973\" fifu-data-src=\"https:\/\/i1.wp.com\/www.interaccionnoticias.com.mx\/wp-content\/uploads\/2025\/12\/251203-Gobierno-de-Chilpancingo-3-790x1024.jpg?ssl=1\" alt=\"\" class=\"wp-image-98973\"\/><\/figure>\n\n\n\n<figure class=\"wp-block-image size-large\"><img decoding=\"async\" src=\"data:image\/gif;base64,R0lGODlhAQABAIAAAAAAAP\/\/\/ywAAAAAAQABAAACAUwAOw==\" fifu-lazy=\"1\" fifu-data-sizes=\"auto\" fifu-data-srcset=\"https:\/\/i0.wp.com\/www.interaccionnoticias.com.mx\/wp-content\/uploads\/2025\/12\/251203-Gobierno-de-Chilpancingo-1-790x1024.jpg?ssl=1&w=75&resize=75&ssl=1 75w, https:\/\/i0.wp.com\/www.interaccionnoticias.com.mx\/wp-content\/uploads\/2025\/12\/251203-Gobierno-de-Chilpancingo-1-790x1024.jpg?ssl=1&w=100&resize=100&ssl=1 100w, https:\/\/i0.wp.com\/www.interaccionnoticias.com.mx\/wp-content\/uploads\/2025\/12\/251203-Gobierno-de-Chilpancingo-1-790x1024.jpg?ssl=1&w=150&resize=150&ssl=1 150w, https:\/\/i0.wp.com\/www.interaccionnoticias.com.mx\/wp-content\/uploads\/2025\/12\/251203-Gobierno-de-Chilpancingo-1-790x1024.jpg?ssl=1&w=240&resize=240&ssl=1 240w, https:\/\/i0.wp.com\/www.interaccionnoticias.com.mx\/wp-content\/uploads\/2025\/12\/251203-Gobierno-de-Chilpancingo-1-790x1024.jpg?ssl=1&w=320&resize=320&ssl=1 320w, https:\/\/i0.wp.com\/www.interaccionnoticias.com.mx\/wp-content\/uploads\/2025\/12\/251203-Gobierno-de-Chilpancingo-1-790x1024.jpg?ssl=1&w=500&resize=500&ssl=1 500w, https:\/\/i0.wp.com\/www.interaccionnoticias.com.mx\/wp-content\/uploads\/2025\/12\/251203-Gobierno-de-Chilpancingo-1-790x1024.jpg?ssl=1&w=640&resize=640&ssl=1 640w, https:\/\/i0.wp.com\/www.interaccionnoticias.com.mx\/wp-content\/uploads\/2025\/12\/251203-Gobierno-de-Chilpancingo-1-790x1024.jpg?ssl=1&w=800&resize=800&ssl=1 800w, https:\/\/i0.wp.com\/www.interaccionnoticias.com.mx\/wp-content\/uploads\/2025\/12\/251203-Gobierno-de-Chilpancingo-1-790x1024.jpg?ssl=1&w=1024&resize=1024&ssl=1 1024w, https:\/\/i0.wp.com\/www.interaccionnoticias.com.mx\/wp-content\/uploads\/2025\/12\/251203-Gobierno-de-Chilpancingo-1-790x1024.jpg?ssl=1&w=1280&resize=1280&ssl=1 1280w, https:\/\/i0.wp.com\/www.interaccionnoticias.com.mx\/wp-content\/uploads\/2025\/12\/251203-Gobierno-de-Chilpancingo-1-790x1024.jpg?ssl=1&w=1600&resize=1600&ssl=1 1600w\" data-id=\"98971\" fifu-data-src=\"https:\/\/i0.wp.com\/www.interaccionnoticias.com.mx\/wp-content\/uploads\/2025\/12\/251203-Gobierno-de-Chilpancingo-1-790x1024.jpg?ssl=1\" alt=\"\" class=\"wp-image-98971\"\/><\/figure>\n<\/figure>\n","protected":false},"excerpt":{"rendered":"<p>&#8212; El gobierno capitalino insisti\u00f3 en que cualquier determinaci\u00f3n sobre el Paseo del Pend\u00f3n y la Feria Bicentenaria debe ir acompa\u00f1ada de un plan operativo p\u00fablico, medible y claro para&hellip; <\/p>\n","protected":false},"author":19,"featured_media":98977,"comment_status":"open","ping_status":"open","sticky":false,"template":"","format":"standard","meta":{"fifu_image_url":"https:\/\/www.interaccionnoticias.com.mx\/wp-content\/uploads\/2025\/12\/251203-Gustavo-Alarcon-Herrera.jpg","fifu_image_alt":"","footnotes":""},"categories":[13],"tags":[],"class_list":["post-98970","post","type-post","status-publish","format-standard","has-post-thumbnail","hentry","category-capital"],"_links":{"self":[{"href":"https:\/\/www.interaccionnoticias.com.mx\/index.php?rest_route=\/wp\/v2\/posts\/98970","targetHints":{"allow":["GET"]}}],"collection":[{"href":"https:\/\/www.interaccionnoticias.com.mx\/index.php?rest_route=\/wp\/v2\/posts"}],"about":[{"href":"https:\/\/www.interaccionnoticias.com.mx\/index.php?rest_route=\/wp\/v2\/types\/post"}],"author":[{"embeddable":true,"href":"https:\/\/www.interaccionnoticias.com.mx\/index.php?rest_route=\/wp\/v2\/users\/19"}],"replies":[{"embeddable":true,"href":"https:\/\/www.interaccionnoticias.com.mx\/index.php?rest_route=%2Fwp%2Fv2%2Fcomments&post=98970"}],"version-history":[{"count":1,"href":"https:\/\/www.interaccionnoticias.com.mx\/index.php?rest_route=\/wp\/v2\/posts\/98970\/revisions"}],"predecessor-version":[{"id":98976,"href":"https:\/\/www.interaccionnoticias.com.mx\/index.php?rest_route=\/wp\/v2\/posts\/98970\/revisions\/98976"}],"wp:featuredmedia":[{"embeddable":true,"href":"https:\/\/www.interaccionnoticias.com.mx\/index.php?rest_route=\/wp\/v2\/media\/98977"}],"wp:attachment":[{"href":"https:\/\/www.interaccionnoticias.com.mx\/index.php?rest_route=%2Fwp%2Fv2%2Fmedia&parent=98970"}],"wp:term":[{"taxonomy":"category","embeddable":true,"href":"https:\/\/www.interaccionnoticias.com.mx\/index.php?rest_route=%2Fwp%2Fv2%2Fcategories&post=98970"},{"taxonomy":"post_tag","embeddable":true,"href":"https:\/\/www.interaccionnoticias.com.mx\/index.php?rest_route=%2Fwp%2Fv2%2Ftags&post=98970"}],"curies":[{"name":"wp","href":"https:\/\/api.w.org\/{rel}","templated":true}]}}