{"id":98965,"date":"2025-12-03T14:56:00","date_gmt":"2025-12-03T21:56:00","guid":{"rendered":"https:\/\/www.interaccionnoticias.com.mx\/?p=98965"},"modified":"2025-12-03T23:09:10","modified_gmt":"2025-12-04T06:09:10","slug":"el-poder-judicial-es-garante-en-la-estabilidad-de-guerrero-admite-la-gobernadora","status":"publish","type":"post","link":"https:\/\/www.interaccionnoticias.com.mx\/?p=98965","title":{"rendered":"El Poder Judicial es garante en la estabilidad de Guerrero, admite la gobernadora"},"content":{"rendered":"\n<p><em><strong>&#8212; Evelyn Salgado acudi\u00f3 al primer informe del presidente del Tribunal Superior de Justicia (TSJ), Ricardo Salinas<\/strong><\/em><\/p>\n\n\n\n<p><strong>Rosario Garc\u00eda Orozco<\/strong><\/p>\n\n\n\n<p>Al acudir al primer informe del presidente del Tribunal Superior de Justicia, Ricardo Salinas Sandoval, la gobernadora Evelyn Salgado Pineda reconoci\u00f3 que el Poder Judicial en Guerrero ha avanzado con responsabilidad y con visi\u00f3n de Estado, principalmente por la modernizaci\u00f3n tecnol\u00f3gica, lo que permite avances que fortalecen la eficiencia, la transparencia y la certeza procesal. \u2029<\/p>\n\n\n\n<p>Agreg\u00f3 que el Poder Judicial representa uno de los pilares esenciales del Estado Mexicano, y su funci\u00f3n no solo consiste en aplicar la ley, sino en garantizar la vigencia del Estado de Derecho, \u00abasegurar la resoluci\u00f3n pac\u00edfica de los conflictos y salvaguardar los principios que sostienen nuestra vida democr\u00e1tica. Tambi\u00e9n quiero reconocer y quiero resaltar la perfecta coordinaci\u00f3n y el trabajo que hemos tenido entre los tres poderes\u00bb.<\/p>\n\n\n\n<p>\u2029\u2029La mandataria estatal consider\u00f3 que tanto el poder Ejecutivo, como el Legislativo y el Judicial \u00abtenemos bien puesta una sola camiseta, que es la camiseta de Guerrero, porque todas y todos queremos que le vaya bien a nuestro Estado. Cuenten con esa coordinaci\u00f3n, con ese apoyo para que el exista esa coordinaci\u00f3n y ese trabajo entre los tres poderes\u00bb. \u2029<\/p>\n\n\n\n<p>Salgado Pineda mencion\u00f3 que en tiempos de transformaci\u00f3n, y la reforma judicial en curso, el TSJ \u00abadquiere una relevancia central. Es el poder llamado a generar certidumbre, equilibrio y confianza p\u00fablica\u00bb. Tambi\u00e9n se refiri\u00f3 a la puesta en marcha de nuevos espacios para la oralidad, la consolidaci\u00f3n del modelo laboral y la apertura de nuevas instalaciones con vocaci\u00f3n humanista, \u00ablo que refleja un tribunal que mantiene un equilibrio adecuado entre modernizaci\u00f3n y sensibilidad ante las necesidades del pueblo de Guerrero\u00bb.<\/p>\n\n\n\n<p>Enfatiz\u00f3 que la independencia del Poder Judicial es indispensable para la democracia, pero tambi\u00e9n lo es la colaboraci\u00f3n respetuosa es de los Poderes del Estado. \u2029Desde el Poder Ejecutivo, reitero nuestro respeto absoluto a la autonom\u00eda e independencia del Poder Judicial, que nunca se confunda esta parte de la gobernadora. Esta es coordinaci\u00f3n, es trabajo, son acciones, trabajo en equipo, pero respetando absolutamente la autonom\u00eda de este poder\u00bb.<\/p>\n\n\n\n<p>Sostuvo que el Poder Judicial avanza en la ruta correcta, una ruta de modernizaci\u00f3n \u00abque es tan importante, no nos podemos quedar atr\u00e1s. \u2029El mundo est\u00e1 avanzando y est\u00e1 caminando a pasos agigantados. As\u00ed que Guerrero no nos podemos quedar atr\u00e1s y en el poder judicial menos. Se necesita esa modernizaci\u00f3n y obviamente esta ruta va a conducir al fortalecimiento institucional y de consolidaci\u00f3n de la justicia como un pilar de paz y de desarrollo\u00bb.<\/p>\n\n\n\n<figure class=\"wp-block-gallery has-nested-images columns-default is-cropped wp-block-gallery-1 is-layout-flex wp-block-gallery-is-layout-flex\">\n<figure class=\"wp-block-image size-large\"><img decoding=\"async\" src=\"data:image\/gif;base64,R0lGODlhAQABAIAAAAAAAP\/\/\/ywAAAAAAQABAAACAUwAOw==\" fifu-lazy=\"1\" fifu-data-sizes=\"auto\" fifu-data-srcset=\"https:\/\/i1.wp.com\/www.interaccionnoticias.com.mx\/wp-content\/uploads\/2025\/12\/251204-Evelyn-Salgado-Pineda-1024x683.jpg?ssl=1&w=75&resize=75&ssl=1 75w, https:\/\/i1.wp.com\/www.interaccionnoticias.com.mx\/wp-content\/uploads\/2025\/12\/251204-Evelyn-Salgado-Pineda-1024x683.jpg?ssl=1&w=100&resize=100&ssl=1 100w, https:\/\/i1.wp.com\/www.interaccionnoticias.com.mx\/wp-content\/uploads\/2025\/12\/251204-Evelyn-Salgado-Pineda-1024x683.jpg?ssl=1&w=150&resize=150&ssl=1 150w, https:\/\/i1.wp.com\/www.interaccionnoticias.com.mx\/wp-content\/uploads\/2025\/12\/251204-Evelyn-Salgado-Pineda-1024x683.jpg?ssl=1&w=240&resize=240&ssl=1 240w, https:\/\/i1.wp.com\/www.interaccionnoticias.com.mx\/wp-content\/uploads\/2025\/12\/251204-Evelyn-Salgado-Pineda-1024x683.jpg?ssl=1&w=320&resize=320&ssl=1 320w, https:\/\/i1.wp.com\/www.interaccionnoticias.com.mx\/wp-content\/uploads\/2025\/12\/251204-Evelyn-Salgado-Pineda-1024x683.jpg?ssl=1&w=500&resize=500&ssl=1 500w, https:\/\/i1.wp.com\/www.interaccionnoticias.com.mx\/wp-content\/uploads\/2025\/12\/251204-Evelyn-Salgado-Pineda-1024x683.jpg?ssl=1&w=640&resize=640&ssl=1 640w, https:\/\/i1.wp.com\/www.interaccionnoticias.com.mx\/wp-content\/uploads\/2025\/12\/251204-Evelyn-Salgado-Pineda-1024x683.jpg?ssl=1&w=800&resize=800&ssl=1 800w, https:\/\/i1.wp.com\/www.interaccionnoticias.com.mx\/wp-content\/uploads\/2025\/12\/251204-Evelyn-Salgado-Pineda-1024x683.jpg?ssl=1&w=1024&resize=1024&ssl=1 1024w, https:\/\/i1.wp.com\/www.interaccionnoticias.com.mx\/wp-content\/uploads\/2025\/12\/251204-Evelyn-Salgado-Pineda-1024x683.jpg?ssl=1&w=1280&resize=1280&ssl=1 1280w, https:\/\/i1.wp.com\/www.interaccionnoticias.com.mx\/wp-content\/uploads\/2025\/12\/251204-Evelyn-Salgado-Pineda-1024x683.jpg?ssl=1&w=1600&resize=1600&ssl=1 1600w\" data-id=\"98967\" fifu-data-src=\"https:\/\/i1.wp.com\/www.interaccionnoticias.com.mx\/wp-content\/uploads\/2025\/12\/251204-Evelyn-Salgado-Pineda-1024x683.jpg?ssl=1\" alt=\"\" class=\"wp-image-98967\"\/><\/figure>\n\n\n\n<figure class=\"wp-block-image size-large\"><img decoding=\"async\" src=\"data:image\/gif;base64,R0lGODlhAQABAIAAAAAAAP\/\/\/ywAAAAAAQABAAACAUwAOw==\" fifu-lazy=\"1\" fifu-data-sizes=\"auto\" fifu-data-srcset=\"https:\/\/i2.wp.com\/www.interaccionnoticias.com.mx\/wp-content\/uploads\/2025\/12\/251204-Ricardo-Salinas-Sandoval-1024x683.jpg?ssl=1&w=75&resize=75&ssl=1 75w, https:\/\/i2.wp.com\/www.interaccionnoticias.com.mx\/wp-content\/uploads\/2025\/12\/251204-Ricardo-Salinas-Sandoval-1024x683.jpg?ssl=1&w=100&resize=100&ssl=1 100w, https:\/\/i2.wp.com\/www.interaccionnoticias.com.mx\/wp-content\/uploads\/2025\/12\/251204-Ricardo-Salinas-Sandoval-1024x683.jpg?ssl=1&w=150&resize=150&ssl=1 150w, https:\/\/i2.wp.com\/www.interaccionnoticias.com.mx\/wp-content\/uploads\/2025\/12\/251204-Ricardo-Salinas-Sandoval-1024x683.jpg?ssl=1&w=240&resize=240&ssl=1 240w, https:\/\/i2.wp.com\/www.interaccionnoticias.com.mx\/wp-content\/uploads\/2025\/12\/251204-Ricardo-Salinas-Sandoval-1024x683.jpg?ssl=1&w=320&resize=320&ssl=1 320w, https:\/\/i2.wp.com\/www.interaccionnoticias.com.mx\/wp-content\/uploads\/2025\/12\/251204-Ricardo-Salinas-Sandoval-1024x683.jpg?ssl=1&w=500&resize=500&ssl=1 500w, https:\/\/i2.wp.com\/www.interaccionnoticias.com.mx\/wp-content\/uploads\/2025\/12\/251204-Ricardo-Salinas-Sandoval-1024x683.jpg?ssl=1&w=640&resize=640&ssl=1 640w, https:\/\/i2.wp.com\/www.interaccionnoticias.com.mx\/wp-content\/uploads\/2025\/12\/251204-Ricardo-Salinas-Sandoval-1024x683.jpg?ssl=1&w=800&resize=800&ssl=1 800w, https:\/\/i2.wp.com\/www.interaccionnoticias.com.mx\/wp-content\/uploads\/2025\/12\/251204-Ricardo-Salinas-Sandoval-1024x683.jpg?ssl=1&w=1024&resize=1024&ssl=1 1024w, https:\/\/i2.wp.com\/www.interaccionnoticias.com.mx\/wp-content\/uploads\/2025\/12\/251204-Ricardo-Salinas-Sandoval-1024x683.jpg?ssl=1&w=1280&resize=1280&ssl=1 1280w, https:\/\/i2.wp.com\/www.interaccionnoticias.com.mx\/wp-content\/uploads\/2025\/12\/251204-Ricardo-Salinas-Sandoval-1024x683.jpg?ssl=1&w=1600&resize=1600&ssl=1 1600w\" data-id=\"98966\" fifu-data-src=\"https:\/\/i2.wp.com\/www.interaccionnoticias.com.mx\/wp-content\/uploads\/2025\/12\/251204-Ricardo-Salinas-Sandoval-1024x683.jpg?ssl=1\" alt=\"\" class=\"wp-image-98966\"\/><\/figure>\n<\/figure>\n","protected":false},"excerpt":{"rendered":"<p>&#8212; Evelyn Salgado acudi\u00f3 al primer informe del presidente del Tribunal Superior de Justicia (TSJ), Ricardo Salinas Rosario Garc\u00eda Orozco Al acudir al primer informe del presidente del Tribunal Superior&hellip; <\/p>\n","protected":false},"author":14,"featured_media":98969,"comment_status":"open","ping_status":"open","sticky":false,"template":"","format":"standard","meta":{"fifu_image_url":"https:\/\/www.interaccionnoticias.com.mx\/wp-content\/uploads\/2025\/12\/251204-Evelyn-Salgado-Pineda.jpg","fifu_image_alt":"","footnotes":""},"categories":[11],"tags":[],"class_list":["post-98965","post","type-post","status-publish","format-standard","has-post-thumbnail","hentry","category-guerrero"],"_links":{"self":[{"href":"https:\/\/www.interaccionnoticias.com.mx\/index.php?rest_route=\/wp\/v2\/posts\/98965","targetHints":{"allow":["GET"]}}],"collection":[{"href":"https:\/\/www.interaccionnoticias.com.mx\/index.php?rest_route=\/wp\/v2\/posts"}],"about":[{"href":"https:\/\/www.interaccionnoticias.com.mx\/index.php?rest_route=\/wp\/v2\/types\/post"}],"author":[{"embeddable":true,"href":"https:\/\/www.interaccionnoticias.com.mx\/index.php?rest_route=\/wp\/v2\/users\/14"}],"replies":[{"embeddable":true,"href":"https:\/\/www.interaccionnoticias.com.mx\/index.php?rest_route=%2Fwp%2Fv2%2Fcomments&post=98965"}],"version-history":[{"count":1,"href":"https:\/\/www.interaccionnoticias.com.mx\/index.php?rest_route=\/wp\/v2\/posts\/98965\/revisions"}],"predecessor-version":[{"id":98968,"href":"https:\/\/www.interaccionnoticias.com.mx\/index.php?rest_route=\/wp\/v2\/posts\/98965\/revisions\/98968"}],"wp:featuredmedia":[{"embeddable":true,"href":"https:\/\/www.interaccionnoticias.com.mx\/index.php?rest_route=\/wp\/v2\/media\/98969"}],"wp:attachment":[{"href":"https:\/\/www.interaccionnoticias.com.mx\/index.php?rest_route=%2Fwp%2Fv2%2Fmedia&parent=98965"}],"wp:term":[{"taxonomy":"category","embeddable":true,"href":"https:\/\/www.interaccionnoticias.com.mx\/index.php?rest_route=%2Fwp%2Fv2%2Fcategories&post=98965"},{"taxonomy":"post_tag","embeddable":true,"href":"https:\/\/www.interaccionnoticias.com.mx\/index.php?rest_route=%2Fwp%2Fv2%2Ftags&post=98965"}],"curies":[{"name":"wp","href":"https:\/\/api.w.org\/{rel}","templated":true}]}}