{"id":98907,"date":"2025-12-03T07:06:00","date_gmt":"2025-12-03T14:06:00","guid":{"rendered":"https:\/\/www.interaccionnoticias.com.mx\/?p=98907"},"modified":"2025-12-03T08:28:45","modified_gmt":"2025-12-03T15:28:45","slug":"maremagnum-271","status":"publish","type":"post","link":"https:\/\/www.interaccionnoticias.com.mx\/?p=98907","title":{"rendered":"MAREM\u00c1GNUM 271"},"content":{"rendered":"\n<p><strong>En riesgo la celebraci\u00f3n del Bicentenario de la Feria de Chilpancingo<\/strong><\/p>\n\n\n\n<p><strong>Por Ricardo Castillo Barrientos<\/strong><\/p>\n\n\n\n<p>La poblaci\u00f3n capitalina espera con ansias cada fin de a\u00f1o, la celebraci\u00f3n de la <strong>Feria de Navidad y A\u00f1o Nuevo<\/strong>, originalmente conocida como <strong>Feria de San Mateo<\/strong>, cuya antiqu\u00edsima fundaci\u00f3n data del 26 de marzo de 1825, por decreto del Congreso del Estado de M\u00e9xico, con duraci\u00f3n ocho d\u00edas, cuando la ciudad pertenec\u00eda a esa entidad, impulsada por el general Nicol\u00e1s Bravo, con el fin de ayudar a los comerciantes a recuperarse de las perdidas de la guerra de independencia.<\/p>\n\n\n\n<p>En el presente a\u00f1o se cumplir\u00eda el \u201c<strong>Bicentenario<\/strong>\u201d de la hist\u00f3rica Feria chilpancingue\u00f1a, en medio de un ambiente de zozobra que pone en riesgo la tradicional fiesta popular. El a\u00f1o pasado tuvo que suspenderse en la v\u00edspera, por el atroz crimen del presidente del Patronato de la Feria, Mart\u00edn Roberto Ram\u00edrez Ru\u00edz, cometido en la explanada de la iglesia de San Mateo, durante la actividad del \u201c<strong>Teopancalaquis<\/strong>\u201d, -recorrido por los barrios- ante cientos de asistentes, un d\u00eda antes del inicio oficial de la Feria, quedando cancelada de inmediato por el Comit\u00e9 Organizador.<\/p>\n\n\n\n<p>El panorama actual se torna delicado y de emergencia, debido a la imparable cadena de suceso violentos a causa de la confrontaci\u00f3n de los grupos delictivos \u201c<strong>Los Tlacos<\/strong>\u201d y \u201c<strong>Los Ardillos<\/strong>\u201d, que disputan a sangre y fuego el territorio capitalino, donde est\u00e1n asentados los tres poderes del estado y las delegaciones del gobierno federal, incluyendo la 35 Zona Militar (<strong>DEFENSA<\/strong>), la Coordinaci\u00f3n Estatal de la Guardia Nacional (<strong>GN<\/strong>), la Fiscal\u00eda General de la Rep\u00fablica (<strong>FGR<\/strong>), la Fiscal\u00eda General del Estado (<strong>FGE<\/strong>), la Secretar\u00eda de Seguridad P\u00fablica del Estado <strong>(SSP<\/strong>) y la Secretar\u00eda de Seguridad y Protecci\u00f3n Ciudadana Municipal <strong>(SSPC<\/strong>).<\/p>\n\n\n\n<p>Estas instituciones de seguridad p\u00fablica y protecci\u00f3n ciudadana, cuentan conjuntamente con m\u00e1s de tres mil elementos radicados de forma permanente en la ciudad, fuerzas armadas muy superiores a los grupos criminales que act\u00faan en la clandestinidad con impunidad.<\/p>\n\n\n\n<p>El tradicional \u201c<strong>Paseo del Pend\u00f3n\u201d<\/strong> -anuncio de la v\u00edspera- una semana antes del arranque formal de la Feria, se engalana con la vistosa participaci\u00f3n de m\u00e1s de un centenar de danzas y grupos musicales de todas las regiones, espect\u00e1culo \u00fanico en su g\u00e9nero, despu\u00e9s de \u201c<strong>La Guelaguetza<\/strong>\u201d de Oaxaca.<\/p>\n\n\n\n<p>Este evento congrega a miles de familias y visitantes en las aceras de las principales calles citadinas, en cuyo trayecto se consumen altos vol\u00famenes de bebidas embriagantes (mezcal y cervezas), principalmente, entre los j\u00f3venes estudiantes y \u201cchupamirtos\u201d de coraz\u00f3n, quienes aprovechan la ocasi\u00f3n para disfrutar al m\u00e1ximo de este magno evento popular con los consabidos efectos.<\/p>\n\n\n\n<p>Hasta el momento existe gran incertidumbre sobre la celebraci\u00f3n del \u201c<strong>Bicentenario<\/strong>\u201d de tan rumbosa fiesta, por el clima de inseguridad y el temor de la poblaci\u00f3n a que se cumpla la amenaza del grupo delincuencial para que se cancele la Feria, de lo contrario se correr\u00eda el riesgo de eventuales sucesos violentos. Mientras las autoridades de los tres niveles se ponen de acuerdo.<\/p>\n\n\n\n<p><strong>Marea Baja.-<\/strong> A partir de este a\u00f1o, ha quedado registrado extraoficialmente en el calendario oficial del estado, el aniversario luctuoso del comandante guerrillero y dirigente del Partido De Los Pobres (<strong>PDLP<\/strong>), <strong>Lucio Caba\u00f1as Barrientos<\/strong>, abatido por las fuerzas castrenses junto a sus camaradas, Lino Rosas P\u00e9rez y Esteban Mesino Mart\u00ednez, el 2 de diciembre de 1974, en la zona del <strong>Otatal<\/strong>, municipio de T\u00e9cpan de Galeana.<\/p>\n\n\n\n<p>&nbsp;Tambi\u00e9n ser\u00eda factible la conmemoraci\u00f3n del profesor <strong>Oth\u00f3n Salazar<\/strong> <strong>Ram\u00edrez<\/strong>, l\u00edder sindical y luchador social, cuyo pensamiento y valent\u00eda contribuyeron a la defensa de los derechos del magisterio mexicano y comunidades ind\u00edgenas de La Monta\u00f1a, siendo el primer presidente municipal comunista en el pa\u00eds.<\/p>\n\n\n\n<p>Ma\u00f1ana 4 de diciembre se cumple el d\u00e9cimo s\u00e9ptimo aniversario luctuoso, que habr\u00e1 de verificarse en el pante\u00f3n municipal de su tierra natal, <strong>Alcozauca<\/strong>.<\/p>\n\n\n\n<p>No se descarte tampoco la inclusi\u00f3n del comandante Genaro V\u00e1zquez Rojas, fundador de la Asociaci\u00f3n Nacional C\u00edvica Revolucionaria (ACNR), fallecido tr\u00e1gicamente e 2 de febrero de 1972.<\/p>\n\n\n\n<p>Marea Alta.- Toda una revelaci\u00f3n est\u00e1 resultando el joven regidor de Movimiento Ciudadano (MC), en el Ayuntamiento de Acapulco, Armando A\u00f1orve R\u00edos, al resultar evaluado con excelencia por un centenar de empleados y funcionarios del gobierno municipal, de acuerdo a un reciente estudio elaborado sobre distintos aspectos de gesti\u00f3n y eficacia de los miembros del cuerpo edilicio.<\/p>\n\n\n\n<p>En la mayor\u00eda de los aspectos, el regidor A\u00f1orve R\u00edos destaca sobre sus dem\u00e1s compa\u00f1eros, referente a los rubros de carisma, confianza, honestidad, credibilidad, formaci\u00f3n acad\u00e9mica, congruencia ideol\u00f3gica y la relaci\u00f3n con su partido.<\/p>\n\n\n\n<p>En suma, el regidor A\u00f1orve R\u00edos, se consolida en la representaci\u00f3n que desempe\u00f1a con eficiencia y responsabilidad, adem\u00e1s se fortalece al interior de MC, perfil\u00e1ndose en el futuro inmediato a representar a su instituto pol\u00edtico en la encomienda que le asignen.<\/p>\n\n\n\n<p>Maremoto.- La paisana Ernestina Godoy Ramos, es una combativa abogada nativa de la comunidad Corral Falso del municipio de Atoyac, aunque algunos afirman que naci\u00f3 en la Ciudad de M\u00e9xico hace 71 a\u00f1os. Se ven\u00eda desempe\u00f1ando como Consejera Jur\u00eddica de la Presidencia de la Rep\u00fablica, importante puesto al que tuvo que renunciar para hacerse cargo de la Fiscal\u00eda General de la Rep\u00fablica (FGR), en sustituci\u00f3n de Alejandro Gertz Manero. &nbsp;La paisana Ernestina Godoy tiene una amplia trayectoria legislativa en la capital mexicana y dentro del campo jur\u00eddico, donde ha destacado como fiscal de la Ciudad de M\u00e9xico y cercana colaboradora de la presidenta Claudia Sheinbaum.<\/p>\n","protected":false},"excerpt":{"rendered":"<p>En riesgo la celebraci\u00f3n del Bicentenario de la Feria de Chilpancingo Por Ricardo Castillo Barrientos La poblaci\u00f3n capitalina espera con ansias cada fin de a\u00f1o, la celebraci\u00f3n de la Feria&hellip; <\/p>\n","protected":false},"author":33,"featured_media":98909,"comment_status":"open","ping_status":"open","sticky":false,"template":"","format":"standard","meta":{"fifu_image_url":"https:\/\/www.interaccionnoticias.com.mx\/wp-content\/uploads\/2025\/01\/MAREMAGNUM.jpg","fifu_image_alt":"","footnotes":""},"categories":[16],"tags":[],"class_list":["post-98907","post","type-post","status-publish","format-standard","has-post-thumbnail","hentry","category-opinion"],"_links":{"self":[{"href":"https:\/\/www.interaccionnoticias.com.mx\/index.php?rest_route=\/wp\/v2\/posts\/98907","targetHints":{"allow":["GET"]}}],"collection":[{"href":"https:\/\/www.interaccionnoticias.com.mx\/index.php?rest_route=\/wp\/v2\/posts"}],"about":[{"href":"https:\/\/www.interaccionnoticias.com.mx\/index.php?rest_route=\/wp\/v2\/types\/post"}],"author":[{"embeddable":true,"href":"https:\/\/www.interaccionnoticias.com.mx\/index.php?rest_route=\/wp\/v2\/users\/33"}],"replies":[{"embeddable":true,"href":"https:\/\/www.interaccionnoticias.com.mx\/index.php?rest_route=%2Fwp%2Fv2%2Fcomments&post=98907"}],"version-history":[{"count":1,"href":"https:\/\/www.interaccionnoticias.com.mx\/index.php?rest_route=\/wp\/v2\/posts\/98907\/revisions"}],"predecessor-version":[{"id":98908,"href":"https:\/\/www.interaccionnoticias.com.mx\/index.php?rest_route=\/wp\/v2\/posts\/98907\/revisions\/98908"}],"wp:featuredmedia":[{"embeddable":true,"href":"https:\/\/www.interaccionnoticias.com.mx\/index.php?rest_route=\/wp\/v2\/media\/98909"}],"wp:attachment":[{"href":"https:\/\/www.interaccionnoticias.com.mx\/index.php?rest_route=%2Fwp%2Fv2%2Fmedia&parent=98907"}],"wp:term":[{"taxonomy":"category","embeddable":true,"href":"https:\/\/www.interaccionnoticias.com.mx\/index.php?rest_route=%2Fwp%2Fv2%2Fcategories&post=98907"},{"taxonomy":"post_tag","embeddable":true,"href":"https:\/\/www.interaccionnoticias.com.mx\/index.php?rest_route=%2Fwp%2Fv2%2Ftags&post=98907"}],"curies":[{"name":"wp","href":"https:\/\/api.w.org\/{rel}","templated":true}]}}