{"id":98864,"date":"2025-12-02T17:43:11","date_gmt":"2025-12-03T00:43:11","guid":{"rendered":"https:\/\/www.interaccionnoticias.com.mx\/?p=98864"},"modified":"2025-12-02T17:43:12","modified_gmt":"2025-12-03T00:43:12","slug":"alcalde-exige-definicion-inmediata-sobre-seguridad-y-continuidad-de-la-feria-bicentenaria","status":"publish","type":"post","link":"https:\/\/www.interaccionnoticias.com.mx\/?p=98864","title":{"rendered":"Alcalde exige definici\u00f3n inmediata sobre seguridad y continuidad de la Feria Bicentenaria"},"content":{"rendered":"\n<p><em><strong>&#8212; Federaci\u00f3n, Estado y Consejo de la Feria mantienen an\u00e1lisis sin avances; decidir\u00e1n el jueves<\/strong><\/em><\/p>\n\n\n\n<p><strong>Jes\u00fas Dorantes Gonz\u00e1lez \/ Chilpancingo<\/strong><\/p>\n\n\n\n<p>El alcalde de Chilpancingo, Gustavo Alarc\u00f3n Herrera, cerr\u00f3 este martes con un llamado directo a los gobiernos Federal y Estatal para definir, sin evasivas, el futuro de la Feria Bicentenaria y del Paseo del Pend\u00f3n ante el deterioro de la seguridad en la capital.<\/p>\n\n\n\n<p>En un comunicado difundido por el Ayuntamiento despu\u00e9s de la reuni\u00f3n sostenida con representantes de ambos niveles de gobierno y el Consejo Consultivo de la Feria, el presidente municipal advirti\u00f3 que no habr\u00e1 decisiones responsables mientras no exista un planteamiento claro sobre el operativo de seguridad que se implementar\u00e1 en los pr\u00f3ximos d\u00edas.<\/p>\n\n\n\n<p>\u201cLa seguridad no puede verse con colores ni con tintes pol\u00edticos. La Feria y el Pend\u00f3n no pueden cancelarse ni confirmarse sin agotar todas las acciones institucionales posibles y sin hablarle con la verdad a la gente\u201d, expres\u00f3 Alarc\u00f3n.<\/p>\n\n\n\n<p>El alcalde se\u00f1al\u00f3 que el municipio ha reforzado operativos, mejorado alumbrado y atendido servicios en distintas zonas, pero subray\u00f3 que hay situaciones que superan la capacidad municipal y obligan a un reforzamiento inmediato de fuerzas estatales y federales. \u201cEstoy aqu\u00ed para pedir definiciones claras, no evasivas; acciones concretas, no silencios\u201d, dijo.<\/p>\n\n\n\n<p>Durante el encuentro, consejeros de la Feria expusieron el deterioro del clima de seguridad, la renuncia del coordinador del Paseo del Pend\u00f3n, la posible salida de barrios y grupos tradicionales, y la suspensi\u00f3n del certamen Flor de Nochebuena. Estos elementos, se\u00f1alaron, ponen en duda la viabilidad de mantener la programaci\u00f3n tal como estaba prevista.<\/p>\n\n\n\n<p>Frente a estos se\u00f1alamientos, Alarc\u00f3n propuso que la definici\u00f3n final realizar, modificar o cancelar actividades se tome el pr\u00f3ximo jueves, despu\u00e9s de que la Mesa de Coordinaci\u00f3n para la Construcci\u00f3n de la Paz establezca el alcance del operativo para diciembre.<\/p>\n\n\n\n<p>\u201cEl tema no puede quedarse en una sala. La gente tiene derecho a saber qu\u00e9 estamos haciendo y qui\u00e9n asume qu\u00e9 responsabilidad. Chilpancingo merece una postura conjunta y p\u00fablica de los tres \u00f3rdenes de gobierno\u201d, dijo.<\/p>\n","protected":false},"excerpt":{"rendered":"<p>&#8212; Federaci\u00f3n, Estado y Consejo de la Feria mantienen an\u00e1lisis sin avances; decidir\u00e1n el jueves Jes\u00fas Dorantes Gonz\u00e1lez \/ Chilpancingo El alcalde de Chilpancingo, Gustavo Alarc\u00f3n Herrera, cerr\u00f3 este martes&hellip; <\/p>\n","protected":false},"author":19,"featured_media":98867,"comment_status":"open","ping_status":"open","sticky":false,"template":"","format":"standard","meta":{"fifu_image_url":"https:\/\/www.interaccionnoticias.com.mx\/wp-content\/uploads\/2025\/12\/251202-Gustavo-Alarcon-Herrera-a.jpg","fifu_image_alt":"","footnotes":""},"categories":[13],"tags":[],"class_list":["post-98864","post","type-post","status-publish","format-standard","has-post-thumbnail","hentry","category-capital"],"_links":{"self":[{"href":"https:\/\/www.interaccionnoticias.com.mx\/index.php?rest_route=\/wp\/v2\/posts\/98864","targetHints":{"allow":["GET"]}}],"collection":[{"href":"https:\/\/www.interaccionnoticias.com.mx\/index.php?rest_route=\/wp\/v2\/posts"}],"about":[{"href":"https:\/\/www.interaccionnoticias.com.mx\/index.php?rest_route=\/wp\/v2\/types\/post"}],"author":[{"embeddable":true,"href":"https:\/\/www.interaccionnoticias.com.mx\/index.php?rest_route=\/wp\/v2\/users\/19"}],"replies":[{"embeddable":true,"href":"https:\/\/www.interaccionnoticias.com.mx\/index.php?rest_route=%2Fwp%2Fv2%2Fcomments&post=98864"}],"version-history":[{"count":1,"href":"https:\/\/www.interaccionnoticias.com.mx\/index.php?rest_route=\/wp\/v2\/posts\/98864\/revisions"}],"predecessor-version":[{"id":98866,"href":"https:\/\/www.interaccionnoticias.com.mx\/index.php?rest_route=\/wp\/v2\/posts\/98864\/revisions\/98866"}],"wp:featuredmedia":[{"embeddable":true,"href":"https:\/\/www.interaccionnoticias.com.mx\/index.php?rest_route=\/wp\/v2\/media\/98867"}],"wp:attachment":[{"href":"https:\/\/www.interaccionnoticias.com.mx\/index.php?rest_route=%2Fwp%2Fv2%2Fmedia&parent=98864"}],"wp:term":[{"taxonomy":"category","embeddable":true,"href":"https:\/\/www.interaccionnoticias.com.mx\/index.php?rest_route=%2Fwp%2Fv2%2Fcategories&post=98864"},{"taxonomy":"post_tag","embeddable":true,"href":"https:\/\/www.interaccionnoticias.com.mx\/index.php?rest_route=%2Fwp%2Fv2%2Ftags&post=98864"}],"curies":[{"name":"wp","href":"https:\/\/api.w.org\/{rel}","templated":true}]}}