{"id":98837,"date":"2025-12-02T10:39:11","date_gmt":"2025-12-02T17:39:11","guid":{"rendered":"https:\/\/www.interaccionnoticias.com.mx\/?p=98837"},"modified":"2025-12-02T10:39:12","modified_gmt":"2025-12-02T17:39:12","slug":"morena-guerrero-respalda-el-reconocimiento-institucional-al-ex-guerrillero-lucio-cabanas-barrientos","status":"publish","type":"post","link":"https:\/\/www.interaccionnoticias.com.mx\/?p=98837","title":{"rendered":"MORENA-Guerrero respalda el reconocimiento institucional al ex guerrillero Lucio Caba\u00f1as Barrientos"},"content":{"rendered":"\n<p><strong><em>&#8212; Jacinto Gonz\u00e1lez Varona reconoce que Lucio representa la esperanza de cambio a favor de los pueblos marginados<\/em><\/strong><\/p>\n\n\n\n<p><strong>Rogelio Agust\u00edn<\/strong><\/p>\n\n\n\n<p>El dirigente estatal de MORENA, Jacinto Gonz\u00e1lez Varona respald\u00f3 la determinaci\u00f3n del Gobierno de Guerrero, en el sentido de rendir homenaje al ex guerrillero Lucio Caba\u00f1as Barrientos, pues reconoci\u00f3 que su lucha sent\u00f3 las bases para que las condiciones de vida de los mexicanos cambiaran.<\/p>\n\n\n\n<p>Gonz\u00e1lez Varona consider\u00f3 importante que la gobernadora Evelyn Salgado Pineda haya anunciado que habr\u00e1 eventos oficiales para reivindicar la memoria de quien fuera l\u00edder del Partido de los Pobres, quien este 2 de diciembre cumple 51 a\u00f1os de haber ca\u00eddo en combate, en el punto conocido como El Otatal, en la Sierra de Tecpan de Galeana.<\/p>\n\n\n\n<p>Reconoci\u00f3 que la decisi\u00f3n se tom\u00f3 despu\u00e9s de un momento de crisis, generado por el homenaje realizado en Huitzuco al ex gobernador Rub\u00e9n Fugueroa Figueroa, a quien se refiri\u00f3 como \u00abEl verdugo de Guerrero\u00bb.<\/p>\n\n\n\n<p>Sin embargo, se\u00f1al\u00f3 que Lucio representa la esperanza de que la poblaci\u00f3n alcanzara mejores condiciones de vida, para que los caciques dejaran de acaparar todos los recursos econ\u00f3micos y naturales, a costa de la pobreza y la vulnerabilidad de las comunidades.<\/p>\n\n\n\n<p>Bajo dicha circunstancia, indic\u00f3 que MORENA-Guerrero avala la decisi\u00f3n que se tom\u00f3 para rendir homenaje a la memoria del profesor Caba\u00f1as Barrientos, cuyo legado es reconocido en Guerrero y todo el pa\u00eds.<\/p>\n","protected":false},"excerpt":{"rendered":"<p>&#8212; Jacinto Gonz\u00e1lez Varona reconoce que Lucio representa la esperanza de cambio a favor de los pueblos marginados Rogelio Agust\u00edn El dirigente estatal de MORENA, Jacinto Gonz\u00e1lez Varona respald\u00f3 la&hellip; <\/p>\n","protected":false},"author":21,"featured_media":98840,"comment_status":"open","ping_status":"open","sticky":false,"template":"","format":"standard","meta":{"fifu_image_url":"https:\/\/www.interaccionnoticias.com.mx\/wp-content\/uploads\/2025\/12\/251202-Jacinto-Gonzalez-Varona.jpg","fifu_image_alt":"","footnotes":""},"categories":[21],"tags":[],"class_list":["post-98837","post","type-post","status-publish","format-standard","has-post-thumbnail","hentry","category-politica"],"_links":{"self":[{"href":"https:\/\/www.interaccionnoticias.com.mx\/index.php?rest_route=\/wp\/v2\/posts\/98837","targetHints":{"allow":["GET"]}}],"collection":[{"href":"https:\/\/www.interaccionnoticias.com.mx\/index.php?rest_route=\/wp\/v2\/posts"}],"about":[{"href":"https:\/\/www.interaccionnoticias.com.mx\/index.php?rest_route=\/wp\/v2\/types\/post"}],"author":[{"embeddable":true,"href":"https:\/\/www.interaccionnoticias.com.mx\/index.php?rest_route=\/wp\/v2\/users\/21"}],"replies":[{"embeddable":true,"href":"https:\/\/www.interaccionnoticias.com.mx\/index.php?rest_route=%2Fwp%2Fv2%2Fcomments&post=98837"}],"version-history":[{"count":1,"href":"https:\/\/www.interaccionnoticias.com.mx\/index.php?rest_route=\/wp\/v2\/posts\/98837\/revisions"}],"predecessor-version":[{"id":98839,"href":"https:\/\/www.interaccionnoticias.com.mx\/index.php?rest_route=\/wp\/v2\/posts\/98837\/revisions\/98839"}],"wp:featuredmedia":[{"embeddable":true,"href":"https:\/\/www.interaccionnoticias.com.mx\/index.php?rest_route=\/wp\/v2\/media\/98840"}],"wp:attachment":[{"href":"https:\/\/www.interaccionnoticias.com.mx\/index.php?rest_route=%2Fwp%2Fv2%2Fmedia&parent=98837"}],"wp:term":[{"taxonomy":"category","embeddable":true,"href":"https:\/\/www.interaccionnoticias.com.mx\/index.php?rest_route=%2Fwp%2Fv2%2Fcategories&post=98837"},{"taxonomy":"post_tag","embeddable":true,"href":"https:\/\/www.interaccionnoticias.com.mx\/index.php?rest_route=%2Fwp%2Fv2%2Ftags&post=98837"}],"curies":[{"name":"wp","href":"https:\/\/api.w.org\/{rel}","templated":true}]}}