{"id":98819,"date":"2025-12-01T18:38:35","date_gmt":"2025-12-02T01:38:35","guid":{"rendered":"https:\/\/www.interaccionnoticias.com.mx\/?p=98819"},"modified":"2025-12-01T18:38:37","modified_gmt":"2025-12-02T01:38:37","slug":"ser-mujer-en-algunas-dependencias-cuenta-como-una-discapacidad","status":"publish","type":"post","link":"https:\/\/www.interaccionnoticias.com.mx\/?p=98819","title":{"rendered":"Ser mujer en algunas dependencias cuenta como una discapacidad"},"content":{"rendered":"\n<p><em><strong>&#8212; En algunos espacios son objeto de agresiones y a veces hasta ignorados<\/strong><\/em><\/p>\n\n\n\n<p><strong>Rosario Garc\u00eda Orozco<\/strong><\/p>\n\n\n\n<p>En dependencias gubernamentales el ser mujer tambi\u00e9n cuenta como discapacidad, asegur\u00f3 la fiscal Regional de la Zona Centro de la Fiscal\u00eda General del Estado (FGE), Imelda Lucero Mu\u00f1iz Jij\u00f3n.<\/p>\n\n\n\n<p>As\u00ed se expres\u00f3 la funcionaria al participar con la ponencia \u00abNo hay limitaciones cuando hay voluntad\u00bb, durante el evento conmemorativo al D\u00eda Internacional de las Personas con Discapacidad, organizado por el Congreso Local.<\/p>\n\n\n\n<p>La Fiscal Regional reconoci\u00f3 que ella afortunadamente en su equipo de trabajo ha encontrado un gran apoyo, respeto y colaboraci\u00f3n, en tanto que en lo personal ha entendido que para ella no hay limitantes.<\/p>\n\n\n\n<p>Dijo que al ser una persona con discapacidad, recomienda a quienes tambi\u00e9n pertenecen a ese grupo vulnerable \u201cno permitir que nadie decida lo que nosotros podemos hacer o no\u00bb.<\/p>\n\n\n\n<p>Imelda Lucero Mu\u00f1iz Jij\u00f3n, es Maestra en Derecho Procesal Penal, y desde el a\u00f1o pasado funge como fiscal regional de la Zona Centro de la FGE.<\/p>\n\n\n\n<p>Lament\u00f3 que en muchas dependencias el ser mujer tambi\u00e9n cuenta como una discapacidad, pues en ocasiones son objeto de agresiones o ignoradas, \u201cel tema de ser mujer estando en un ambiente donde hay puros caballeros tambi\u00e9n es complicado\u201d.<\/p>\n\n\n\n<p>Record\u00f3 que antes de ser Fiscal Regiona, trabaj\u00f3 en la Fiscal\u00eda de Secuestros, en donde el 90 por ciento de trabajadores son hombres: \u201ccuando yo ingres\u00e9 era la \u00fanica mujer, fui la segunda mujer a nivel historia en la Fiscal\u00eda de Secuestros y entr\u00e9 como coordinadora de Litigaci\u00f3n\u201d.<\/p>\n\n\n\n<p>Enfatiz\u00f3 que en la historia de la FGE es la segunda mujer como fiscal regional en tanto que en la Fiscal\u00eda Regional de la Zona Centro es la primera mujer nombrada en el cargo, \u201cen un ambiente un poquito hostil para la mujer, o as\u00ed se consideraba antes, porque ya estando ah\u00ed me doy cuenta que no es cierto, que es un mito, nada m\u00e1s y que todos somos iguales\u201d.<\/p>\n","protected":false},"excerpt":{"rendered":"<p>&#8212; En algunos espacios son objeto de agresiones y a veces hasta ignorados Rosario Garc\u00eda Orozco En dependencias gubernamentales el ser mujer tambi\u00e9n cuenta como discapacidad, asegur\u00f3 la fiscal Regional&hellip; <\/p>\n","protected":false},"author":14,"featured_media":98822,"comment_status":"open","ping_status":"open","sticky":false,"template":"","format":"standard","meta":{"fifu_image_url":"https:\/\/www.interaccionnoticias.com.mx\/wp-content\/uploads\/2025\/12\/251201-Imelda-Lucero-Muniz-Jijon.jpg","fifu_image_alt":"","footnotes":""},"categories":[11],"tags":[],"class_list":["post-98819","post","type-post","status-publish","format-standard","has-post-thumbnail","hentry","category-guerrero"],"_links":{"self":[{"href":"https:\/\/www.interaccionnoticias.com.mx\/index.php?rest_route=\/wp\/v2\/posts\/98819","targetHints":{"allow":["GET"]}}],"collection":[{"href":"https:\/\/www.interaccionnoticias.com.mx\/index.php?rest_route=\/wp\/v2\/posts"}],"about":[{"href":"https:\/\/www.interaccionnoticias.com.mx\/index.php?rest_route=\/wp\/v2\/types\/post"}],"author":[{"embeddable":true,"href":"https:\/\/www.interaccionnoticias.com.mx\/index.php?rest_route=\/wp\/v2\/users\/14"}],"replies":[{"embeddable":true,"href":"https:\/\/www.interaccionnoticias.com.mx\/index.php?rest_route=%2Fwp%2Fv2%2Fcomments&post=98819"}],"version-history":[{"count":1,"href":"https:\/\/www.interaccionnoticias.com.mx\/index.php?rest_route=\/wp\/v2\/posts\/98819\/revisions"}],"predecessor-version":[{"id":98821,"href":"https:\/\/www.interaccionnoticias.com.mx\/index.php?rest_route=\/wp\/v2\/posts\/98819\/revisions\/98821"}],"wp:featuredmedia":[{"embeddable":true,"href":"https:\/\/www.interaccionnoticias.com.mx\/index.php?rest_route=\/wp\/v2\/media\/98822"}],"wp:attachment":[{"href":"https:\/\/www.interaccionnoticias.com.mx\/index.php?rest_route=%2Fwp%2Fv2%2Fmedia&parent=98819"}],"wp:term":[{"taxonomy":"category","embeddable":true,"href":"https:\/\/www.interaccionnoticias.com.mx\/index.php?rest_route=%2Fwp%2Fv2%2Fcategories&post=98819"},{"taxonomy":"post_tag","embeddable":true,"href":"https:\/\/www.interaccionnoticias.com.mx\/index.php?rest_route=%2Fwp%2Fv2%2Ftags&post=98819"}],"curies":[{"name":"wp","href":"https:\/\/api.w.org\/{rel}","templated":true}]}}