{"id":98799,"date":"2025-12-01T17:16:05","date_gmt":"2025-12-02T00:16:05","guid":{"rendered":"https:\/\/www.interaccionnoticias.com.mx\/?p=98799"},"modified":"2025-12-01T17:16:06","modified_gmt":"2025-12-02T00:16:06","slug":"accidentes-en-motocicleta-y-enfermos-de-diabetes-engrosan-las-filas-de-discapacitados","status":"publish","type":"post","link":"https:\/\/www.interaccionnoticias.com.mx\/?p=98799","title":{"rendered":"Accidentes en motocicleta y enfermos de diabetes engrosan las filas de discapacitados"},"content":{"rendered":"\n<p><em><strong>&#8212; El vocal de la Comisi\u00f3n de Atenci\u00f3n a las Personas con Discapacidad, Juan Valenzo pidi\u00f3 a los j\u00f3venes a conducir con precauci\u00f3n<\/strong><\/em><\/p>\n\n\n\n<p><strong>Rosario Garc\u00eda Orozco<\/strong><\/p>\n\n\n\n<p>Los accidentes en motocicletas y los enfermos de diabetes incrementan las listas de discapacitados en la entidad, en donde se cuenta con un registro de por lo menos 40 mil personas en ese sector de poblaci\u00f3n vulnerable.<\/p>\n\n\n\n<p>El diputado morenista Juan Valenzo Villanueva, vocal de la Comisi\u00f3n de Atenci\u00f3n a las Personas con Discapacidad del Congreso Local, inform\u00f3 que aunque no se tienen datos precisos s\u00ed es una realidad que los accidentes en motocicleta dejan a mucha gente con alguna discapacidad, principalmente personas j\u00f3venes, por lo que pidi\u00f3 a quienes conducen ese tipo de unidades que lo hagan con precauci\u00f3n y cuidando cumplir con la normativa sobre todo lo que tiene que ver con equipo de seguridad, para evitar caer en esa estad\u00edstica.<\/p>\n\n\n\n<p>Tambi\u00e9n dio a conocer que los enfermos de diabetes, al no cuidar su salud y acatar sus tratamientos pierden la vista y en algunos casos hasta extremidades, \u00abpor eso est\u00e1 aumentando la discapacidad tanto\u00bb.<\/p>\n\n\n\n<p>Explic\u00f3 que en Guerrero se cuenta con el registro de poco m\u00e1s de 40 mil personas con alguna discapacidad, y que el padr\u00f3n se mueve de manera constante \u00abporque d\u00eda con d\u00eda hay gente que se va discapacitado ya sea por accidente o por no cuidar su salud\u00bb.<\/p>\n\n\n\n<p>Refiri\u00f3 que quienes se encuentran en el padr\u00f3n conformado por dependencias estatales y federales para atenci\u00f3n de ese sector reciben 3 mil 200 pesos cada bimestre, y agreg\u00f3 que en las zonas apartadas en La Monta\u00f1a y La Sierra a personas con discapacidad se les dificulta llegar hasta los m\u00f3dulos de registro, pero les pidi\u00f3 que busquen la forma de entrar a esa relaci\u00f3n de beneficiarios, que es de poco m\u00e1s de 30 mil personas, para contar con su pensi\u00f3n.<\/p>\n\n\n\n<p>Reconoci\u00f3 que adem\u00e1s, los gobiernos estatal y federal hacen un esfuerzo mportante al proporcionar aparatos funcionales a las personas con discapacidad cada mes, \u00aba ver \u00bfcu\u00e1nto cuesta un aparato funcional?, y ahora se los entregan sin tanto requisito, a la voz de ya, nuestra presidenta del DIF estatal, Liz Salgado Pineda, entrega aparatos funcionales cada mes, no es como antes, que esper\u00e1bamos medio a\u00f1o para que se les apoyara\u00bb.<\/p>\n\n\n\n<p>El legislador morenista dijo confiar en que en el presupuesto para el ejercicio fiscal del 2026 se asigne un 20 por ciento m\u00e1s de recurso para el sector de discapacitados y adultos mayores, a\u00fanque no dio cifras de cuanto se aprob\u00f3 para el 2025 en esos rubros.<\/p>\n","protected":false},"excerpt":{"rendered":"<p>&#8212; El vocal de la Comisi\u00f3n de Atenci\u00f3n a las Personas con Discapacidad, Juan Valenzo pidi\u00f3 a los j\u00f3venes a conducir con precauci\u00f3n Rosario Garc\u00eda Orozco Los accidentes en motocicletas&hellip; <\/p>\n","protected":false},"author":14,"featured_media":98802,"comment_status":"open","ping_status":"open","sticky":false,"template":"","format":"standard","meta":{"fifu_image_url":"https:\/\/www.interaccionnoticias.com.mx\/wp-content\/uploads\/2025\/12\/251201-Juan-Valenzo-Villanueva.jpg","fifu_image_alt":"","footnotes":""},"categories":[2],"tags":[],"class_list":["post-98799","post","type-post","status-publish","format-standard","has-post-thumbnail","hentry","category-congreso"],"_links":{"self":[{"href":"https:\/\/www.interaccionnoticias.com.mx\/index.php?rest_route=\/wp\/v2\/posts\/98799","targetHints":{"allow":["GET"]}}],"collection":[{"href":"https:\/\/www.interaccionnoticias.com.mx\/index.php?rest_route=\/wp\/v2\/posts"}],"about":[{"href":"https:\/\/www.interaccionnoticias.com.mx\/index.php?rest_route=\/wp\/v2\/types\/post"}],"author":[{"embeddable":true,"href":"https:\/\/www.interaccionnoticias.com.mx\/index.php?rest_route=\/wp\/v2\/users\/14"}],"replies":[{"embeddable":true,"href":"https:\/\/www.interaccionnoticias.com.mx\/index.php?rest_route=%2Fwp%2Fv2%2Fcomments&post=98799"}],"version-history":[{"count":1,"href":"https:\/\/www.interaccionnoticias.com.mx\/index.php?rest_route=\/wp\/v2\/posts\/98799\/revisions"}],"predecessor-version":[{"id":98801,"href":"https:\/\/www.interaccionnoticias.com.mx\/index.php?rest_route=\/wp\/v2\/posts\/98799\/revisions\/98801"}],"wp:featuredmedia":[{"embeddable":true,"href":"https:\/\/www.interaccionnoticias.com.mx\/index.php?rest_route=\/wp\/v2\/media\/98802"}],"wp:attachment":[{"href":"https:\/\/www.interaccionnoticias.com.mx\/index.php?rest_route=%2Fwp%2Fv2%2Fmedia&parent=98799"}],"wp:term":[{"taxonomy":"category","embeddable":true,"href":"https:\/\/www.interaccionnoticias.com.mx\/index.php?rest_route=%2Fwp%2Fv2%2Fcategories&post=98799"},{"taxonomy":"post_tag","embeddable":true,"href":"https:\/\/www.interaccionnoticias.com.mx\/index.php?rest_route=%2Fwp%2Fv2%2Ftags&post=98799"}],"curies":[{"name":"wp","href":"https:\/\/api.w.org\/{rel}","templated":true}]}}