{"id":98773,"date":"2025-12-01T12:23:49","date_gmt":"2025-12-01T19:23:49","guid":{"rendered":"https:\/\/www.interaccionnoticias.com.mx\/?p=98773"},"modified":"2025-12-01T12:23:49","modified_gmt":"2025-12-01T19:23:49","slug":"evelyn-salgado-confirma-homenaje-oficial-para-lucio-cabanas","status":"publish","type":"post","link":"https:\/\/www.interaccionnoticias.com.mx\/?p=98773","title":{"rendered":"Evelyn Salgado confirma homenaje oficial para Lucio Caba\u00f1as"},"content":{"rendered":"\n<p><strong><em>&#8212; La gobernadora anuncio el homenaje al luchador social por su natalicio y aniversario luctuoso<\/em><\/strong><\/p>\n\n\n\n<p><strong>Jes\u00fas Dorantes<\/strong><\/p>\n\n\n\n<p>En los honores a la bandera de este lunes, la gobernadora Evelyn Salgado Pineda centr\u00f3 su discurso en la figura del profesor Lucio Caba\u00f1as Barrientos, a quien calific\u00f3 como un referente de las luchas sociales en Guerrero y cuya memoria dijo contin\u00faa marcando causas que el estado sigue defendiendo.<\/p>\n\n\n\n<p>Su menci\u00f3n directa ocurre en medio de la pol\u00e9mica generada semanas atr\u00e1s, luego de que el gobierno estatal realizara un homenaje al exgobernador Rub\u00e9n Figueroa Figueroa, se\u00f1alado hist\u00f3ricamente por la represi\u00f3n contra movimientos sociales y por su confrontaci\u00f3n con el propio Caba\u00f1as.<\/p>\n\n\n\n<p>Salgado asegur\u00f3 que el 2 de diciembre, fecha luctuosa del l\u00edder de la guerrilla campesina y el 12 de diciembre, d\u00eda de su natalicio, \u201cnos llaman a honrar a quienes han sido origen de causas que hoy seguimos defendiendo\u201d, remarcando la m\u00e1xima de Caba\u00f1as: \u201cser pueblo, hacer pueblo y estar con el pueblo\u201d.<\/p>\n\n\n\n<p>En su mensaje, la gobernadora subray\u00f3 que diciembre no solo es un mes de tradiciones, sino de causas, derechos humanos, justicia, inclusi\u00f3n, lucha contra la corrupci\u00f3n y acompa\u00f1amiento a los sectores vulnerables. \u201cLa justicia, la igualdad y la libertad deben llegar a todas y todos, hasta el \u00faltimo rinc\u00f3n del estado\u201d, afirm\u00f3.<\/p>\n\n\n\n<p>Durante la ceremonia realizada en la sede del Poder Ejecutivo, Salgado tambi\u00e9n reconoci\u00f3 a atletas guerrerenses que obtuvieron 17 medallas en los Juegos Nacionales Populares Conade 2025, logro que coloc\u00f3 a la entidad en el tercer lugar nacional. Los felicit\u00f3 por su disciplina y por representar con dignidad al estado.<\/p>\n","protected":false},"excerpt":{"rendered":"<p>&#8212; La gobernadora anuncio el homenaje al luchador social por su natalicio y aniversario luctuoso Jes\u00fas Dorantes En los honores a la bandera de este lunes, la gobernadora Evelyn Salgado&hellip; <\/p>\n","protected":false},"author":8,"featured_media":98776,"comment_status":"open","ping_status":"open","sticky":false,"template":"","format":"standard","meta":{"fifu_image_url":"https:\/\/www.interaccionnoticias.com.mx\/wp-content\/uploads\/2025\/12\/251201-Evelyn-Salgado.jpg","fifu_image_alt":"","footnotes":""},"categories":[11],"tags":[],"class_list":["post-98773","post","type-post","status-publish","format-standard","has-post-thumbnail","hentry","category-guerrero"],"_links":{"self":[{"href":"https:\/\/www.interaccionnoticias.com.mx\/index.php?rest_route=\/wp\/v2\/posts\/98773","targetHints":{"allow":["GET"]}}],"collection":[{"href":"https:\/\/www.interaccionnoticias.com.mx\/index.php?rest_route=\/wp\/v2\/posts"}],"about":[{"href":"https:\/\/www.interaccionnoticias.com.mx\/index.php?rest_route=\/wp\/v2\/types\/post"}],"author":[{"embeddable":true,"href":"https:\/\/www.interaccionnoticias.com.mx\/index.php?rest_route=\/wp\/v2\/users\/8"}],"replies":[{"embeddable":true,"href":"https:\/\/www.interaccionnoticias.com.mx\/index.php?rest_route=%2Fwp%2Fv2%2Fcomments&post=98773"}],"version-history":[{"count":1,"href":"https:\/\/www.interaccionnoticias.com.mx\/index.php?rest_route=\/wp\/v2\/posts\/98773\/revisions"}],"predecessor-version":[{"id":98775,"href":"https:\/\/www.interaccionnoticias.com.mx\/index.php?rest_route=\/wp\/v2\/posts\/98773\/revisions\/98775"}],"wp:featuredmedia":[{"embeddable":true,"href":"https:\/\/www.interaccionnoticias.com.mx\/index.php?rest_route=\/wp\/v2\/media\/98776"}],"wp:attachment":[{"href":"https:\/\/www.interaccionnoticias.com.mx\/index.php?rest_route=%2Fwp%2Fv2%2Fmedia&parent=98773"}],"wp:term":[{"taxonomy":"category","embeddable":true,"href":"https:\/\/www.interaccionnoticias.com.mx\/index.php?rest_route=%2Fwp%2Fv2%2Fcategories&post=98773"},{"taxonomy":"post_tag","embeddable":true,"href":"https:\/\/www.interaccionnoticias.com.mx\/index.php?rest_route=%2Fwp%2Fv2%2Ftags&post=98773"}],"curies":[{"name":"wp","href":"https:\/\/api.w.org\/{rel}","templated":true}]}}