{"id":98763,"date":"2025-11-30T17:10:00","date_gmt":"2025-12-01T00:10:00","guid":{"rendered":"https:\/\/www.interaccionnoticias.com.mx\/?p=98763"},"modified":"2025-11-30T17:33:50","modified_gmt":"2025-12-01T00:33:50","slug":"calle-por-miedo-norma-otilia-hernandez","status":"publish","type":"post","link":"https:\/\/www.interaccionnoticias.com.mx\/?p=98763","title":{"rendered":"\u201cCall\u00e9 por miedo\u201d, Norma Otilia Hern\u00e1ndez"},"content":{"rendered":"\n<p><em><strong>&#8212; Presenta este domingo \u201cLa Trampa Perfecta\u201d en la FIL Guadalajara y rompe el silencio sobre el video que marc\u00f3 su carrera<\/strong><\/em><\/p>\n\n\n\n<p><strong>Jes\u00fas Dorantes \/ Guadalajara \u2013 Chilpancingo<\/strong><\/p>\n\n\n\n<p>La exalcaldesa de Chilpancingo, Norma Otilia Hern\u00e1ndez Mart\u00ednez, present\u00f3 este domingo 30 de noviembre su libro La Trampa Perfecta en la Feria Internacional del Libro de Guadalajara, donde asegur\u00f3 que la publicaci\u00f3n es un acto de liberaci\u00f3n personal tras dos a\u00f1os de silencio impuesto por miedo, por amenazas y por la presi\u00f3n p\u00fablica generada luego de la difusi\u00f3n de un video que la exhibi\u00f3 reunida con un presunto l\u00edder criminal.<\/p>\n\n\n\n<p>En un discurso intenso y profundamente personal, Hern\u00e1ndez afirm\u00f3 que su obra no busca limpiar su imagen, sino contar una versi\u00f3n que dice fue ocultada, manipulada y construida a medias.<\/p>\n\n\n\n<p>\u201cPara m\u00ed es liberador\u2026 ese video que se difundi\u00f3 hace casi dos a\u00f1os me dej\u00f3 sola, con todo en contra. Me call\u00e9 por miedo. No porque fuera cierto lo que dec\u00edan, sino porque sab\u00eda que cada palabra pod\u00eda ser usada como un arma en mi contra\u201d, expres\u00f3.<\/p>\n\n\n\n<p>Durante su intervenci\u00f3n, relat\u00f3 que el miedo que enfrent\u00f3 fue el mismo que viven miles de personas en Guerrero ante la violencia cotidiana. \u201cMe ahogu\u00e9 en el silencio porque entend\u00ed que en Guerrero, y particularmente en Chilpancingo, la verdad no siempre libera: a veces condena, a veces mata\u201d, dijo.<\/p>\n\n\n\n<p>Durante la presentaci\u00f3n, la exalcaldesa relat\u00f3 su formaci\u00f3n pol\u00edtica, su origen en una familia de maestros y la historia de violencia que ha marcado a Guerrero desde hace d\u00e9cadas. Record\u00f3 su paso por el activismo en temas de seguridad, los primeros asesinatos de dirigentes comunitarios en Chilpancingo y la manera en que el estado se fue llenando de polic\u00edas rurales, comunitarias y grupos armados sin regulaci\u00f3n.<\/p>\n\n\n\n<p>Asegur\u00f3 que ese contexto explica por qu\u00e9, para ella, era normal convivir o solicitar permiso a polic\u00edas comunitarias para transitar por ciertas zonas. Y que esa normalizaci\u00f3n permiti\u00f3 que el video fuera utilizado como arma pol\u00edtica:<\/p>\n\n\n\n<p>\u201cAh\u00ed entend\u00ed que era una trampa. Que quer\u00edan que me fuera de Guerrero. Hasta casa me ofrecieron para que sacara a mis hijos\u201d, afirm\u00f3.<\/p>\n\n\n\n<p>Hern\u00e1ndez reiter\u00f3 que nunca tuvo acuerdos con grupos delictivos y que el video fue editado, cortado y difundido parcialmente. En dicho sentido recalc\u00f3 que su libro no responde a una coyuntura pol\u00edtica ni a un intento de revancha, sino a una necesidad personal de explicar lo que vivi\u00f3 y denunciar la violencia pol\u00edtica de g\u00e9nero que enfrent\u00f3.<\/p>\n\n\n\n<figure class=\"wp-block-gallery has-nested-images columns-default is-cropped wp-block-gallery-1 is-layout-flex wp-block-gallery-is-layout-flex\">\n<figure class=\"wp-block-image size-large\"><img decoding=\"async\" src=\"data:image\/gif;base64,R0lGODlhAQABAIAAAAAAAP\/\/\/ywAAAAAAQABAAACAUwAOw==\" fifu-lazy=\"1\" fifu-data-sizes=\"auto\" fifu-data-srcset=\"https:\/\/i2.wp.com\/www.interaccionnoticias.com.mx\/wp-content\/uploads\/2025\/11\/251130-Norma-Otilia-Hernandez-2-1024x683.jpg?ssl=1&w=75&resize=75&ssl=1 75w, https:\/\/i2.wp.com\/www.interaccionnoticias.com.mx\/wp-content\/uploads\/2025\/11\/251130-Norma-Otilia-Hernandez-2-1024x683.jpg?ssl=1&w=100&resize=100&ssl=1 100w, https:\/\/i2.wp.com\/www.interaccionnoticias.com.mx\/wp-content\/uploads\/2025\/11\/251130-Norma-Otilia-Hernandez-2-1024x683.jpg?ssl=1&w=150&resize=150&ssl=1 150w, https:\/\/i2.wp.com\/www.interaccionnoticias.com.mx\/wp-content\/uploads\/2025\/11\/251130-Norma-Otilia-Hernandez-2-1024x683.jpg?ssl=1&w=240&resize=240&ssl=1 240w, https:\/\/i2.wp.com\/www.interaccionnoticias.com.mx\/wp-content\/uploads\/2025\/11\/251130-Norma-Otilia-Hernandez-2-1024x683.jpg?ssl=1&w=320&resize=320&ssl=1 320w, https:\/\/i2.wp.com\/www.interaccionnoticias.com.mx\/wp-content\/uploads\/2025\/11\/251130-Norma-Otilia-Hernandez-2-1024x683.jpg?ssl=1&w=500&resize=500&ssl=1 500w, https:\/\/i2.wp.com\/www.interaccionnoticias.com.mx\/wp-content\/uploads\/2025\/11\/251130-Norma-Otilia-Hernandez-2-1024x683.jpg?ssl=1&w=640&resize=640&ssl=1 640w, https:\/\/i2.wp.com\/www.interaccionnoticias.com.mx\/wp-content\/uploads\/2025\/11\/251130-Norma-Otilia-Hernandez-2-1024x683.jpg?ssl=1&w=800&resize=800&ssl=1 800w, https:\/\/i2.wp.com\/www.interaccionnoticias.com.mx\/wp-content\/uploads\/2025\/11\/251130-Norma-Otilia-Hernandez-2-1024x683.jpg?ssl=1&w=1024&resize=1024&ssl=1 1024w, https:\/\/i2.wp.com\/www.interaccionnoticias.com.mx\/wp-content\/uploads\/2025\/11\/251130-Norma-Otilia-Hernandez-2-1024x683.jpg?ssl=1&w=1280&resize=1280&ssl=1 1280w, https:\/\/i2.wp.com\/www.interaccionnoticias.com.mx\/wp-content\/uploads\/2025\/11\/251130-Norma-Otilia-Hernandez-2-1024x683.jpg?ssl=1&w=1600&resize=1600&ssl=1 1600w\" data-id=\"98764\" fifu-data-src=\"https:\/\/i2.wp.com\/www.interaccionnoticias.com.mx\/wp-content\/uploads\/2025\/11\/251130-Norma-Otilia-Hernandez-2-1024x683.jpg?ssl=1\" alt=\"\" class=\"wp-image-98764\"\/><\/figure>\n\n\n\n<figure class=\"wp-block-image size-large\"><img decoding=\"async\" src=\"data:image\/gif;base64,R0lGODlhAQABAIAAAAAAAP\/\/\/ywAAAAAAQABAAACAUwAOw==\" fifu-lazy=\"1\" fifu-data-sizes=\"auto\" fifu-data-srcset=\"https:\/\/i1.wp.com\/www.interaccionnoticias.com.mx\/wp-content\/uploads\/2025\/11\/251130-Norma-Otilia-Hernandez-1-1024x683.jpg?ssl=1&w=75&resize=75&ssl=1 75w, https:\/\/i1.wp.com\/www.interaccionnoticias.com.mx\/wp-content\/uploads\/2025\/11\/251130-Norma-Otilia-Hernandez-1-1024x683.jpg?ssl=1&w=100&resize=100&ssl=1 100w, https:\/\/i1.wp.com\/www.interaccionnoticias.com.mx\/wp-content\/uploads\/2025\/11\/251130-Norma-Otilia-Hernandez-1-1024x683.jpg?ssl=1&w=150&resize=150&ssl=1 150w, https:\/\/i1.wp.com\/www.interaccionnoticias.com.mx\/wp-content\/uploads\/2025\/11\/251130-Norma-Otilia-Hernandez-1-1024x683.jpg?ssl=1&w=240&resize=240&ssl=1 240w, https:\/\/i1.wp.com\/www.interaccionnoticias.com.mx\/wp-content\/uploads\/2025\/11\/251130-Norma-Otilia-Hernandez-1-1024x683.jpg?ssl=1&w=320&resize=320&ssl=1 320w, https:\/\/i1.wp.com\/www.interaccionnoticias.com.mx\/wp-content\/uploads\/2025\/11\/251130-Norma-Otilia-Hernandez-1-1024x683.jpg?ssl=1&w=500&resize=500&ssl=1 500w, https:\/\/i1.wp.com\/www.interaccionnoticias.com.mx\/wp-content\/uploads\/2025\/11\/251130-Norma-Otilia-Hernandez-1-1024x683.jpg?ssl=1&w=640&resize=640&ssl=1 640w, https:\/\/i1.wp.com\/www.interaccionnoticias.com.mx\/wp-content\/uploads\/2025\/11\/251130-Norma-Otilia-Hernandez-1-1024x683.jpg?ssl=1&w=800&resize=800&ssl=1 800w, https:\/\/i1.wp.com\/www.interaccionnoticias.com.mx\/wp-content\/uploads\/2025\/11\/251130-Norma-Otilia-Hernandez-1-1024x683.jpg?ssl=1&w=1024&resize=1024&ssl=1 1024w, https:\/\/i1.wp.com\/www.interaccionnoticias.com.mx\/wp-content\/uploads\/2025\/11\/251130-Norma-Otilia-Hernandez-1-1024x683.jpg?ssl=1&w=1280&resize=1280&ssl=1 1280w, https:\/\/i1.wp.com\/www.interaccionnoticias.com.mx\/wp-content\/uploads\/2025\/11\/251130-Norma-Otilia-Hernandez-1-1024x683.jpg?ssl=1&w=1600&resize=1600&ssl=1 1600w\" data-id=\"98765\" fifu-data-src=\"https:\/\/i1.wp.com\/www.interaccionnoticias.com.mx\/wp-content\/uploads\/2025\/11\/251130-Norma-Otilia-Hernandez-1-1024x683.jpg?ssl=1\" alt=\"\" class=\"wp-image-98765\"\/><\/figure>\n<\/figure>\n","protected":false},"excerpt":{"rendered":"<p>&#8212; Presenta este domingo \u201cLa Trampa Perfecta\u201d en la FIL Guadalajara y rompe el silencio sobre el video que marc\u00f3 su carrera Jes\u00fas Dorantes \/ Guadalajara \u2013 Chilpancingo La exalcaldesa&hellip; <\/p>\n","protected":false},"author":8,"featured_media":98767,"comment_status":"open","ping_status":"open","sticky":false,"template":"","format":"standard","meta":{"fifu_image_url":"https:\/\/www.interaccionnoticias.com.mx\/wp-content\/uploads\/2025\/11\/251130-Norma-Otilia-Hernandez-1.jpg","fifu_image_alt":"","footnotes":""},"categories":[21],"tags":[],"class_list":["post-98763","post","type-post","status-publish","format-standard","has-post-thumbnail","hentry","category-politica"],"_links":{"self":[{"href":"https:\/\/www.interaccionnoticias.com.mx\/index.php?rest_route=\/wp\/v2\/posts\/98763","targetHints":{"allow":["GET"]}}],"collection":[{"href":"https:\/\/www.interaccionnoticias.com.mx\/index.php?rest_route=\/wp\/v2\/posts"}],"about":[{"href":"https:\/\/www.interaccionnoticias.com.mx\/index.php?rest_route=\/wp\/v2\/types\/post"}],"author":[{"embeddable":true,"href":"https:\/\/www.interaccionnoticias.com.mx\/index.php?rest_route=\/wp\/v2\/users\/8"}],"replies":[{"embeddable":true,"href":"https:\/\/www.interaccionnoticias.com.mx\/index.php?rest_route=%2Fwp%2Fv2%2Fcomments&post=98763"}],"version-history":[{"count":1,"href":"https:\/\/www.interaccionnoticias.com.mx\/index.php?rest_route=\/wp\/v2\/posts\/98763\/revisions"}],"predecessor-version":[{"id":98766,"href":"https:\/\/www.interaccionnoticias.com.mx\/index.php?rest_route=\/wp\/v2\/posts\/98763\/revisions\/98766"}],"wp:featuredmedia":[{"embeddable":true,"href":"https:\/\/www.interaccionnoticias.com.mx\/index.php?rest_route=\/wp\/v2\/media\/98767"}],"wp:attachment":[{"href":"https:\/\/www.interaccionnoticias.com.mx\/index.php?rest_route=%2Fwp%2Fv2%2Fmedia&parent=98763"}],"wp:term":[{"taxonomy":"category","embeddable":true,"href":"https:\/\/www.interaccionnoticias.com.mx\/index.php?rest_route=%2Fwp%2Fv2%2Fcategories&post=98763"},{"taxonomy":"post_tag","embeddable":true,"href":"https:\/\/www.interaccionnoticias.com.mx\/index.php?rest_route=%2Fwp%2Fv2%2Ftags&post=98763"}],"curies":[{"name":"wp","href":"https:\/\/api.w.org\/{rel}","templated":true}]}}