{"id":98730,"date":"2025-11-27T16:54:00","date_gmt":"2025-11-27T23:54:00","guid":{"rendered":"https:\/\/www.interaccionnoticias.com.mx\/?p=98730"},"modified":"2025-11-27T18:06:10","modified_gmt":"2025-11-28T01:06:10","slug":"pri-guerrero-respalda-peticion-de-refuerzo-en-seguridad-para-chilpancingo","status":"publish","type":"post","link":"https:\/\/www.interaccionnoticias.com.mx\/?p=98730","title":{"rendered":"PRI-Guerrero respalda petici\u00f3n de refuerzo en seguridad para Chilpancingo"},"content":{"rendered":"\n<p><strong><em>&#8212; La dirigencia estatal y el Grupo Parlamentario se suman al llamado que el alcalde Gustavo Alarc\u00f3n hizo al secretario de Seguridad, Omar Garc\u00eda Harfuch<br>&#8212; Admiten que la realizaci\u00f3n de la Feria de Navidad y A\u00f1o Nuevo est\u00e1 en riesgo<\/em><\/strong><\/p>\n\n\n\n<p><strong>Rosario Garc\u00eda<\/strong><\/p>\n\n\n\n<p>La dirigencia estatal y el Grupo Parlamentario del PRI en el Congreso de Guerrero, respaldaron el llamado que el alcalde de Chilpancingo, Gustavo Alarc\u00f3n Herrera hizo al titular de Seguridad P\u00fablica del Gobierno Federal Omar Garc\u00eda Harfuch, en el sentido de reforzar el resguardo de la capital para garantizar el desarrollo de la Feria de Navidad y A\u00f1o Nuevo.<\/p>\n\n\n\n<p>En las instalaciones del Congreso local, Alejandro Bravo Abarca y Pilar Vadillo Ruiz, presidente y secretaria general del Comit\u00e9 Directivo Estatal (CDE) del PRI, calificaron como<\/p>\n\n\n\n<p>Triste y preocupante lo que pasa en torno a la edici\u00f3n de de la Feria de San Mateo, Navidad y A\u00f1o Nuevo, por tratarse de una celebraci\u00f3n sumamente ligada a las tradiciones de la regi\u00f3n Centro de la entidad.<\/p>\n\n\n\n<p>Bravo Abarca destac\u00f3: \u201cEs una feria estatal, a la que incluso de otros estados visitan, y s\u00ed, la demanda de tener seguridad planteada por el alcalde est\u00e1 justificada\u201d.<\/p>\n\n\n\n<p>Dijo que la percepci\u00f3n ciudadana es de \u201cuna gran inseguridad\u201d, por lo que se dijo confiado en que las autoridades federales \u201cescuchen\u201d, y que esta festividad se pueda realizar sin mayores sobresaltos.<\/p>\n\n\n\n<p>La secretaria general y tambi\u00e9n diputada, Pilar Vadillo Ruiz neg\u00f3 que el alcalde Alarc\u00f3n Herrera se haya acercado a su Grupo Parlamentario para tratar el tema, aunque reconoci\u00f3 que han sostenido reuniones pero se han tratado otros temas.<\/p>\n\n\n\n<p>Manifestaron que de manera recurrente, los diputados locales han estado denunciando de manera recurrente la complicada situaci\u00f3n que se vive en materia de inseguridad, no solo en Chilpancingo, sino de las diversas regiones del estado.<\/p>\n\n\n\n<p>\u201cLo hemos hecho en tribuna todos los diputados, han sido testigos de los posicionamientos que como comit\u00e9 directivo estatal del PRI, hemos venido haciendo\u201d, apunto.<\/p>\n\n\n\n<p>Anticiparo que este viernes 28 de noviembre, cuando comparezca ante comisiones el Secretario de Seguridad P\u00fablica estatal, Daniel Antonio Ledezma Ozuna, de manera inevitable se tendr\u00e1 que tratar el tema de la Feria de Navidad y A\u00f1o Nuevo, as\u00ed como las amenazas que personas desconocidas han dirigido en contra de los organizadores.<\/p>\n","protected":false},"excerpt":{"rendered":"<p>&#8212; La dirigencia estatal y el Grupo Parlamentario se suman al llamado que el alcalde Gustavo Alarc\u00f3n hizo al secretario de Seguridad, Omar Garc\u00eda Harfuch&#8212; Admiten que la realizaci\u00f3n de&hellip; <\/p>\n","protected":false},"author":14,"featured_media":98733,"comment_status":"open","ping_status":"open","sticky":false,"template":"","format":"standard","meta":{"fifu_image_url":"https:\/\/www.interaccionnoticias.com.mx\/wp-content\/uploads\/2025\/11\/251127-PRI-Guerrero.jpg","fifu_image_alt":"","footnotes":""},"categories":[21],"tags":[],"class_list":["post-98730","post","type-post","status-publish","format-standard","has-post-thumbnail","hentry","category-politica"],"_links":{"self":[{"href":"https:\/\/www.interaccionnoticias.com.mx\/index.php?rest_route=\/wp\/v2\/posts\/98730","targetHints":{"allow":["GET"]}}],"collection":[{"href":"https:\/\/www.interaccionnoticias.com.mx\/index.php?rest_route=\/wp\/v2\/posts"}],"about":[{"href":"https:\/\/www.interaccionnoticias.com.mx\/index.php?rest_route=\/wp\/v2\/types\/post"}],"author":[{"embeddable":true,"href":"https:\/\/www.interaccionnoticias.com.mx\/index.php?rest_route=\/wp\/v2\/users\/14"}],"replies":[{"embeddable":true,"href":"https:\/\/www.interaccionnoticias.com.mx\/index.php?rest_route=%2Fwp%2Fv2%2Fcomments&post=98730"}],"version-history":[{"count":1,"href":"https:\/\/www.interaccionnoticias.com.mx\/index.php?rest_route=\/wp\/v2\/posts\/98730\/revisions"}],"predecessor-version":[{"id":98732,"href":"https:\/\/www.interaccionnoticias.com.mx\/index.php?rest_route=\/wp\/v2\/posts\/98730\/revisions\/98732"}],"wp:featuredmedia":[{"embeddable":true,"href":"https:\/\/www.interaccionnoticias.com.mx\/index.php?rest_route=\/wp\/v2\/media\/98733"}],"wp:attachment":[{"href":"https:\/\/www.interaccionnoticias.com.mx\/index.php?rest_route=%2Fwp%2Fv2%2Fmedia&parent=98730"}],"wp:term":[{"taxonomy":"category","embeddable":true,"href":"https:\/\/www.interaccionnoticias.com.mx\/index.php?rest_route=%2Fwp%2Fv2%2Fcategories&post=98730"},{"taxonomy":"post_tag","embeddable":true,"href":"https:\/\/www.interaccionnoticias.com.mx\/index.php?rest_route=%2Fwp%2Fv2%2Ftags&post=98730"}],"curies":[{"name":"wp","href":"https:\/\/api.w.org\/{rel}","templated":true}]}}