{"id":98687,"date":"2025-11-27T10:26:56","date_gmt":"2025-11-27T17:26:56","guid":{"rendered":"https:\/\/www.interaccionnoticias.com.mx\/?p=98687"},"modified":"2025-11-27T10:28:47","modified_gmt":"2025-11-27T17:28:47","slug":"congreso-de-guerrero-guarda-un-minuto-de-silencia-en-memoria-de-antonio-jaimes-ex-alcalde-de-iguala","status":"publish","type":"post","link":"https:\/\/www.interaccionnoticias.com.mx\/?p=98687","title":{"rendered":"Congreso de Guerrero guarda un minuto de silencio en memoria de Antonio Jaimes, ex alcalde de Iguala"},"content":{"rendered":"\n<p><strong><em>&#8212; El tambi\u00e9n ex secretario de Salud muri\u00f3 la tarde del mi\u00e9rcoles 26 de noviembre<\/em><\/strong><\/p>\n\n\n\n<p><strong>Rogelio Agust\u00edn<\/strong><\/p>\n\n\n\n<p>El Congreso local guard\u00f3 un minuto de silencio en memoria de Antonio Jaimes Herrera, ex alcalde de Iguala y ex titular de la Secretar\u00eda de Salud en el Gobierno de Guerrero.<\/p>\n\n\n\n<p>El minuto de silencio fue puesto a consideraci\u00f3n por la Mesa Directiva en el incio de los trabajos legislativos que se van a desarrollar esta jornada de jueves.<\/p>\n\n\n\n<p>El pleno acept\u00f3, de tal suerte que los representantes populares se pusieron de pie, guardaron silencio de manera respetuosa y honraron la memoria del ex jefe de cabildo de la comunica igualteca.<\/p>\n\n\n\n<p>Jaimes Herrera fue presidente municipal de 2018 a 2021, fue impulsado por el Movimiento de Regeneraci\u00f3n Nacional (MORENA) aunque antes fue militante del PRD.<\/p>\n\n\n\n<p>Antes fue titular de la Secretar\u00eda de Salud, durante la administraci\u00f3n perredista de Carlos Zeferino Torreblanca Galindo, su deceso se confirm\u00f3 la noche del mi\u00e9rcoles 26 de noviembre.<\/p>\n","protected":false},"excerpt":{"rendered":"<p>&#8212; El tambi\u00e9n ex secretario de Salud muri\u00f3 la tarde del mi\u00e9rcoles 26 de noviembre Rogelio Agust\u00edn El Congreso local guard\u00f3 un minuto de silencio en memoria de Antonio Jaimes&hellip; <\/p>\n","protected":false},"author":21,"featured_media":98690,"comment_status":"open","ping_status":"open","sticky":false,"template":"","format":"standard","meta":{"fifu_image_url":"https:\/\/www.interaccionnoticias.com.mx\/wp-content\/uploads\/2025\/11\/251127-Congreso-de-Guerrero.jpg","fifu_image_alt":"","footnotes":""},"categories":[2],"tags":[],"class_list":["post-98687","post","type-post","status-publish","format-standard","has-post-thumbnail","hentry","category-congreso"],"_links":{"self":[{"href":"https:\/\/www.interaccionnoticias.com.mx\/index.php?rest_route=\/wp\/v2\/posts\/98687","targetHints":{"allow":["GET"]}}],"collection":[{"href":"https:\/\/www.interaccionnoticias.com.mx\/index.php?rest_route=\/wp\/v2\/posts"}],"about":[{"href":"https:\/\/www.interaccionnoticias.com.mx\/index.php?rest_route=\/wp\/v2\/types\/post"}],"author":[{"embeddable":true,"href":"https:\/\/www.interaccionnoticias.com.mx\/index.php?rest_route=\/wp\/v2\/users\/21"}],"replies":[{"embeddable":true,"href":"https:\/\/www.interaccionnoticias.com.mx\/index.php?rest_route=%2Fwp%2Fv2%2Fcomments&post=98687"}],"version-history":[{"count":2,"href":"https:\/\/www.interaccionnoticias.com.mx\/index.php?rest_route=\/wp\/v2\/posts\/98687\/revisions"}],"predecessor-version":[{"id":98692,"href":"https:\/\/www.interaccionnoticias.com.mx\/index.php?rest_route=\/wp\/v2\/posts\/98687\/revisions\/98692"}],"wp:featuredmedia":[{"embeddable":true,"href":"https:\/\/www.interaccionnoticias.com.mx\/index.php?rest_route=\/wp\/v2\/media\/98690"}],"wp:attachment":[{"href":"https:\/\/www.interaccionnoticias.com.mx\/index.php?rest_route=%2Fwp%2Fv2%2Fmedia&parent=98687"}],"wp:term":[{"taxonomy":"category","embeddable":true,"href":"https:\/\/www.interaccionnoticias.com.mx\/index.php?rest_route=%2Fwp%2Fv2%2Fcategories&post=98687"},{"taxonomy":"post_tag","embeddable":true,"href":"https:\/\/www.interaccionnoticias.com.mx\/index.php?rest_route=%2Fwp%2Fv2%2Ftags&post=98687"}],"curies":[{"name":"wp","href":"https:\/\/api.w.org\/{rel}","templated":true}]}}